{"id":6112,"date":"2026-09-04T06:54:18","date_gmt":"2026-09-04T06:54:18","guid":{"rendered":"https:\/\/stiri-faine.com\/?p=6112"},"modified":"2026-09-04T06:54:19","modified_gmt":"2026-09-04T06:54:19","slug":"anuntul-momentului-presedintele-nicusor-dan-vrea-sa-desemneze-premierul-pana-la-finalul","status":"publish","type":"post","link":"https:\/\/stiri-faine.com\/?p=6112","title":{"rendered":"Anun\u021bul momentului! Pre\u0219edintele Nicu\u0219or Dan vrea s\u0103 desemneze premierul p\u00e2n\u0103 la finalul\u2026"},"content":{"rendered":"\n<p class=\"wp-block-paragraph\">Pre\u0219edintele Nicu\u0219or Dan \u00eencearc\u0103 s\u0103 g\u0103seasc\u0103 o solu\u021bie pentru ie\u0219irea din actualul blocaj politic \u0219i ar putea anun\u021ba o nou\u0103 nominalizare pentru func\u021bia de prim-ministru p\u00e2n\u0103 la sf\u00e2r\u0219itul acestei s\u0103pt\u0103m\u00e2ni. Potrivit unor surse de la Palatul Cotroceni, desemnarea ar putea avea loc chiar s\u00e2mb\u0103t\u0103 sau duminic\u0103.<\/p>\n\n\n\n<p class=\"wp-block-paragraph\">Situa\u021bia r\u0103m\u00e2ne \u00eens\u0103 complicat\u0103, deoarece negocierile dintre partidele parlamentare nu au dus, p\u00e2n\u0103 \u00een acest moment, la formarea unei majorit\u0103\u021bi clare care s\u0103 poat\u0103 sus\u021bine viitorul Cabinet la votul de \u00eenvestitur\u0103.<\/p>\n\n\n\n<p class=\"wp-block-paragraph\">La Cotroceni sunt analizate mai multe formule politice, obiectivul fiind g\u0103sirea unui candidat care s\u0103 aib\u0103 \u0219anse reale s\u0103 ob\u021bin\u0103 sprijinul necesar \u00een Parlament.<\/p>\n\n\n\n<p class=\"wp-block-paragraph\">Varianta unui premier independent pierde teren<br>Scenariul \u00een care viitorul Guvern ar urma s\u0103 fie condus de un premier independent pare s\u0103 aib\u0103 \u00een prezent \u0219anse tot mai mici.<\/p>\n\n\n\n<p class=\"wp-block-paragraph\">O asemenea formul\u0103 fusese luat\u0103 \u00een calcul \u00een cazul constituirii unui Cabinet tehnocrat, \u00eens\u0103 discu\u021biile politice s-au orientat \u00eentre timp c\u0103tre un executiv format \u0219i sus\u021binut direct de partide.<\/p>\n\n\n\n<p class=\"wp-block-paragraph\">Una dintre variantele analizate presupune formarea unui Guvern PSD-UDMR, care s\u0103 beneficieze \u00een Parlament de voturile reprezentan\u021bilor minorit\u0103\u021bilor na\u021bionale, ale unor parlamentari PNL afla\u021bi \u00een conflict cu Ilie Bolojan, dar \u0219i ale unor grupuri parlamentare mai mici.<\/p>\n\n\n\n<p class=\"wp-block-paragraph\">O alt\u0103 formul\u0103 discutat\u0103 ar presupune participarea PSD \u0219i a unei p\u0103r\u021bi din PNL la viitorul Cabinet. \u00cen acest scenariu, UDMR, minorit\u0103\u021bile na\u021bionale \u0219i alte grupuri parlamentare ar putea asigura voturile suplimentare necesare pentru instalarea Guvernului.<\/p>\n\n\n\n<p class=\"wp-block-paragraph\">Deocamdat\u0103, niciuna dintre variante nu ar beneficia de o sus\u021binere suficient de clar\u0103 pentru a putea fi considerat\u0103 definitiv\u0103.<\/p>\n\n\n\n<p class=\"wp-block-paragraph\">Nicu\u0219or Dan a f\u0103cut deja dou\u0103 nominaliz\u0103ri<br>P\u00e2n\u0103 acum, pre\u0219edintele Nicu\u0219or Dan a f\u0103cut dou\u0103 desemn\u0103ri pentru func\u021bia de prim-ministru, \u00eens\u0103 niciuna nu s-a concretizat prin instalarea unui nou Cabinet.<\/p>\n\n\n\n<p class=\"wp-block-paragraph\">Prima nominalizare a fost Eugen Tomac, consilier preziden\u021bial, care \u0219i-a retras candidatura \u00eenainte ca aceasta s\u0103 ajung\u0103 la vot \u00een Parlament.<\/p>\n\n\n\n<p class=\"wp-block-paragraph\">Ulterior, \u0219eful statului l-a desemnat pe liberalul Adrian Ve\u0219tea. Acesta nu a reu\u0219it \u00eens\u0103 s\u0103 ob\u021bin\u0103 num\u0103rul necesar de voturi pentru \u00eenvestirea Guvernului.<\/p>\n\n\n\n<p class=\"wp-block-paragraph\">\u00cen aceste condi\u021bii, presiunea asupra Palatului Cotroceni este tot mai mare pentru identificarea unei formule capabile s\u0103 deblocheze situa\u021bia politic\u0103.<\/p>\n\n\n\n<p class=\"wp-block-paragraph\">Potrivit surselor citate, discu\u021biile vor continua \u00een urm\u0103toarele zile, iar pre\u0219edintele \u00eencearc\u0103 s\u0103 fac\u0103 o nou\u0103 desemnare p\u00e2n\u0103 la finalul weekendului. Elementul decisiv r\u0103m\u00e2ne \u00eens\u0103 g\u0103sirea unei majorit\u0103\u021bi parlamentare care s\u0103 ofere viitorului premier suficiente voturi pentru instalarea noului Guvern.<\/p>\n","protected":false},"excerpt":{"rendered":"<p>Pre\u0219edintele Nicu\u0219or Dan \u00eencearc\u0103 s\u0103 g\u0103seasc\u0103 o solu\u021bie pentru ie\u0219irea din actualul blocaj politic \u0219i ar putea anun\u021ba o nou\u0103 nominalizare pentru func\u021bia de prim-ministru p\u00e2n\u0103 la sf\u00e2r\u0219itul acestei s\u0103pt\u0103m\u00e2ni. Potrivit unor surse de la Palatul Cotroceni, desemnarea ar putea avea loc chiar s\u00e2mb\u0103t\u0103 sau duminic\u0103. Situa\u021bia r\u0103m\u00e2ne \u00eens\u0103 complicat\u0103, deoarece negocierile dintre partidele parlamentare &#8230; <a title=\"Anun\u021bul momentului! Pre\u0219edintele Nicu\u0219or Dan vrea s\u0103 desemneze premierul p\u00e2n\u0103 la finalul\u2026\" class=\"read-more\" href=\"https:\/\/stiri-faine.com\/?p=6112\" aria-label=\"Read more about Anun\u021bul momentului! Pre\u0219edintele Nicu\u0219or Dan vrea s\u0103 desemneze premierul p\u00e2n\u0103 la finalul\u2026\">Read more<\/a><\/p>\n","protected":false},"author":1,"featured_media":0,"comment_status":"open","ping_status":"open","sticky":false,"template":"","format":"standard","meta":{"footnotes":""},"categories":[1],"tags":[],"class_list":["post-6112","post","type-post","status-publish","format-standard","hentry","category-uncategorized"],"_links":{"self":[{"href":"https:\/\/stiri-faine.com\/index.php?rest_route=\/wp\/v2\/posts\/6112","targetHints":{"allow":["GET"]}}],"collection":[{"href":"https:\/\/stiri-faine.com\/index.php?rest_route=\/wp\/v2\/posts"}],"about":[{"href":"https:\/\/stiri-faine.com\/index.php?rest_route=\/wp\/v2\/types\/post"}],"author":[{"embeddable":true,"href":"https:\/\/stiri-faine.com\/index.php?rest_route=\/wp\/v2\/users\/1"}],"replies":[{"embeddable":true,"href":"https:\/\/stiri-faine.com\/index.php?rest_route=%2Fwp%2Fv2%2Fcomments&post=6112"}],"version-history":[{"count":1,"href":"https:\/\/stiri-faine.com\/index.php?rest_route=\/wp\/v2\/posts\/6112\/revisions"}],"predecessor-version":[{"id":6113,"href":"https:\/\/stiri-faine.com\/index.php?rest_route=\/wp\/v2\/posts\/6112\/revisions\/6113"}],"wp:attachment":[{"href":"https:\/\/stiri-faine.com\/index.php?rest_route=%2Fwp%2Fv2%2Fmedia&parent=6112"}],"wp:term":[{"taxonomy":"category","embeddable":true,"href":"https:\/\/stiri-faine.com\/index.php?rest_route=%2Fwp%2Fv2%2Fcategories&post=6112"},{"taxonomy":"post_tag","embeddable":true,"href":"https:\/\/stiri-faine.com\/index.php?rest_route=%2Fwp%2Fv2%2Ftags&post=6112"}],"curies":[{"name":"wp","href":"https:\/\/api.w.org\/{rel}","templated":true}]}}