{"id":6110,"date":"2026-09-04T06:53:59","date_gmt":"2026-09-04T06:53:59","guid":{"rendered":"https:\/\/stiri-faine.com\/?p=6110"},"modified":"2026-09-04T06:54:00","modified_gmt":"2026-09-04T06:54:00","slug":"bomba-in-politica-clotilde-armand-condamnata-la-inchisoare","status":"publish","type":"post","link":"https:\/\/stiri-faine.com\/?p=6110","title":{"rendered":"BOMB\u0102 \u00een politic\u0103! Clotilde Armand, condamnat\u0103 la \u00eenchisoare\u2026"},"content":{"rendered":"\n<p class=\"wp-block-paragraph\">Clotilde Armand, fost primar al Sectorului 1 \u0219i vicepre\u0219edinte USR, a fost condamnat\u0103 de Judec\u0103toria Sectorului 1 la un an de \u00eenchisoare \u00een dosarul privind conflictul de interese. Instan\u021ba a dispus \u00eens\u0103 am\u00e2narea aplic\u0103rii pedepsei, iar hot\u0103r\u00e2rea nu este definitiv\u0103 \u0219i poate fi atacat\u0103 cu apel.<\/p>\n\n\n\n<p class=\"wp-block-paragraph\">Dosarul vizeaz\u0103 acuza\u021bia de folosire a func\u021biei pentru favorizarea unor persoane, \u00een form\u0103 continuat\u0103, \u00een leg\u0103tur\u0103 cu un proiect \u00een care Clotilde Armand s-ar fi desemnat singur\u0103 manager.<\/p>\n\n\n\n<p class=\"wp-block-paragraph\">Clotilde Armand anun\u021b\u0103 c\u0103 va face apel<br>Dup\u0103 pronun\u021barea hot\u0103r\u00e2rii, Clotilde Armand a transmis c\u0103 va contesta decizia \u0219i a insistat asupra faptului c\u0103 nu este vorba despre executarea efectiv\u0103 a unei pedepse cu \u00eenchisoarea.<\/p>\n\n\n\n<p class=\"wp-block-paragraph\">Ea a precizat c\u0103 instan\u021ba a stabilit o pedeaps\u0103 de un an, dar a dispus am\u00e2narea aplic\u0103rii acesteia.<\/p>\n\n\n\n<p class=\"wp-block-paragraph\">\u201eHot\u0103r\u00e2rea nu este definitiv\u0103. O vom ataca \u00een apel\u201d, a transmis fostul edil.<\/p>\n\n\n\n<p class=\"wp-block-paragraph\">Armand sus\u021bine c\u0103 a ac\u021bionat legal, cu bun\u0103-credin\u021b\u0103 \u0219i f\u0103r\u0103 inten\u021bia de a ob\u021bine un folos necuvenit.<\/p>\n\n\n\n<p class=\"wp-block-paragraph\">Fostul primar acuz\u0103 o miz\u0103 politic\u0103<br>\u00cen mesajul publicat dup\u0103 decizie, Clotilde Armand a sus\u021binut c\u0103 dosarul ar fi fost folosit \u00eempotriva sa \u00een scop politic.<\/p>\n\n\n\n<p class=\"wp-block-paragraph\">Aceasta a criticat modul \u00een care adversarii s\u0103i politici au prezentat situa\u021bia \u00eenainte de existen\u021ba unei hot\u0103r\u00e2ri definitive \u0219i a afirmat c\u0103 \u00ee\u0219i va continua activitatea politic\u0103.<\/p>\n\n\n\n<p class=\"wp-block-paragraph\">\u201eAm fost declarat\u0103 \u00abpenal\u0103\u00bb de adversarii mei \u00eenainte s\u0103 existe o hot\u0103r\u00e2re definitiv\u0103\u201d, a transmis aceasta.<\/p>\n\n\n\n<p class=\"wp-block-paragraph\">Armand a ridicat \u0219i mai multe semne de \u00eentrebare privind parcursul dosarului, sus\u021bin\u00e2nd c\u0103 au existat schimb\u0103ri de procurori \u0219i de complet de judecat\u0103. Aceste afirma\u021bii reprezint\u0103 pozi\u021bia sa \u0219i nu echivaleaz\u0103 cu o constatare judiciar\u0103 privind existen\u021ba unor nereguli.<\/p>\n\n\n\n<p class=\"wp-block-paragraph\">Spune c\u0103 nu are interdic\u021bie de a candida<br>Clotilde Armand a precizat c\u0103, \u00een baza hot\u0103r\u00e2rii pronun\u021bate, nu are \u00een prezent o interdic\u021bie privind dreptul de a fi aleas\u0103 sau de a candida.<\/p>\n\n\n\n<p class=\"wp-block-paragraph\">Ea a anun\u021bat c\u0103 \u00ee\u0219i va continua activitatea politic\u0103 \u0219i c\u0103 va ataca sentin\u021ba \u00een apel.<\/p>\n\n\n\n<p class=\"wp-block-paragraph\">Decizia Judec\u0103toriei Sectorului 1 nu este definitiv\u0103, astfel c\u0103 situa\u021bia juridic\u0103 se poate schimba dup\u0103 solu\u021bionarea c\u0103ii de atac.<\/p>\n\n\n\n<p class=\"wp-block-paragraph\">De la ce a pornit dosarul<br>Clotilde Armand a fost trimis\u0103 \u00een judecat\u0103 \u00een aprilie 2024, \u00eentr-un dosar legat de un proiect pentru care, potrivit acuza\u021biilor procurorilor, s-ar fi desemnat singur\u0103 manager.<\/p>\n\n\n\n<p class=\"wp-block-paragraph\">Anchetatorii au sus\u021binut c\u0103, \u00een urma unor dispozi\u021bii emise de aceasta, ar fi ob\u021binut venituri brute suplimentare de peste 18.000 de lei lunar.<\/p>\n\n\n\n<p class=\"wp-block-paragraph\">Clotilde Armand a respins acuza\u021biile \u0219i a sus\u021binut constant c\u0103 a ac\u021bionat legal.<\/p>\n\n\n\n<p class=\"wp-block-paragraph\">P\u00e2n\u0103 la r\u0103m\u00e2nerea definitiv\u0103 a unei hot\u0103r\u00e2ri, Clotilde Armand beneficiaz\u0103 de prezum\u021bia de nevinov\u0103\u021bie, iar verdictul pronun\u021bat \u00een prim\u0103 instan\u021b\u0103 poate fi modificat sau desfiin\u021bat \u00een apel.<\/p>\n","protected":false},"excerpt":{"rendered":"<p>Clotilde Armand, fost primar al Sectorului 1 \u0219i vicepre\u0219edinte USR, a fost condamnat\u0103 de Judec\u0103toria Sectorului 1 la un an de \u00eenchisoare \u00een dosarul privind conflictul de interese. Instan\u021ba a dispus \u00eens\u0103 am\u00e2narea aplic\u0103rii pedepsei, iar hot\u0103r\u00e2rea nu este definitiv\u0103 \u0219i poate fi atacat\u0103 cu apel. Dosarul vizeaz\u0103 acuza\u021bia de folosire a func\u021biei pentru favorizarea &#8230; <a title=\"BOMB\u0102 \u00een politic\u0103! Clotilde Armand, condamnat\u0103 la \u00eenchisoare\u2026\" class=\"read-more\" href=\"https:\/\/stiri-faine.com\/?p=6110\" aria-label=\"Read more about BOMB\u0102 \u00een politic\u0103! Clotilde Armand, condamnat\u0103 la \u00eenchisoare\u2026\">Read more<\/a><\/p>\n","protected":false},"author":1,"featured_media":0,"comment_status":"open","ping_status":"open","sticky":false,"template":"","format":"standard","meta":{"footnotes":""},"categories":[1],"tags":[],"class_list":["post-6110","post","type-post","status-publish","format-standard","hentry","category-uncategorized"],"_links":{"self":[{"href":"https:\/\/stiri-faine.com\/index.php?rest_route=\/wp\/v2\/posts\/6110","targetHints":{"allow":["GET"]}}],"collection":[{"href":"https:\/\/stiri-faine.com\/index.php?rest_route=\/wp\/v2\/posts"}],"about":[{"href":"https:\/\/stiri-faine.com\/index.php?rest_route=\/wp\/v2\/types\/post"}],"author":[{"embeddable":true,"href":"https:\/\/stiri-faine.com\/index.php?rest_route=\/wp\/v2\/users\/1"}],"replies":[{"embeddable":true,"href":"https:\/\/stiri-faine.com\/index.php?rest_route=%2Fwp%2Fv2%2Fcomments&post=6110"}],"version-history":[{"count":1,"href":"https:\/\/stiri-faine.com\/index.php?rest_route=\/wp\/v2\/posts\/6110\/revisions"}],"predecessor-version":[{"id":6111,"href":"https:\/\/stiri-faine.com\/index.php?rest_route=\/wp\/v2\/posts\/6110\/revisions\/6111"}],"wp:attachment":[{"href":"https:\/\/stiri-faine.com\/index.php?rest_route=%2Fwp%2Fv2%2Fmedia&parent=6110"}],"wp:term":[{"taxonomy":"category","embeddable":true,"href":"https:\/\/stiri-faine.com\/index.php?rest_route=%2Fwp%2Fv2%2Fcategories&post=6110"},{"taxonomy":"post_tag","embeddable":true,"href":"https:\/\/stiri-faine.com\/index.php?rest_route=%2Fwp%2Fv2%2Ftags&post=6110"}],"curies":[{"name":"wp","href":"https:\/\/api.w.org\/{rel}","templated":true}]}}