{"id":6108,"date":"2026-09-04T06:52:39","date_gmt":"2026-09-04T06:52:39","guid":{"rendered":"https:\/\/stiri-faine.com\/?p=6108"},"modified":"2026-09-04T06:52:39","modified_gmt":"2026-09-04T06:52:39","slug":"tanczos-barna-nu-exclude-un-guvern-psd-aur-dar-avertizeaza-e-imposibil-sa-acceptam","status":"publish","type":"post","link":"https:\/\/stiri-faine.com\/?p=6108","title":{"rendered":"Tanczos Barna NU exclude un guvern PSD-AUR, dar avertizeaz\u0103: \u201eE imposibil s\u0103 accept\u0103m\u2026\u201d"},"content":{"rendered":"\n<p class=\"wp-block-paragraph\">Vicepremierul \u0219i ministrul interimar al Agriculturii, Tanczos Barna, a declarat miercuri sear\u0103 c\u0103 UDMR exclude categoric posibilitatea de a face parte dintr-o majoritate parlamentar\u0103 al\u0103turi de AUR. \u00cen schimb, forma\u021biunea maghiar\u0103 ar fi dispus\u0103 s\u0103 analizeze aproape orice alt\u0103 formul\u0103 politic\u0103 ce ar putea duce la instalarea unui nou guvern.<\/p>\n\n\n\n<p class=\"wp-block-paragraph\">Tanczos Barna a afirmat c\u0103, \u00een opinia sa, apropierea dintre PSD \u0219i AUR devine tot mai vizibil\u0103 \u0219i nu a exclus posibilitatea ca cele dou\u0103 partide s\u0103 ajung\u0103 chiar la formarea unui guvern comun.<\/p>\n\n\n\n<p class=\"wp-block-paragraph\">Tanczos Barna vede tot mai posibil\u0103 varianta PSD-AUR<br>Reprezentantul UDMR a sus\u021binut c\u0103 \u00eentre PSD \u0219i AUR au existat deja negocieri concrete \u00een Parlament, inclusiv \u00een perioada \u00een care s-a \u00eencercat \u00eenvestirea Guvernului Ve\u0219tea.<\/p>\n\n\n\n<p class=\"wp-block-paragraph\">Potrivit acestuia, evolu\u021bia rela\u021biei dintre cele dou\u0103 forma\u021biuni ar putea duce de la negocieri punctuale la o alian\u021b\u0103 formal\u0103.<\/p>\n\n\n\n<p class=\"wp-block-paragraph\">\u201eNu exclud s\u0103 duc\u0103 c\u0103tre un guvern PSD-AUR, pentru c\u0103 dac\u0103 asta este linia pe care se merge, probabil se ajunge acolo\u201d, a declarat Tanczos Barna.<\/p>\n\n\n\n<p class=\"wp-block-paragraph\">Vicepremierul interimar a precizat \u00eens\u0103 c\u0103 pentru UDMR aceasta ar reprezenta cea mai dificil\u0103 variant\u0103 posibil\u0103 \u0219i a afirmat c\u0103 o asemenea majoritate nu poate fi acceptat\u0103.<\/p>\n\n\n\n<p class=\"wp-block-paragraph\">\u00cen schimb, acesta consider\u0103 c\u0103 ar putea exista formule precum PNL-PSD, PSD-USR sau alte combina\u021bii \u00eentre forma\u021biunile parlamentare.<\/p>\n\n\n\n<p class=\"wp-block-paragraph\">UDMR exclude \u0219i varianta desprinderii unui grup din AUR<br>Tanczos Barna a respins \u0219i scenariul \u00een care o parte dintre parlamentarii AUR s-ar desprinde de partid pentru a sus\u021bine un nou guvern.<\/p>\n\n\n\n<p class=\"wp-block-paragraph\">El a explicat c\u0103 UDMR nu ar avea \u00eencredere \u00eentr-un grup care ar putea reveni ulterior \u00een AUR \u0219i a folosit expresia potrivit c\u0103reia \u201elupul \u00ee\u0219i schimb\u0103 p\u0103rul, dar n\u0103ravul ba\u201d.<\/p>\n\n\n\n<p class=\"wp-block-paragraph\">Reprezentantul UDMR a subliniat c\u0103 primul pas este desemnarea unui candidat pentru func\u021bia de premier, astfel \u00eenc\u00e2t partidele s\u0103 poat\u0103 analiza concret \u00een jurul cui se poate construi o majoritate.<\/p>\n\n\n\n<p class=\"wp-block-paragraph\">UDMR ar putea vota inclusiv un guvern minoritar PSD<br>Tanczos Barna nu a exclus sus\u021binerea unui guvern minoritar condus de PSD, cu condi\u021bia ca AUR s\u0103 nu fac\u0103 parte din majoritatea care \u00eel instaleaz\u0103.<\/p>\n\n\n\n<p class=\"wp-block-paragraph\">Acesta a precizat c\u0103 UDMR nu se teme nici de varianta intr\u0103rii \u00een opozi\u021bie, \u00eens\u0103 consider\u0103 c\u0103 prioritatea momentului este ie\u0219irea din actuala situa\u021bie de guvern interimar.<\/p>\n\n\n\n<p class=\"wp-block-paragraph\">Printre variantele discutate se afl\u0103 \u0219i desemnarea unui premier tehnocrat, dar \u0219i scenariul Siegfried Mure\u0219an.<\/p>\n\n\n\n<p class=\"wp-block-paragraph\">\u201eSunt foarte mul\u021bi \u00een PSD care sus\u021bin colaborarea cu AUR\u201d<br>Tanczos Barna a mai sus\u021binut c\u0103 \u00een interiorul PSD exist\u0103 numero\u0219i parlamentari \u0219i lideri care consider\u0103 c\u0103 o colaborare cu AUR ar putea fi singura solu\u021bie politic\u0103 disponibil\u0103.<\/p>\n\n\n\n<p class=\"wp-block-paragraph\">\u00cen acela\u0219i timp, al\u021bi reprezentan\u021bi social-democra\u021bi ar vedea o asemenea alian\u021b\u0103 drept periculoas\u0103 pentru PSD.<\/p>\n\n\n\n<p class=\"wp-block-paragraph\">Declara\u021biile vin \u00een contextul \u00een care Sorin Grindeanu a anun\u021bat c\u0103 este preg\u0103tit s\u0103 \u00ee\u0219i asume guvernarea \u0219i inclusiv func\u021bia de premier. PSD analizeaz\u0103 at\u00e2t varianta unui guvern minoritar, c\u00e2t \u0219i posibilitatea unui Executiv construit \u00een jurul partidului.<\/p>\n","protected":false},"excerpt":{"rendered":"<p>Vicepremierul \u0219i ministrul interimar al Agriculturii, Tanczos Barna, a declarat miercuri sear\u0103 c\u0103 UDMR exclude categoric posibilitatea de a face parte dintr-o majoritate parlamentar\u0103 al\u0103turi de AUR. \u00cen schimb, forma\u021biunea maghiar\u0103 ar fi dispus\u0103 s\u0103 analizeze aproape orice alt\u0103 formul\u0103 politic\u0103 ce ar putea duce la instalarea unui nou guvern. Tanczos Barna a afirmat c\u0103, &#8230; <a title=\"Tanczos Barna NU exclude un guvern PSD-AUR, dar avertizeaz\u0103: \u201eE imposibil s\u0103 accept\u0103m\u2026\u201d\" class=\"read-more\" href=\"https:\/\/stiri-faine.com\/?p=6108\" aria-label=\"Read more about Tanczos Barna NU exclude un guvern PSD-AUR, dar avertizeaz\u0103: \u201eE imposibil s\u0103 accept\u0103m\u2026\u201d\">Read more<\/a><\/p>\n","protected":false},"author":1,"featured_media":0,"comment_status":"open","ping_status":"open","sticky":false,"template":"","format":"standard","meta":{"footnotes":""},"categories":[1],"tags":[],"class_list":["post-6108","post","type-post","status-publish","format-standard","hentry","category-uncategorized"],"_links":{"self":[{"href":"https:\/\/stiri-faine.com\/index.php?rest_route=\/wp\/v2\/posts\/6108","targetHints":{"allow":["GET"]}}],"collection":[{"href":"https:\/\/stiri-faine.com\/index.php?rest_route=\/wp\/v2\/posts"}],"about":[{"href":"https:\/\/stiri-faine.com\/index.php?rest_route=\/wp\/v2\/types\/post"}],"author":[{"embeddable":true,"href":"https:\/\/stiri-faine.com\/index.php?rest_route=\/wp\/v2\/users\/1"}],"replies":[{"embeddable":true,"href":"https:\/\/stiri-faine.com\/index.php?rest_route=%2Fwp%2Fv2%2Fcomments&post=6108"}],"version-history":[{"count":1,"href":"https:\/\/stiri-faine.com\/index.php?rest_route=\/wp\/v2\/posts\/6108\/revisions"}],"predecessor-version":[{"id":6109,"href":"https:\/\/stiri-faine.com\/index.php?rest_route=\/wp\/v2\/posts\/6108\/revisions\/6109"}],"wp:attachment":[{"href":"https:\/\/stiri-faine.com\/index.php?rest_route=%2Fwp%2Fv2%2Fmedia&parent=6108"}],"wp:term":[{"taxonomy":"category","embeddable":true,"href":"https:\/\/stiri-faine.com\/index.php?rest_route=%2Fwp%2Fv2%2Fcategories&post=6108"},{"taxonomy":"post_tag","embeddable":true,"href":"https:\/\/stiri-faine.com\/index.php?rest_route=%2Fwp%2Fv2%2Ftags&post=6108"}],"curies":[{"name":"wp","href":"https:\/\/api.w.org\/{rel}","templated":true}]}}