{"id":6106,"date":"2026-09-04T06:11:47","date_gmt":"2026-09-04T06:11:47","guid":{"rendered":"https:\/\/stiri-faine.com\/?p=6106"},"modified":"2026-09-04T06:11:47","modified_gmt":"2026-09-04T06:11:47","slug":"da-e-adevarat-calin-georgescu-a-vezi-mai-mult-2","status":"publish","type":"post","link":"https:\/\/stiri-faine.com\/?p=6106","title":{"rendered":"Da, e adev\u00e3rat! C\u00e3lin Georgescu a\u2026 Vezi mai mult"},"content":{"rendered":"<p>C\u0103lin Georgescu, fost candidat la alegerile preziden\u021biale, a participat s\u00e2mb\u0103t\u0103, 29 august, la t\u00e2rgul produc\u0103torilor locali organizat la Cisn\u0103die, \u00een jude\u021bul Sibiu. \u00cen fa\u021ba celor prezen\u021bi, acesta a sus\u021binut un discurs \u00een care a pus accentul pe sprijinirea agriculturii rom\u00e2ne\u0219ti, cump\u0103rarea produselor direct de la fermieri \u0219i reducerea rolului intermediarilor \u00een lan\u021bul comercial.<\/p>\n<p>Prezen\u021ba sa a atras aten\u021bia participan\u021bilor, iar o parte dintre oamenii veni\u021bi la eveniment l-au \u00eent\u00e2mpinat cu aplauze \u0219i scand\u0103ri.<\/p>\n<p>\u00cen momentul apari\u021biei sale la t\u00e2rg, fostul candidat la alegerile preziden\u021biale a fost ova\u021bionat de o parte dintre participan\u021bi.<\/p>\n<p>\u201eC\u0103lin Georgescu, pre\u0219edinte! C\u0103lin Georgescu, pre\u0219edinte!\u201d, au scandat oamenii prezen\u021bi la eveniment.<\/p>\n<p>Ulterior, Georgescu a vorbit despre problemele cu care se confrunt\u0103 produc\u0103torii locali \u0219i despre diferen\u021ba dintre pre\u021bul primit de fermier pentru produsele sale \u0219i suma achitat\u0103 \u00een cele din urm\u0103 de consumator.<\/p>\n<p>\u00cen opinia sa, existen\u021ba unui num\u0103r mare de intermediari contribuie la cre\u0219terea pre\u021burilor \u0219i reduce c\u00e2\u0219tigurile celor care produc efectiv alimentele.<\/p>\n<p>O parte important\u0103 a discursului a fost dedicat\u0103 produselor agricole care nu ajung la consumatori \u0219i risc\u0103 s\u0103 fie irosite.<\/p>\n<p>C\u0103lin Georgescu a sus\u021binut c\u0103 trebuie create mecanisme prin care produsele s\u0103 ajung\u0103 mai u\u0219or de la fermieri direct pe mesele rom\u00e2nilor.<\/p>\n<p>\u201eNoi \u00eei cerem lui Dumnezeu p\u00e2inea cea de toate zilele\u2026 C\u00e2teodat\u0103, c\u00e2nd suntem sup\u0103ra\u021bi, arunc\u0103m roadele p\u0103m\u00e2ntului sau le l\u0103s\u0103m s\u0103 putrezeasc\u0103, \u00een loc s\u0103 le deschidem drum de la produc\u0103tor la masa rom\u00e2nului\u201d, a declarat acesta.<\/p>\n<p>Fostul candidat la preziden\u021biale a combinat mesajul economic cu referiri la tradi\u021biile satului rom\u00e2nesc \u0219i la leg\u0103tura dintre agricultur\u0103 \u0219i comunit\u0103\u021bile rurale.<\/p>\n<p>\u201eNu uita\u021bi, prin roadele p\u0103m\u00e2ntului, \u021b\u0103ranul rom\u00e2n vorbe\u0219te cu Dumnezeu\u201d, a afirmat Georgescu.<\/p>\n<p>\u00cen discursul sus\u021binut la Cisn\u0103die, Georgescu a criticat situa\u021biile \u00een care intermediarii ajung s\u0103 aib\u0103 o influen\u021b\u0103 important\u0103 asupra pre\u021burilor.<\/p>\n<p>Potrivit acestuia, produc\u0103torul ar trebui s\u0103 beneficieze \u00eentr-o m\u0103sur\u0103 mai mare de pe urma propriei munci, \u00een timp ce consumatorii ar trebui s\u0103 aib\u0103 acces la produse locale la pre\u021buri mai avantajoase.<\/p>\n<p>\u201eC\u00e2nd pia\u021ba devine mo\u0219ia samsarului sau intermediarului, atunci pre\u021bul p\u00e2inii ajunge s\u0103 fie o insult\u0103 adus\u0103 palmelor b\u0103t\u0103torite\u201d, a spus C\u0103lin Georgescu.<\/p>\n<p>Acesta a prezentat cump\u0103rarea direct\u0103 de la produc\u0103tor drept o solu\u021bie prin care at\u00e2t fermierul, c\u00e2t \u0219i consumatorul ar putea avea de c\u00e2\u0219tigat.<\/p>\n<p>\u201eProduc\u0103torul c\u00e2\u0219tig\u0103, familia cump\u0103r\u0103 ieftin, gustos \u0219i s\u0103n\u0103tos, banul r\u0103m\u00e2ne \u00een Rom\u00e2nia \u0219i hr\u0103ne\u0219te economia rom\u00e2neasc\u0103, comunitatea se \u00eent\u0103re\u0219te\u201d, a continuat fostul candidat.<\/p>\n<p>C\u0103lin Georgescu a abordat \u0219i problema achizi\u021biilor realizate de institu\u021biile publice.<\/p>\n<p>El consider\u0103 c\u0103 statul ar trebui s\u0103 creeze condi\u021biile necesare pentru ca produsele fermierilor rom\u00e2ni s\u0103 ajung\u0103 \u00eentr-o propor\u021bie mai mare \u00een \u0219coli, spitale, c\u0103mine pentru v\u00e2rstnici \u0219i cantine publice.<\/p>\n<p>O asemenea abordare ar putea, \u00een viziunea prezentat\u0103 de Georgescu, s\u0103 ofere produc\u0103torilor locali o pia\u021b\u0103 mai stabil\u0103 \u0219i s\u0103 p\u0103streze o parte mai mare din valoarea economic\u0103 \u00een comunit\u0103\u021bile din Rom\u00e2nia.<\/p>\n<p>Mesajul s\u0103u s-a concentrat astfel pe scurtarea distan\u021bei dintre produc\u0103tor \u0219i consumator \u0219i pe cre\u0219terea rolului agriculturii locale.<\/p>\n<p>Un alt subiect abordat a fost situa\u021bia cresc\u0103torilor de oi \u0219i dificult\u0103\u021bile care pot ap\u0103rea atunci c\u00e2nd exporturile de animale vii sunt blocate.<\/p>\n<p>Georgescu a legat aceast\u0103 activitate nu numai de economie, ci \u0219i de tradi\u021biile \u0219i identitatea comunit\u0103\u021bilor rurale.<\/p>\n<p>\u201eAtunci c\u00e2nd exportul de miei \u0219i de oi vii este blocat, s\u0103 \u0219ti\u021bi c\u0103 nu r\u0103m\u00e2nem doar f\u0103r\u0103 ciobani, pierdem o parte din \u021bar\u0103, nu pierdem doar oile\u201d, a declarat acesta.<\/p>\n<p>\u00cen continuarea discursului, fostul candidat a f\u0103cut referire la opere \u0219i simboluri cunoscute ale culturii rom\u00e2ne.<\/p>\n<p>\u201eAsta avem de salvat, istoria noastr\u0103 milenar\u0103, Miori\u021ba, Curtea de Arge\u0219, Baltagul\u201d, a mai spus C\u0103lin Georgescu.<\/p>\n<p>Participarea lui C\u0103lin Georgescu la t\u00e2rgul din jude\u021bul Sibiu s-a transformat astfel \u00eentr-o ocazie pentru transmiterea unui mesaj axat \u00een principal pe produc\u021bia local\u0103, agricultur\u0103 \u0219i protejarea comunit\u0103\u021bilor rurale.<\/p>\n<p>Fostul candidat la alegerile preziden\u021biale a insistat asupra ideii c\u0103 produc\u0103torii trebuie s\u0103 aib\u0103 acces mai u\u0219or la consumatori, iar institu\u021biile publice ar trebui s\u0103 contribuie la crearea unei pie\u021be mai stabile pentru produsele provenite din agricultura rom\u00e2neasc\u0103.<\/p>\n","protected":false},"excerpt":{"rendered":"<p>C\u0103lin Georgescu, fost candidat la alegerile preziden\u021biale, a participat s\u00e2mb\u0103t\u0103, 29 august, la t\u00e2rgul produc\u0103torilor locali organizat la Cisn\u0103die, \u00een jude\u021bul Sibiu. \u00cen fa\u021ba celor prezen\u021bi, acesta a sus\u021binut un discurs \u00een care a pus accentul pe sprijinirea agriculturii rom\u00e2ne\u0219ti, cump\u0103rarea produselor direct de la fermieri \u0219i reducerea rolului intermediarilor \u00een lan\u021bul comercial. Prezen\u021ba sa &#8230; <a title=\"Da, e adev\u00e3rat! C\u00e3lin Georgescu a\u2026 Vezi mai mult\" class=\"read-more\" href=\"https:\/\/stiri-faine.com\/?p=6106\" aria-label=\"Read more about Da, e adev\u00e3rat! C\u00e3lin Georgescu a\u2026 Vezi mai mult\">Read more<\/a><\/p>\n","protected":false},"author":1,"featured_media":0,"comment_status":"open","ping_status":"open","sticky":false,"template":"","format":"standard","meta":{"footnotes":""},"categories":[1],"tags":[],"class_list":["post-6106","post","type-post","status-publish","format-standard","hentry","category-uncategorized"],"_links":{"self":[{"href":"https:\/\/stiri-faine.com\/index.php?rest_route=\/wp\/v2\/posts\/6106","targetHints":{"allow":["GET"]}}],"collection":[{"href":"https:\/\/stiri-faine.com\/index.php?rest_route=\/wp\/v2\/posts"}],"about":[{"href":"https:\/\/stiri-faine.com\/index.php?rest_route=\/wp\/v2\/types\/post"}],"author":[{"embeddable":true,"href":"https:\/\/stiri-faine.com\/index.php?rest_route=\/wp\/v2\/users\/1"}],"replies":[{"embeddable":true,"href":"https:\/\/stiri-faine.com\/index.php?rest_route=%2Fwp%2Fv2%2Fcomments&post=6106"}],"version-history":[{"count":0,"href":"https:\/\/stiri-faine.com\/index.php?rest_route=\/wp\/v2\/posts\/6106\/revisions"}],"wp:attachment":[{"href":"https:\/\/stiri-faine.com\/index.php?rest_route=%2Fwp%2Fv2%2Fmedia&parent=6106"}],"wp:term":[{"taxonomy":"category","embeddable":true,"href":"https:\/\/stiri-faine.com\/index.php?rest_route=%2Fwp%2Fv2%2Fcategories&post=6106"},{"taxonomy":"post_tag","embeddable":true,"href":"https:\/\/stiri-faine.com\/index.php?rest_route=%2Fwp%2Fv2%2Ftags&post=6106"}],"curies":[{"name":"wp","href":"https:\/\/api.w.org\/{rel}","templated":true}]}}