{"id":6105,"date":"2026-09-04T06:51:19","date_gmt":"2026-09-04T06:51:19","guid":{"rendered":"https:\/\/stiri-faine.com\/?p=6105"},"modified":"2026-09-04T06:51:19","modified_gmt":"2026-09-04T06:51:19","slug":"e-oficial-horatiu-potra-nu-scapavezi-mai-mult","status":"publish","type":"post","link":"https:\/\/stiri-faine.com\/?p=6105","title":{"rendered":"E oficial! Hora\u021biu Potra NU scap\u00e3\u2026Vezi mai mult"},"content":{"rendered":"\n<p class=\"wp-block-paragraph\">Curtea de Apel Bucure\u0219ti a judecat \u00een cursul zilei de miercuri noua cerere depus\u0103 de Hora\u021biu Potra prin care acesta spera s\u0103 scape de arestul la domiciliu.<\/p>\n\n\n\n<p class=\"wp-block-paragraph\">Instan\u021ba a decis ca Hora\u021biu Potra s\u0103 r\u0103m\u00e2n\u0103 \u00een arest la domiciliu. Decizia de miercuri poate s\u0103 fie contestat\u0103 \u00een instan\u021b\u0103.<\/p>\n\n\n\n<p class=\"wp-block-paragraph\">\u201eConstat\u0103 legalitatea \u015fi temeinicia m\u0103surii preventive a arestului la domiciliu dispuse fa\u0163\u0103 de inculpatul Potra Hora\u0163iu. Men\u0163ine m\u0103sura preventiv\u0103 a arestului la domiciliu luat\u0103 fa\u0163\u0103 de inculpatul Potra Hora\u0163iu p\u00e2n\u0103 la o nou\u0103 verificare, dar nu mai t\u00e2rziu de 60 de zile(\u2026) Cu drept de contesta\u0163ie \u00een termen de 48 de ore de la comunicare\u201d, potrivit Cur\u021bii de Apel Bucure\u0219ti.<\/p>\n\n\n\n<p class=\"wp-block-paragraph\">Amintim c\u0103 Hora\u021biu Potra a fost plasat \u00een arest la domiciliu \u00een dosarul \u00een care este acuzat, al\u0103turi de C\u0103lin Georgescu, de tentativ\u0103 la lovitur\u0103 de stat.<\/p>\n\n\n\n<p class=\"wp-block-paragraph\">Potra a fost \u00eencarcerat p\u00e2n\u0103 \u00een luna iunie, atunci c\u00e2nd magistra\u021bii au decis s\u0103 \u00eel plaseze \u00een arest la domiciliu. De atunci, b\u0103rbatul cunoscut drept liderul mercenarilor a \u00eencercat de mai multe ori s\u0103 scape de aceast\u0103 m\u0103sur\u0103. Dosarul \u00een care Hora\u021biu Potra, C\u0103lin Georgescu \u0219i al\u021bi oameni apropia\u021bi de mercenar sunt acuza\u021bi de tentativ\u0103 de lovitur\u0103 de stat a trecut de etapa camerei preliminare printr-o decizie definitiv\u0103 a \u00cenaltei Cur\u021bi de Casa\u021bie \u0219i Justi\u021bie.<\/p>\n\n\n\n<p class=\"wp-block-paragraph\">Georgescu a fost trimis \u00een judecat\u0103 \u00een acest dosar pentru complicitate la tentativ\u0103 de comitere a unor ac\u021biuni \u00eempotriva ordinii constitu\u021bionale \u0219i comunicarea de informa\u021bii false. Hora\u021biu Potra a fost trimis \u00een judecat\u0103 pentru tentativ\u0103 la comiterea unor infrac\u021biuni \u00eempotriva ordinii constitu\u021bionale, nerespectarea regimului armelor \u0219i muni\u021biilor, nerespectarea regimului materiilor explozive \u0219i orice opera\u021biuni cu articole pirotehnice efectuate f\u0103r\u0103 drept. Dosarul a fost deschis de procurorii de la Parchetul general dup\u0103 ce, \u00een decembrie 2024, Hora\u021biu Potra \u0219i mercenarii s\u0103i au fost opri\u021bi \u00een trafic \u00een timp ce se \u00eendreptau spre Capital\u0103.<\/p>\n\n\n\n<p class=\"wp-block-paragraph\">\u00cen dosar este amintit\u0103 de procurori \u00eent\u00e2lnirea care a avut loc la un centru de echita\u021bie din Ilfov \u00een 7 decembrie 2024. Procurorii spun c\u0103 Georgescu \u0219i Potra au pus \u00een aplicare un plan prin care urmau s\u0103 deturneze un protest de sus\u021binere fa\u021b\u0103 de fostul candidat la preziden\u021biale. La \u00eent\u00e2lnirea privat\u0103 au luat parte Potra, Georgescu, Sechila \u0219i Marian Burcea, garda de corp a lui Georgescu. \u00cen urma acelei discu\u021bii, Georgescu l-ar fi sunat pe liderul organiza\u021biei de extrem\u0103 dreapta Fr\u0103\u021bia Ortodox\u0103, Dan Gr\u0103jeanu, c\u0103ruia i-a spus c\u0103 \u201e\u00een cursul zilei urm\u0103toare va da un \u00eendemn concret: via\u021ba sau \u021bara\u201d.<\/p>\n\n\n\n<p class=\"wp-block-paragraph\">Procurorii mai spun c\u0103 \u00eent\u00e2lnirea coordonat\u0103 de C\u0103lin Georgescu era premerg\u0103toare unor \u201eevenimente destabilizatoare\u201d care aveau scopul s\u0103 \u201ecreeze haos \u0219i nesiguran\u021b\u0103\u201d.<\/p>\n","protected":false},"excerpt":{"rendered":"<p>Curtea de Apel Bucure\u0219ti a judecat \u00een cursul zilei de miercuri noua cerere depus\u0103 de Hora\u021biu Potra prin care acesta spera s\u0103 scape de arestul la domiciliu. Instan\u021ba a decis ca Hora\u021biu Potra s\u0103 r\u0103m\u00e2n\u0103 \u00een arest la domiciliu. Decizia de miercuri poate s\u0103 fie contestat\u0103 \u00een instan\u021b\u0103. \u201eConstat\u0103 legalitatea \u015fi temeinicia m\u0103surii preventive a &#8230; <a title=\"E oficial! Hora\u021biu Potra NU scap\u00e3\u2026Vezi mai mult\" class=\"read-more\" href=\"https:\/\/stiri-faine.com\/?p=6105\" aria-label=\"Read more about E oficial! Hora\u021biu Potra NU scap\u00e3\u2026Vezi mai mult\">Read more<\/a><\/p>\n","protected":false},"author":1,"featured_media":0,"comment_status":"open","ping_status":"open","sticky":false,"template":"","format":"standard","meta":{"footnotes":""},"categories":[1],"tags":[],"class_list":["post-6105","post","type-post","status-publish","format-standard","hentry","category-uncategorized"],"_links":{"self":[{"href":"https:\/\/stiri-faine.com\/index.php?rest_route=\/wp\/v2\/posts\/6105","targetHints":{"allow":["GET"]}}],"collection":[{"href":"https:\/\/stiri-faine.com\/index.php?rest_route=\/wp\/v2\/posts"}],"about":[{"href":"https:\/\/stiri-faine.com\/index.php?rest_route=\/wp\/v2\/types\/post"}],"author":[{"embeddable":true,"href":"https:\/\/stiri-faine.com\/index.php?rest_route=\/wp\/v2\/users\/1"}],"replies":[{"embeddable":true,"href":"https:\/\/stiri-faine.com\/index.php?rest_route=%2Fwp%2Fv2%2Fcomments&post=6105"}],"version-history":[{"count":1,"href":"https:\/\/stiri-faine.com\/index.php?rest_route=\/wp\/v2\/posts\/6105\/revisions"}],"predecessor-version":[{"id":6107,"href":"https:\/\/stiri-faine.com\/index.php?rest_route=\/wp\/v2\/posts\/6105\/revisions\/6107"}],"wp:attachment":[{"href":"https:\/\/stiri-faine.com\/index.php?rest_route=%2Fwp%2Fv2%2Fmedia&parent=6105"}],"wp:term":[{"taxonomy":"category","embeddable":true,"href":"https:\/\/stiri-faine.com\/index.php?rest_route=%2Fwp%2Fv2%2Fcategories&post=6105"},{"taxonomy":"post_tag","embeddable":true,"href":"https:\/\/stiri-faine.com\/index.php?rest_route=%2Fwp%2Fv2%2Ftags&post=6105"}],"curies":[{"name":"wp","href":"https:\/\/api.w.org\/{rel}","templated":true}]}}