{"id":6101,"date":"2026-09-03T08:40:01","date_gmt":"2026-09-03T08:40:01","guid":{"rendered":"https:\/\/stiri-faine.com\/?p=6101"},"modified":"2026-09-03T08:40:02","modified_gmt":"2026-09-03T08:40:02","slug":"elena-udrea-in-doliu","status":"publish","type":"post","link":"https:\/\/stiri-faine.com\/?p=6101","title":{"rendered":"ELENA UDREA \u00ceN DOLIU"},"content":{"rendered":"\n<p class=\"wp-block-paragraph\">lena Udrea sufer\u0103 \u00een aceste zile din cauza decesului unei persoane dragi.<\/p>\n\n\n\n<p class=\"wp-block-paragraph\">Mama afaceri\u015ftilor Cristian \u015fi Alex Erba\u015fu a fost \u00eenmorm\u00e2ntat\u0103 mar\u0163i, iar la acest eveniment trist a fost prezent\u0103 \u015fi Elena Udrea, conform cancan.ro. Doamna Erba\u015fu a decedat la 12 ani de la dispari\u0163ia so\u0163ului ei, Mihail Erba\u015fu.<\/p>\n\n\n\n<p class=\"wp-block-paragraph\">Apropia\u0163ii au participat la slujba religioas\u0103 \u0163inut\u0103 la biserica Her\u0103strau Sfin\u0163ii Apostoli Petru \u015fi Pavel, din apropierea locuin\u0163ei familiei \u00eendoliate. Alex Erba\u015fu era plecat \u00een vacan\u0163\u0103 \u00een Spania c\u00e2nd a aflat teribila veste.<\/p>\n\n\n\n<p class=\"wp-block-paragraph\">Elena Udrea este o prieten\u0103 bun\u0103 a fra\u0163ilor Erba\u015fu \u015fi a fost foarte afectat\u0103 de moartea mamei lor, fiind v\u0103zut\u0103 pl\u00e2ng\u00e2nd \u015fi suferind al\u0103turi de ace\u015ftia. \u015ei fostul fotbalist Marius Niculae a fost prezent la \u00eenmorm\u00e2ntare, el fiind bun prieten cu Alex.<\/p>\n","protected":false},"excerpt":{"rendered":"<p>lena Udrea sufer\u0103 \u00een aceste zile din cauza decesului unei persoane dragi. Mama afaceri\u015ftilor Cristian \u015fi Alex Erba\u015fu a fost \u00eenmorm\u00e2ntat\u0103 mar\u0163i, iar la acest eveniment trist a fost prezent\u0103 \u015fi Elena Udrea, conform cancan.ro. Doamna Erba\u015fu a decedat la 12 ani de la dispari\u0163ia so\u0163ului ei, Mihail Erba\u015fu. Apropia\u0163ii au participat la slujba religioas\u0103 &#8230; <a title=\"ELENA UDREA \u00ceN DOLIU\" class=\"read-more\" href=\"https:\/\/stiri-faine.com\/?p=6101\" aria-label=\"Read more about ELENA UDREA \u00ceN DOLIU\">Read more<\/a><\/p>\n","protected":false},"author":1,"featured_media":0,"comment_status":"open","ping_status":"open","sticky":false,"template":"","format":"standard","meta":{"footnotes":""},"categories":[1],"tags":[],"class_list":["post-6101","post","type-post","status-publish","format-standard","hentry","category-uncategorized"],"_links":{"self":[{"href":"https:\/\/stiri-faine.com\/index.php?rest_route=\/wp\/v2\/posts\/6101","targetHints":{"allow":["GET"]}}],"collection":[{"href":"https:\/\/stiri-faine.com\/index.php?rest_route=\/wp\/v2\/posts"}],"about":[{"href":"https:\/\/stiri-faine.com\/index.php?rest_route=\/wp\/v2\/types\/post"}],"author":[{"embeddable":true,"href":"https:\/\/stiri-faine.com\/index.php?rest_route=\/wp\/v2\/users\/1"}],"replies":[{"embeddable":true,"href":"https:\/\/stiri-faine.com\/index.php?rest_route=%2Fwp%2Fv2%2Fcomments&post=6101"}],"version-history":[{"count":1,"href":"https:\/\/stiri-faine.com\/index.php?rest_route=\/wp\/v2\/posts\/6101\/revisions"}],"predecessor-version":[{"id":6102,"href":"https:\/\/stiri-faine.com\/index.php?rest_route=\/wp\/v2\/posts\/6101\/revisions\/6102"}],"wp:attachment":[{"href":"https:\/\/stiri-faine.com\/index.php?rest_route=%2Fwp%2Fv2%2Fmedia&parent=6101"}],"wp:term":[{"taxonomy":"category","embeddable":true,"href":"https:\/\/stiri-faine.com\/index.php?rest_route=%2Fwp%2Fv2%2Fcategories&post=6101"},{"taxonomy":"post_tag","embeddable":true,"href":"https:\/\/stiri-faine.com\/index.php?rest_route=%2Fwp%2Fv2%2Ftags&post=6101"}],"curies":[{"name":"wp","href":"https:\/\/api.w.org\/{rel}","templated":true}]}}