{"id":6092,"date":"2026-09-03T05:50:30","date_gmt":"2026-09-03T05:50:30","guid":{"rendered":"https:\/\/stiri-faine.com\/?p=6092"},"modified":"2026-09-03T05:50:30","modified_gmt":"2026-09-03T05:50:30","slug":"sotul-meu-mi-a-spus-ca-plecam-singuri-in-luna-de-miere-cand-am-ajuns-in-aeroport-soacra-mea-ne-astepta-deja-cu-valizele-facute-si-ne-a-intampinat-zambind-abia-astept-vacanta-noastra-3","status":"publish","type":"post","link":"https:\/\/stiri-faine.com\/?p=6092","title":{"rendered":"So\u021bul meu mi-a spus c\u0103 plec\u0103m singuri \u00een luna de miere. C\u00e2nd am ajuns \u00een aeroport, soacra mea ne a\u0219tepta deja cu valizele f\u0103cute \u0219i ne-a \u00eent\u00e2mpinat z\u00e2mbind: \u201eAbia a\u0219tept vacan\u021ba noastr\u0103!\u201d"},"content":{"rendered":"<p>Am \u00eencercat s\u0103 m\u0103 conving c\u0103 exagerez.<\/p>\n<p>Poate chiar urma s\u0103 ne lase \u00een pace.<\/p>\n<p>Poate Vlad avea dreptate.<\/p>\n<p>Speran\u021ba aceea a disp\u0103rut chiar \u00een prima diminea\u021b\u0103.<\/p>\n<p>M-am trezit \u0219i am vrut s\u0103 preg\u0103tesc o surpriz\u0103.<\/p>\n<p>Am comandat micul dejun pe terasa camerei noastre.<\/p>\n<p>C\u00e2nd osp\u0103tarul a \u00eenceput s\u0103 a\u0219eze farfuriile pe mas\u0103, u\u0219a dintre camere s-a deschis f\u0103r\u0103 m\u0103car un cioc\u0103nit.<\/p>\n<p>Mariana a intrat z\u00e2mbind.<\/p>\n<p>\u2014 Perfect! Exact la timp!<\/p>\n<p>S-a a\u0219ezat la mas\u0103 ca \u0219i cum era camera ei.<\/p>\n<p>\u2014 Vlad, am comandat \u0219i pentru tine ce \u00ee\u021bi place cel mai mult. \u0218tiu eu mai bine dec\u00e2t oricine ce m\u0103n\u00e2nci diminea\u021ba.<\/p>\n<p>Am r\u0103mas cu cea\u0219ca de cafea \u00een m\u00e2n\u0103.<\/p>\n<p>Vlad doar a z\u00e2mbit.<\/p>\n<p>\u2014 Mama m\u0103 cunoa\u0219te foarte bine.<\/p>\n<p>\u00cen urm\u0103toarele dou\u0103 zile a fost peste tot.<\/p>\n<p>La piscin\u0103.<\/p>\n<p>La plaj\u0103.<\/p>\n<p>La cin\u0103.<\/p>\n<p>La excursii.<\/p>\n<p>\u00cen fiecare fotografie ap\u0103rea \u0219i ea.<\/p>\n<p>Dac\u0103 \u00eencercam s\u0103 r\u0103m\u00e2n singur\u0103 cu so\u021bul meu, ap\u0103rea c\u00e2teva minute mai t\u00e2rziu.<\/p>\n<p>\u2014 Ce coinciden\u021b\u0103! \u0218i eu voiam s\u0103 merg exact aici!<\/p>\n<p>\u00cen a treia sear\u0103 rezervasem o cin\u0103 romantic\u0103 pe malul m\u0103rii.<\/p>\n<p>Lum\u00e2n\u0103ri.<\/p>\n<p>Muzic\u0103.<\/p>\n<p>Apus.<\/p>\n<p>C\u00e2nd am ajuns la mas\u0103, Mariana era deja a\u0219ezat\u0103.<\/p>\n<p>\u2014 Sper c\u0103 nu v\u0103 sup\u0103ra\u021bi. Chelnerul mi-a spus unde sunte\u021bi \u0219i am zis s\u0103 nu m\u0103n\u00e2nc singur\u0103.<\/p>\n<p>Am privit spre Vlad.<\/p>\n<p>A\u0219teptam m\u0103car atunci s\u0103 spun\u0103 ceva.<\/p>\n<p>Orice.<\/p>\n<p>\u00cen schimb a tras un scaun pentru mama lui.<\/p>\n<p>\u2014 Hai, mam\u0103, stai aici.<\/p>\n<p>\u00cen clipa aceea am \u00een\u021beles c\u0103 problema nu era ea.<\/p>\n<p>Problema era el.<\/p>\n<p>\u00cen diminea\u021ba urm\u0103toare mi-am f\u0103cut bagajul.<\/p>\n<p>Vlad m-a privit nedumerit.<\/p>\n<p>\u2014 Ce faci?<\/p>\n<p>\u2014 Plec acas\u0103.<\/p>\n<p>A r\u00e2s.<\/p>\n<p>\u2014 Serios? Pentru at\u00e2t?<\/p>\n<p>L-am privit calm.<\/p>\n<p>\u2014 Nu plec din cauza mamei tale.<\/p>\n<p>Plec pentru c\u0103 tu nu ai \u00een\u021beles nici m\u0103car o clip\u0103 ce \u00eenseamn\u0103 s\u0103 fii so\u021b.<\/p>\n<p>A \u00eencercat s\u0103 m\u0103 opreasc\u0103.<\/p>\n<p>\u2014 Putem rezolva.<\/p>\n<p>\u2014 Nu.<\/p>\n<p>Problema nu este vacan\u021ba.<\/p>\n<p>Problema este c\u0103 ai luat o decizie care privea c\u0103snicia noastr\u0103 f\u0103r\u0103 s\u0103 m\u0103 \u00eentrebi.<\/p>\n<p>\u0218i nici acum nu \u00een\u021belegi unde ai gre\u0219it.<\/p>\n<p>Mi-am luat valiza.<\/p>\n<p>\u00cen holul hotelului, Mariana m-a privit surprins\u0103.<\/p>\n<p>\u2014 Chiar pleci?<\/p>\n<p>Am z\u00e2mbit politicos.<\/p>\n<p>\u2014 Da.<\/p>\n<p>V\u0103 las s\u0103 v\u0103 bucura\u021bi de vacan\u021b\u0103.<\/p>\n<p>Doar voi doi.<\/p>\n<p>Am ie\u0219it din hotel f\u0103r\u0103 s\u0103 m\u0103 uit \u00eenapoi.<\/p>\n<p>Uneori, cea mai mare gre\u0219eal\u0103 nu este s\u0103 alegi persoana nepotrivit\u0103.<\/p>\n<p>Ci s\u0103 descoperi prea t\u00e2rziu c\u0103, \u00een inima ei, locul de so\u021b sau de so\u021bie era deja ocupat.<\/p>\n","protected":false},"excerpt":{"rendered":"<p>Am \u00eencercat s\u0103 m\u0103 conving c\u0103 exagerez. Poate chiar urma s\u0103 ne lase \u00een pace. Poate Vlad avea dreptate. Speran\u021ba aceea a disp\u0103rut chiar \u00een prima diminea\u021b\u0103. M-am trezit \u0219i am vrut s\u0103 preg\u0103tesc o surpriz\u0103. Am comandat micul dejun pe terasa camerei noastre. C\u00e2nd osp\u0103tarul a \u00eenceput s\u0103 a\u0219eze farfuriile pe mas\u0103, u\u0219a dintre &#8230; <a title=\"So\u021bul meu mi-a spus c\u0103 plec\u0103m singuri \u00een luna de miere. C\u00e2nd am ajuns \u00een aeroport, soacra mea ne a\u0219tepta deja cu valizele f\u0103cute \u0219i ne-a \u00eent\u00e2mpinat z\u00e2mbind: \u201eAbia a\u0219tept vacan\u021ba noastr\u0103!\u201d\" class=\"read-more\" href=\"https:\/\/stiri-faine.com\/?p=6092\" aria-label=\"Read more about So\u021bul meu mi-a spus c\u0103 plec\u0103m singuri \u00een luna de miere. C\u00e2nd am ajuns \u00een aeroport, soacra mea ne a\u0219tepta deja cu valizele f\u0103cute \u0219i ne-a \u00eent\u00e2mpinat z\u00e2mbind: \u201eAbia a\u0219tept vacan\u021ba noastr\u0103!\u201d\">Read more<\/a><\/p>\n","protected":false},"author":1,"featured_media":0,"comment_status":"open","ping_status":"open","sticky":false,"template":"","format":"standard","meta":{"footnotes":""},"categories":[1],"tags":[],"class_list":["post-6092","post","type-post","status-publish","format-standard","hentry","category-uncategorized"],"_links":{"self":[{"href":"https:\/\/stiri-faine.com\/index.php?rest_route=\/wp\/v2\/posts\/6092","targetHints":{"allow":["GET"]}}],"collection":[{"href":"https:\/\/stiri-faine.com\/index.php?rest_route=\/wp\/v2\/posts"}],"about":[{"href":"https:\/\/stiri-faine.com\/index.php?rest_route=\/wp\/v2\/types\/post"}],"author":[{"embeddable":true,"href":"https:\/\/stiri-faine.com\/index.php?rest_route=\/wp\/v2\/users\/1"}],"replies":[{"embeddable":true,"href":"https:\/\/stiri-faine.com\/index.php?rest_route=%2Fwp%2Fv2%2Fcomments&post=6092"}],"version-history":[{"count":0,"href":"https:\/\/stiri-faine.com\/index.php?rest_route=\/wp\/v2\/posts\/6092\/revisions"}],"wp:attachment":[{"href":"https:\/\/stiri-faine.com\/index.php?rest_route=%2Fwp%2Fv2%2Fmedia&parent=6092"}],"wp:term":[{"taxonomy":"category","embeddable":true,"href":"https:\/\/stiri-faine.com\/index.php?rest_route=%2Fwp%2Fv2%2Fcategories&post=6092"},{"taxonomy":"post_tag","embeddable":true,"href":"https:\/\/stiri-faine.com\/index.php?rest_route=%2Fwp%2Fv2%2Ftags&post=6092"}],"curies":[{"name":"wp","href":"https:\/\/api.w.org\/{rel}","templated":true}]}}