{"id":6084,"date":"2026-09-03T05:29:01","date_gmt":"2026-09-03T05:29:01","guid":{"rendered":"https:\/\/stiri-faine.com\/?p=6084"},"modified":"2026-09-03T05:29:01","modified_gmt":"2026-09-03T05:29:01","slug":"ultima-ora-clotilde-armand-condamnata-la-inchisoare-4","status":"publish","type":"post","link":"https:\/\/stiri-faine.com\/?p=6084","title":{"rendered":"ULTIMA OR\u0102! Clotilde Armand, condamnat\u0103 la \u00eenchisoare"},"content":{"rendered":"<p>Clotilde Armand, fosta prim\u0103ri\u021b\u0103 a Sectorului 1, a fost condamnat\u0103 luni de Judec\u0103toria Sectorului 1 Bucure\u0219ti la un an de \u00eenchisoare, cu am\u00e2narea aplic\u0103rii pedepsei. Dosarul vizeaz\u0103 modul \u00een care aceasta \u0219i-ar fi majorat indemniza\u021bia dup\u0103 ce s-a desemnat manager al unui proiect finan\u021bat din fonduri europene.<\/p>\n<p>Hot\u0103r\u00e2rea nu este definitiv\u0103 \u0219i poate fi contestat\u0103 \u00een termen de zece zile.<\/p>\n<p>Clotilde Armand, condamnat\u0103 la un an de \u00eenchisoareInstan\u021ba a stabilit pentru fosta prim\u0103ri\u021b\u0103 un termen de supraveghere de doi ani, calculat de la data la care hot\u0103r\u00e2rea va r\u0103m\u00e2ne definitiv\u0103.<\/p>\n<p>\u00cen aceast\u0103 perioad\u0103, Clotilde Armand trebuie s\u0103 respecte mai multe obliga\u021bii. Printre acestea se num\u0103r\u0103 prezentarea la Serviciul de Proba\u021biune Bucure\u0219ti la datele stabilite, primirea vizitelor consilierului de proba\u021biune \u0219i informarea autorit\u0103\u021bilor \u00een cazul schimb\u0103rii locuin\u021bei sau a locului de munc\u0103.<\/p>\n<p>Judec\u0103torii au dispus \u0219i confiscarea sumei de 18.720 de lei, bani care ar reprezenta veniturile suplimentare ob\u021binute \u00een urma major\u0103rii indemniza\u021biei.<\/p>\n<p>Potrivit solu\u021biei instan\u021bei, Clotilde Armand a fost condamnat\u0103 pentru folosirea func\u021biei pentru favorizarea unor persoane, \u00een form\u0103 continuat\u0103, fiind re\u021binute patru acte materiale.<\/p>\n<p>Dosarul vizeaz\u0103 indemniza\u021bia \u00eencasat\u0103 \u00een 2022Cazul se refer\u0103 la perioada mai-august 2022, c\u00e2nd Clotilde Armand ocupa func\u021bia de primar al Sectorului 1.<\/p>\n<p>Conform acuza\u021biilor formulate de procurori, aceasta s-ar fi desemnat manager al unui proiect european destinat \u00eembun\u0103t\u0103\u021birii capacit\u0103\u021bii administrative locale \u00een domeniul prevenirii \u0219i combaterii corup\u021biei.<\/p>\n<p>Ulterior, ar fi emis patru dispozi\u021bii prin care indemniza\u021bia sa lunar\u0103 ar fi fost majorat\u0103. Suma total\u0103 indicat\u0103 \u00een dosar este de 18.720 de lei brut.<\/p>\n<p>Instan\u021ba a stabilit \u0219i o pedeaps\u0103 complementar\u0103 prin care i-ar putea fi interzis, pentru trei ani, dreptul de a fi aleas\u0103 \u00een autorit\u0103\u021bile publice sau de a ocupa func\u021bii care presupun exercitarea autorit\u0103\u021bii de stat. Potrivit hot\u0103r\u00e2rii, aceast\u0103 m\u0103sur\u0103 ar produce efecte \u00een situa\u021bia \u00een care am\u00e2narea aplic\u0103rii pedepsei ar fi revocat\u0103 sau anulat\u0103.<\/p>\n<p>Ce \u00eenseamn\u0103 am\u00e2narea aplic\u0103rii pedepseiAm\u00e2narea aplic\u0103rii pedepsei presupune c\u0103 pedeapsa stabilit\u0103 de judec\u0103tori nu este executat\u0103 imediat.<\/p>\n<p>Pe durata termenului de supraveghere, persoana condamnat\u0103 trebuie s\u0103 respecte obliga\u021biile stabilite de instan\u021b\u0103. Dac\u0103 acestea sunt \u00eendeplinite \u0219i nu apar motive legale pentru revocarea m\u0103surii, pedeapsa nu va fi executat\u0103.<\/p>\n<p>\u00cen schimb, \u00eenc\u0103lcarea condi\u021biilor impuse poate conduce, \u00een anumite situa\u021bii prev\u0103zute de lege, la revocarea am\u00e2n\u0103rii.<\/p>\n<p>Clotilde Armand a respins \u00een repetate r\u00e2nduri acuza\u021biile formulate \u00eempotriva sa \u0219i a sus\u021binut c\u0103 dosarul are la baz\u0103 o pl\u00e2ngere f\u0103cut\u0103 de fostul primar al Sectorului 1, Dan Tudorache. De asemenea, aceasta a reclamat existen\u021ba unor presiuni politice \u0219i a catalogat acuza\u021biile drept nejustificate.<\/p>\n<p>Procesul nu este \u00eens\u0103 \u00eencheiat. Decizia Judec\u0103toriei Sectorului 1 poate fi atacat\u0103, iar solu\u021bia definitiv\u0103 urmeaz\u0103 s\u0103 fie stabilit\u0103 \u00een etapa urm\u0103toare a procesului.<\/p>\n","protected":false},"excerpt":{"rendered":"<p>Clotilde Armand, fosta prim\u0103ri\u021b\u0103 a Sectorului 1, a fost condamnat\u0103 luni de Judec\u0103toria Sectorului 1 Bucure\u0219ti la un an de \u00eenchisoare, cu am\u00e2narea aplic\u0103rii pedepsei. Dosarul vizeaz\u0103 modul \u00een care aceasta \u0219i-ar fi majorat indemniza\u021bia dup\u0103 ce s-a desemnat manager al unui proiect finan\u021bat din fonduri europene. Hot\u0103r\u00e2rea nu este definitiv\u0103 \u0219i poate fi contestat\u0103 &#8230; <a title=\"ULTIMA OR\u0102! Clotilde Armand, condamnat\u0103 la \u00eenchisoare\" class=\"read-more\" href=\"https:\/\/stiri-faine.com\/?p=6084\" aria-label=\"Read more about ULTIMA OR\u0102! Clotilde Armand, condamnat\u0103 la \u00eenchisoare\">Read more<\/a><\/p>\n","protected":false},"author":1,"featured_media":0,"comment_status":"open","ping_status":"open","sticky":false,"template":"","format":"standard","meta":{"footnotes":""},"categories":[1],"tags":[],"class_list":["post-6084","post","type-post","status-publish","format-standard","hentry","category-uncategorized"],"_links":{"self":[{"href":"https:\/\/stiri-faine.com\/index.php?rest_route=\/wp\/v2\/posts\/6084","targetHints":{"allow":["GET"]}}],"collection":[{"href":"https:\/\/stiri-faine.com\/index.php?rest_route=\/wp\/v2\/posts"}],"about":[{"href":"https:\/\/stiri-faine.com\/index.php?rest_route=\/wp\/v2\/types\/post"}],"author":[{"embeddable":true,"href":"https:\/\/stiri-faine.com\/index.php?rest_route=\/wp\/v2\/users\/1"}],"replies":[{"embeddable":true,"href":"https:\/\/stiri-faine.com\/index.php?rest_route=%2Fwp%2Fv2%2Fcomments&post=6084"}],"version-history":[{"count":0,"href":"https:\/\/stiri-faine.com\/index.php?rest_route=\/wp\/v2\/posts\/6084\/revisions"}],"wp:attachment":[{"href":"https:\/\/stiri-faine.com\/index.php?rest_route=%2Fwp%2Fv2%2Fmedia&parent=6084"}],"wp:term":[{"taxonomy":"category","embeddable":true,"href":"https:\/\/stiri-faine.com\/index.php?rest_route=%2Fwp%2Fv2%2Fcategories&post=6084"},{"taxonomy":"post_tag","embeddable":true,"href":"https:\/\/stiri-faine.com\/index.php?rest_route=%2Fwp%2Fv2%2Ftags&post=6084"}],"curies":[{"name":"wp","href":"https:\/\/api.w.org\/{rel}","templated":true}]}}