{"id":6069,"date":"2026-09-03T05:22:50","date_gmt":"2026-09-03T05:22:50","guid":{"rendered":"https:\/\/stiri-faine.com\/?p=6069"},"modified":"2026-09-03T05:22:50","modified_gmt":"2026-09-03T05:22:50","slug":"uniunea-europeana-a-luat-decizia-romania-este-obligata-sa-2","status":"publish","type":"post","link":"https:\/\/stiri-faine.com\/?p=6069","title":{"rendered":"Uniunea European\u0103 a luat decizia! Rom\u00e2nia este obligat\u0103 s\u0103\u2026"},"content":{"rendered":"<p>\u00cencep\u00e2nd de 19 iulie, marile companii din industria modei din Uniunea European\u0103 nu mai au voie s\u0103 distrug\u0103 hainele, \u00eenc\u0103l\u021b\u0103mintea \u0219i accesoriile r\u0103mase nev\u00e2ndute.<\/p>\n<p>M\u0103sura face parte din noul Regulament european privind proiectarea ecologic\u0103 a produselor sustenabile (ESPR) \u0219i are ca obiectiv reducerea risipei textile \u0219i a impactului asupra mediului.<\/p>\n<p>Noile reguli se aplic\u0103 inclusiv \u00een Rom\u00e2nia \u0219i vizeaz\u0103, \u00een aceast\u0103 prim\u0103 etap\u0103, \u00eentreprinderile mari din domeniul textilelor \u0219i al confec\u021biilor.<\/p>\n<p>Acestea nu vor mai putea elimina produsele noi doar din motive comerciale, fiind obligate s\u0103 g\u0103seasc\u0103 alternative precum donarea, reutilizarea, recondi\u021bionarea sau reciclarea acestora.<\/p>\n<p>\u00centreprinderile mijlocii vor beneficia de o perioad\u0103 de tranzi\u021bie, iar obliga\u021biile li se vor aplica din anul 2030.<\/p>\n<p>Pe l\u00e2ng\u0103 interdic\u021bia privind distrugerea produselor, companiile vor avea \u0219i obliga\u021bii de transparen\u021b\u0103. Acestea vor trebui s\u0103 publice anual informa\u021bii despre cantitatea de produse nev\u00e2ndute, motivele pentru care anumite articole sunt retrase de pe pia\u021b\u0103 \u0219i modul \u00een care acestea au fost valorificate.<\/p>\n<p>Sunt prev\u0103zute \u00eens\u0103 \u0219i excep\u021bii pentru produsele deteriorate, periculoase sau cele care \u00eencalc\u0103 drepturile de proprietate intelectual\u0103.<\/p>\n<p>Decizia vine \u00een contextul \u00een care industria modei este considerat\u0103 una dintre cele mai poluante la nivel mondial. Potrivit datelor Comisiei Europene, \u00eentre 4% \u0219i 9% dintre textilele introduse anual pe pia\u021ba european\u0103 sunt distruse \u00eenainte de a fi purtate, gener\u00e2nd milioane de tone de emisii de dioxid de carbon.<\/p>\n<p>Exper\u021bii consider\u0103 c\u0103 noile reguli vor \u00eencuraja economia circular\u0103 \u0219i vor reduce risipa de resurse, oblig\u00e2nd marile branduri s\u0103 gestioneze \u00eentr-un mod mai responsabil stocurile de produse nev\u00e2ndute.<\/p>\n<p>Pentru companiile din Rom\u00e2nia, m\u0103sura va presupune adaptarea proceselor logistice \u0219i dezvoltarea unor solu\u021bii de reutilizare sau reciclare, \u00een locul elimin\u0103rii produselor.<\/p>\n","protected":false},"excerpt":{"rendered":"<p>\u00cencep\u00e2nd de 19 iulie, marile companii din industria modei din Uniunea European\u0103 nu mai au voie s\u0103 distrug\u0103 hainele, \u00eenc\u0103l\u021b\u0103mintea \u0219i accesoriile r\u0103mase nev\u00e2ndute. M\u0103sura face parte din noul Regulament european privind proiectarea ecologic\u0103 a produselor sustenabile (ESPR) \u0219i are ca obiectiv reducerea risipei textile \u0219i a impactului asupra mediului. Noile reguli se aplic\u0103 inclusiv &#8230; <a title=\"Uniunea European\u0103 a luat decizia! Rom\u00e2nia este obligat\u0103 s\u0103\u2026\" class=\"read-more\" href=\"https:\/\/stiri-faine.com\/?p=6069\" aria-label=\"Read more about Uniunea European\u0103 a luat decizia! Rom\u00e2nia este obligat\u0103 s\u0103\u2026\">Read more<\/a><\/p>\n","protected":false},"author":1,"featured_media":0,"comment_status":"open","ping_status":"open","sticky":false,"template":"","format":"standard","meta":{"footnotes":""},"categories":[1],"tags":[],"class_list":["post-6069","post","type-post","status-publish","format-standard","hentry","category-uncategorized"],"_links":{"self":[{"href":"https:\/\/stiri-faine.com\/index.php?rest_route=\/wp\/v2\/posts\/6069","targetHints":{"allow":["GET"]}}],"collection":[{"href":"https:\/\/stiri-faine.com\/index.php?rest_route=\/wp\/v2\/posts"}],"about":[{"href":"https:\/\/stiri-faine.com\/index.php?rest_route=\/wp\/v2\/types\/post"}],"author":[{"embeddable":true,"href":"https:\/\/stiri-faine.com\/index.php?rest_route=\/wp\/v2\/users\/1"}],"replies":[{"embeddable":true,"href":"https:\/\/stiri-faine.com\/index.php?rest_route=%2Fwp%2Fv2%2Fcomments&post=6069"}],"version-history":[{"count":0,"href":"https:\/\/stiri-faine.com\/index.php?rest_route=\/wp\/v2\/posts\/6069\/revisions"}],"wp:attachment":[{"href":"https:\/\/stiri-faine.com\/index.php?rest_route=%2Fwp%2Fv2%2Fmedia&parent=6069"}],"wp:term":[{"taxonomy":"category","embeddable":true,"href":"https:\/\/stiri-faine.com\/index.php?rest_route=%2Fwp%2Fv2%2Fcategories&post=6069"},{"taxonomy":"post_tag","embeddable":true,"href":"https:\/\/stiri-faine.com\/index.php?rest_route=%2Fwp%2Fv2%2Ftags&post=6069"}],"curies":[{"name":"wp","href":"https:\/\/api.w.org\/{rel}","templated":true}]}}