{"id":6063,"date":"2026-09-03T05:22:11","date_gmt":"2026-09-03T05:22:11","guid":{"rendered":"https:\/\/stiri-faine.com\/?p=6063"},"modified":"2026-09-03T05:22:11","modified_gmt":"2026-09-03T05:22:11","slug":"romania-luata-la-intrebari-de-comisia-europeana-din-cauza-amendamentului-fritz-2","status":"publish","type":"post","link":"https:\/\/stiri-faine.com\/?p=6063","title":{"rendered":"Rom\u00e2nia, luat\u0103 la \u00eentreb\u0103ri de Comisia European\u0103 din cauza \u201eamendamentului Fritz\u201d"},"content":{"rendered":"<p>Comisia European\u0103 a cerut oficial autorit\u0103\u021bilor de la Bucure\u0219ti explica\u021bii suplimentare privind noua Lege a integrit\u0103\u021bii \u0219i, \u00een special, prevederea cunoscut\u0103 \u00een spa\u021biul public drept \u201eamendamentul Fritz\u201d. Solicitarea vine dup\u0103 ce modificarea legislativ\u0103 a fost validat\u0103 de Curtea Constitu\u021bional\u0103 \u0219i a intrat \u00een vigoare.<\/p>\n<p>Potrivit informa\u021biilor publicate de G4Media, scrisoarea a fost transmis\u0103 la \u00eenceputul lunii septembrie de Ana Gallego, director general al Direc\u021biei Generale Justi\u021bie \u0219i Consumatori din cadrul Comisiei Europene. Rom\u00e2nia ar avea la dispozi\u021bie dou\u0103 s\u0103pt\u0103m\u00e2ni pentru a r\u0103spunde \u00eentreb\u0103rilor formulate de oficialii europeni.<\/p>\n<p>Comisia European\u0103 cere explica\u021bii despre \u201eamendamentul Fritz\u201d\u00cen centrul preocup\u0103rilor se afl\u0103 efectele pe care noua prevedere le poate avea asupra ale\u0219ilor locali \u0219i demnitarilor care au fost viza\u021bi anterior de decizii privind incompatibilitatea sau conflictul de interese.<\/p>\n<p>Comisia dore\u0219te s\u0103 afle, printre altele, dac\u0103 \u00eencetarea mandatului \u00een astfel de situa\u021bii este compatibil\u0103 cu principiile dreptului european, inclusiv securitatea juridic\u0103, propor\u021bionalitatea \u0219i neretroactivitatea.<\/p>\n<p>O alt\u0103 problem\u0103 ridicat\u0103 prive\u0219te posibilitatea ca o persoan\u0103 s\u0103 suporte consecin\u021be suplimentare pentru o situa\u021bie care a f\u0103cut deja obiectul unei proceduri anterioare.<\/p>\n<p>Executivul european solicit\u0103 clarific\u0103ri \u0219i \u00een privin\u021ba existen\u021bei unei analize individuale a fiec\u0103rui caz, precum \u0219i asupra posibilit\u0103\u021bii persoanelor afectate de a contesta pierderea mandatului.<\/p>\n<p>\u0218apte \u00eentreb\u0103ri importante trimise autorit\u0103\u021bilor rom\u00e2nePotrivit documentului citat de sursa men\u021bionat\u0103, Comisia European\u0103 urm\u0103re\u0219te \u0219apte aspecte principale: cadrul juridic anterior, principiul \u201ene bis in idem\u201d, justificarea \u00eencet\u0103rii automate a mandatului, analizarea circumstan\u021belor individuale, natura juridic\u0103 a m\u0103surii, posibilitatea except\u0103rii cazurilor minore \u0219i existen\u021ba unei c\u0103i efective de atac.<\/p>\n<p>Bruxelles-ul ar fi solicitat, de asemenea, informa\u021bii privind num\u0103rul persoanelor care ar putea fi afectate de noile prevederi.<\/p>\n<p>Miza financiar\u0103 ajunge la 770 de milioane de euroDiscu\u021bia are \u0219i o important\u0103 component\u0103 financiar\u0103. Legea integrit\u0103\u021bii este legat\u0103 de un jalon din Planul Na\u021bional de Redresare \u0219i Rezilien\u021b\u0103, asociat unei sume de aproximativ 770 de milioane de euro.<\/p>\n<p>Comisia European\u0103 precizase anterior c\u0103 Legea integrit\u0103\u021bii urmeaz\u0103 s\u0103 fie evaluat\u0103 \u00een cadrul celei de-a \u0219asea \u0219i ultimei cereri de plat\u0103 din PNRR.<\/p>\n<p>Pre\u0219edintele Nicu\u0219or Dan nu a retrimis legea Parlamentului pentru reexaminare, invoc\u00e2nd timpul foarte scurt r\u0103mas p\u00e2n\u0103 la termenul de 31 august pentru \u00eendeplinirea jaloanelor PNRR.<\/p>\n<p>\u201eAmendamentul Fritz\u201d a generat controverse politice \u0219i juridice, inclusiv \u00een ceea ce prive\u0219te efectele sale asupra primarului Timi\u0219oarei, Dominic Fritz. Curtea Constitu\u021bional\u0103 a declarat prevederea constitu\u021bional\u0103, motiv\u00e2nd ulterior c\u0103 noua lege poate produce efecte viitoare inclusiv asupra unor raporturi juridice formate anterior.<\/p>\n<p>R\u0103spunsurile pe care Rom\u00e2nia le va transmite Comisiei Europene ar putea avea un rol important \u00een evaluarea final\u0103 a reformei \u0219i, implicit, \u00een procesul privind fondurile europene asociate acestui jalon.<\/p>\n","protected":false},"excerpt":{"rendered":"<p>Comisia European\u0103 a cerut oficial autorit\u0103\u021bilor de la Bucure\u0219ti explica\u021bii suplimentare privind noua Lege a integrit\u0103\u021bii \u0219i, \u00een special, prevederea cunoscut\u0103 \u00een spa\u021biul public drept \u201eamendamentul Fritz\u201d. Solicitarea vine dup\u0103 ce modificarea legislativ\u0103 a fost validat\u0103 de Curtea Constitu\u021bional\u0103 \u0219i a intrat \u00een vigoare. Potrivit informa\u021biilor publicate de G4Media, scrisoarea a fost transmis\u0103 la \u00eenceputul &#8230; <a title=\"Rom\u00e2nia, luat\u0103 la \u00eentreb\u0103ri de Comisia European\u0103 din cauza \u201eamendamentului Fritz\u201d\" class=\"read-more\" href=\"https:\/\/stiri-faine.com\/?p=6063\" aria-label=\"Read more about Rom\u00e2nia, luat\u0103 la \u00eentreb\u0103ri de Comisia European\u0103 din cauza \u201eamendamentului Fritz\u201d\">Read more<\/a><\/p>\n","protected":false},"author":1,"featured_media":0,"comment_status":"open","ping_status":"open","sticky":false,"template":"","format":"standard","meta":{"footnotes":""},"categories":[1],"tags":[],"class_list":["post-6063","post","type-post","status-publish","format-standard","hentry","category-uncategorized"],"_links":{"self":[{"href":"https:\/\/stiri-faine.com\/index.php?rest_route=\/wp\/v2\/posts\/6063","targetHints":{"allow":["GET"]}}],"collection":[{"href":"https:\/\/stiri-faine.com\/index.php?rest_route=\/wp\/v2\/posts"}],"about":[{"href":"https:\/\/stiri-faine.com\/index.php?rest_route=\/wp\/v2\/types\/post"}],"author":[{"embeddable":true,"href":"https:\/\/stiri-faine.com\/index.php?rest_route=\/wp\/v2\/users\/1"}],"replies":[{"embeddable":true,"href":"https:\/\/stiri-faine.com\/index.php?rest_route=%2Fwp%2Fv2%2Fcomments&post=6063"}],"version-history":[{"count":0,"href":"https:\/\/stiri-faine.com\/index.php?rest_route=\/wp\/v2\/posts\/6063\/revisions"}],"wp:attachment":[{"href":"https:\/\/stiri-faine.com\/index.php?rest_route=%2Fwp%2Fv2%2Fmedia&parent=6063"}],"wp:term":[{"taxonomy":"category","embeddable":true,"href":"https:\/\/stiri-faine.com\/index.php?rest_route=%2Fwp%2Fv2%2Fcategories&post=6063"},{"taxonomy":"post_tag","embeddable":true,"href":"https:\/\/stiri-faine.com\/index.php?rest_route=%2Fwp%2Fv2%2Ftags&post=6063"}],"curies":[{"name":"wp","href":"https:\/\/api.w.org\/{rel}","templated":true}]}}