{"id":6062,"date":"2026-09-03T05:22:26","date_gmt":"2026-09-03T05:22:26","guid":{"rendered":"https:\/\/stiri-faine.com\/?p=6062"},"modified":"2026-09-03T05:22:26","modified_gmt":"2026-09-03T05:22:26","slug":"alerta-pentru-pensionarii-romani-din-strainatate-document-esential-de-trimis-pana-la-sfarsitul-lunii-septembrie","status":"publish","type":"post","link":"https:\/\/stiri-faine.com\/?p=6062","title":{"rendered":"Alert\u0103 pentru pensionarii rom\u00e2ni din str\u0103in\u0103tate: document esen\u021bial de trimis p\u00e2n\u0103 la sf\u00e2r\u0219itul lunii septembrie"},"content":{"rendered":"\n<p class=\"wp-block-paragraph\">Rom\u00e2nii care locuiesc \u00een afaceri \u0219i primesc pensii din \u021bar\u0103 sunt nevoi\u021bi s\u0103 transmit\u0103, \u00een urm\u0103toarele s\u0103pt\u0103m\u00e2ni, certificatul de via\u021b\u0103, care trebuie s\u0103 fie semnat \u0219i \u0219tampilat de o autoritate local\u0103.<\/p>\n\n\n\n<p class=\"wp-block-paragraph\">Cei care nu se conformeaz\u0103 acestei cerin\u021be p\u00e2n\u0103 la finalul lunii septembrie risc\u0103 s\u0103 r\u0103m\u00e2n\u0103 f\u0103r\u0103 pensie \u00eencep\u00e2nd cu luna octombrie, moment \u00een care pl\u0103\u021bile vor fi suspendate automat.<\/p>\n\n\n\n<p class=\"wp-block-paragraph\">Cine este afectat de aceast\u0103 m\u0103sur\u0103? Rom\u00e2nii care tr\u0103iesc \u00een str\u0103in\u0103tate \u0219i primesc pensii din Rom\u00e2nia sunt obliga\u021bi s\u0103 depun\u0103 certificatul de via\u021b\u0103 de dou\u0103 ori pe an. Casa Na\u021bional\u0103 de Pensii Publice a anun\u021bat c\u0103 pentru acest an, termenul limit\u0103 pentru a doua depunere este 30 septembrie. Nerespectarea acestei date poate duce la suspendarea pl\u0103\u021bilor \u00eencep\u00e2nd cu luna octombrie.<\/p>\n\n\n\n<p class=\"wp-block-paragraph\">Acest document este necesar pentru a dovedi c\u0103 pensionarul se afl\u0103 \u00een via\u021b\u0103 \u0219i reprezint\u0103 o cerin\u021b\u0103 impus\u0103 de Legea nr. 360\/2023 referitoare la sistemul public de pensii. Regula vizeaz\u0103 persoanele care primesc banii direct \u00een conturi (fie \u00een \u021bar\u0103, fie \u00een afaceri) \u0219i care nu au desemnat un reprezentant legal prin procur\u0103.<\/p>\n\n\n\n<p class=\"wp-block-paragraph\">Dac\u0103 exist\u0103 un astfel de reprezentant, acesta are responsabilitatea de a informa Casa de Pensii \u00een cazul decesului pensionarului sau al schimb\u0103rii adresei. Prin urmare, aceast\u0103 regul\u0103 \u00eei afecteaz\u0103 doar pe rom\u00e2nii din str\u0103in\u0103tate care se afl\u0103 \u00een aceast\u0103 situa\u021bie, f\u0103r\u0103 a se aplica tuturor pensionarilor din Rom\u00e2nia.<\/p>\n\n\n\n<p class=\"wp-block-paragraph\">Pensionarii din afaceri sunt responsabili s\u0103 trimit\u0103 certificatul de via\u021b\u0103 f\u0103r\u0103 a a\u0219tepta vreo notificare din partea autorit\u0103\u021bilor. Acest document trebuie depus de dou\u0103 ori pe an: prima dat\u0103 \u00eentre 1 ianuarie \u0219i 31 martie \u0219i a doua oar\u0103 \u00eentre 1 iulie \u0219i 30 septembrie.<\/p>\n\n\n\n<p class=\"wp-block-paragraph\">Pentru ca certificatul s\u0103 fie considerat valabil, trebuie s\u0103 fie completat \u0219i semnat \u00een prezen\u021ba unei autorit\u0103\u021bi din \u021bara respectiv\u0103. Func\u021bionarul sau institu\u021bia care se ocup\u0103 cu validarea trebuie s\u0103 confirme c\u0103 pensionarul a fost prezent fizic la semnare.<\/p>\n\n\n\n<p class=\"wp-block-paragraph\">Certificatul poate fi ob\u021binut de la prim\u0103rii, case de pensii locale, ambasade, consulate, notari, avoca\u021bi sau chiar de la medicul de familie din \u021bara de re\u0219edin\u021b\u0103 a pensionarului. \u00cen anumite situa\u021bii, verificarea poate fi realizat\u0103 prin intermediul asocia\u021biilor rom\u00e2ne\u0219ti din str\u0103in\u0103tate sau organiza\u021biilor partenere.<\/p>\n\n\n\n<p class=\"wp-block-paragraph\">Formularul este disponibil \u00een format bilingv (rom\u00e2n\u0103-englez\u0103, rom\u00e2n\u0103-german\u0103, etc.) \u0219i poate fi desc\u0103rcat de pe site-ul Casei Na\u021bionale de Pensii.<\/p>\n","protected":false},"excerpt":{"rendered":"<p>Rom\u00e2nii care locuiesc \u00een afaceri \u0219i primesc pensii din \u021bar\u0103 sunt nevoi\u021bi s\u0103 transmit\u0103, \u00een urm\u0103toarele s\u0103pt\u0103m\u00e2ni, certificatul de via\u021b\u0103, care trebuie s\u0103 fie semnat \u0219i \u0219tampilat de o autoritate local\u0103. Cei care nu se conformeaz\u0103 acestei cerin\u021be p\u00e2n\u0103 la finalul lunii septembrie risc\u0103 s\u0103 r\u0103m\u00e2n\u0103 f\u0103r\u0103 pensie \u00eencep\u00e2nd cu luna octombrie, moment \u00een care &#8230; <a title=\"Alert\u0103 pentru pensionarii rom\u00e2ni din str\u0103in\u0103tate: document esen\u021bial de trimis p\u00e2n\u0103 la sf\u00e2r\u0219itul lunii septembrie\" class=\"read-more\" href=\"https:\/\/stiri-faine.com\/?p=6062\" aria-label=\"Read more about Alert\u0103 pentru pensionarii rom\u00e2ni din str\u0103in\u0103tate: document esen\u021bial de trimis p\u00e2n\u0103 la sf\u00e2r\u0219itul lunii septembrie\">Read more<\/a><\/p>\n","protected":false},"author":1,"featured_media":0,"comment_status":"open","ping_status":"open","sticky":false,"template":"","format":"standard","meta":{"footnotes":""},"categories":[1],"tags":[],"class_list":["post-6062","post","type-post","status-publish","format-standard","hentry","category-uncategorized"],"_links":{"self":[{"href":"https:\/\/stiri-faine.com\/index.php?rest_route=\/wp\/v2\/posts\/6062","targetHints":{"allow":["GET"]}}],"collection":[{"href":"https:\/\/stiri-faine.com\/index.php?rest_route=\/wp\/v2\/posts"}],"about":[{"href":"https:\/\/stiri-faine.com\/index.php?rest_route=\/wp\/v2\/types\/post"}],"author":[{"embeddable":true,"href":"https:\/\/stiri-faine.com\/index.php?rest_route=\/wp\/v2\/users\/1"}],"replies":[{"embeddable":true,"href":"https:\/\/stiri-faine.com\/index.php?rest_route=%2Fwp%2Fv2%2Fcomments&post=6062"}],"version-history":[{"count":1,"href":"https:\/\/stiri-faine.com\/index.php?rest_route=\/wp\/v2\/posts\/6062\/revisions"}],"predecessor-version":[{"id":6064,"href":"https:\/\/stiri-faine.com\/index.php?rest_route=\/wp\/v2\/posts\/6062\/revisions\/6064"}],"wp:attachment":[{"href":"https:\/\/stiri-faine.com\/index.php?rest_route=%2Fwp%2Fv2%2Fmedia&parent=6062"}],"wp:term":[{"taxonomy":"category","embeddable":true,"href":"https:\/\/stiri-faine.com\/index.php?rest_route=%2Fwp%2Fv2%2Fcategories&post=6062"},{"taxonomy":"post_tag","embeddable":true,"href":"https:\/\/stiri-faine.com\/index.php?rest_route=%2Fwp%2Fv2%2Ftags&post=6062"}],"curies":[{"name":"wp","href":"https:\/\/api.w.org\/{rel}","templated":true}]}}