{"id":6060,"date":"2026-09-03T05:21:33","date_gmt":"2026-09-03T05:21:33","guid":{"rendered":"https:\/\/stiri-faine.com\/?p=6060"},"modified":"2026-09-03T05:21:33","modified_gmt":"2026-09-03T05:21:33","slug":"e-oficial-noul-premier-2","status":"publish","type":"post","link":"https:\/\/stiri-faine.com\/?p=6060","title":{"rendered":"E OFICIAL! Noul premier\u2026"},"content":{"rendered":"<p>Pre\u0219edintele Nicu\u0219or Dan a anun\u021bat c\u0103 pe 1 septembrie vor avea loc noi consult\u0103ri cu partidele politice pentru desemnarea unui candidat la func\u021bia de prim-ministru. \u0218eful statului spune c\u0103, \u00een acest moment, nu vede suficient sprijin pentru un guvern tehnocrat \u0219i consider\u0103 mult mai probabil\u0103 formarea unui executiv cu mini\u0219tri politici.<\/p>\n<p>Declara\u021biile au fost f\u0103cute \u00een timpul unei vizite la Chi\u0219in\u0103u, \u00eentr-un context \u00een care negocierile pentru formarea unei majorit\u0103\u021bi parlamentare continu\u0103.<\/p>\n<p>De ce nu a f\u0103cut o nou\u0103 nominalizare \u00een iulie \u0219i augustNicu\u0219or Dan a explicat c\u0103, dup\u0103 dou\u0103 tentative de desemnare, a ajuns la concluzia c\u0103 \u00een perioada vacan\u021bei parlamentare nu exista o majoritate capabil\u0103 s\u0103 \u00eenvesteasc\u0103 un nou guvern.<\/p>\n<p>Pre\u0219edintele a invocat \u0219i contextul evalu\u0103rilor realizate de agen\u021biile de rating, spun\u00e2nd c\u0103 o nou\u0103 \u00eencercare e\u0219uat\u0103 ar fi transmis un semnal negativ \u00een exterior.<\/p>\n<p>\u201e\u0102sta e motivul pentru care, \u00een lunile iulie-august, \u00een afar\u0103 de discu\u021bii permanente cu partidele politice, n-am f\u0103cut o desemnare\u201d, a explicat Nicu\u0219or Dan.<\/p>\n<p>Noi consult\u0103ri pe 1 septembrie\u0218eful statului spune c\u0103 imediat dup\u0103 \u00eenceputul noii sesiuni parlamentare vor fi reluate discu\u021biile cu forma\u021biunile politice.<\/p>\n<p>\u201eAcum, imediat la 1 septembrie, o s\u0103 avem o nou\u0103 consultare, o s\u0103 vedem, formal\u0103 sau informal\u0103, \u0219i eu cred c\u0103 vom g\u0103si o majoritate pentru un Guvern care s\u0103 fie stabil\u201d, a declarat pre\u0219edintele.<\/p>\n<p>Nicu\u0219or Dan a precizat c\u0103 nu vede, \u00een prezent, suficient\u0103 sus\u021binere pentru un executiv format din tehnocra\u021bi.<\/p>\n<p>\u201eEste mult mai probabil un Guvern cu mini\u0219tri politici\u201d, a ad\u0103ugat acesta.<\/p>\n<p>Pre\u0219edintele evit\u0103 s\u0103 vorbeasc\u0103 despre variantele de majoritate\u00centrebat dac\u0103 PSD ar putea forma propriul guvern, Nicu\u0219or Dan a evitat s\u0103 ofere un r\u0103spuns concret.<\/p>\n<p>\u201eSunt multe ipoteze de lucru\u201d, a spus pre\u0219edintele, preciz\u00e2nd c\u0103 au existat numeroase discu\u021bii cu toate p\u0103r\u021bile implicate.<\/p>\n<p>Acesta consider\u0103 \u00eens\u0103 c\u0103 nu este util ca variantele de majoritate \u0219i numele discutate s\u0103 fie dezb\u0103tute public \u00eenainte de apari\u021bia unei nominaliz\u0103ri oficiale.<\/p>\n<p>Ce nume sunt vehiculate pentru func\u021bia de premierPotrivit unor surse politice citate \u00een spa\u021biul public, printre variantele discutate pentru func\u021bia de premier s-ar afla Eugen Tomac \u0219i Alexandru Nazare.<\/p>\n<p>Sursele sus\u021bin c\u0103 Alexandru Nazare ar avea \u0219anse importante datorit\u0103 rela\u021biilor bune cu mai multe forma\u021biuni parlamentare, inclusiv PNL, PSD \u0219i UDMR.<\/p>\n<p>Aceste variante nu au fost \u00eens\u0103 confirmate oficial de pre\u0219edintele Nicu\u0219or Dan.<\/p>\n<p>Sunt necesare cel pu\u021bin 233 de voturiPentru \u00eenvestirea unui nou guvern sunt necesare minimum 233 de voturi \u00een Parlament.<\/p>\n<p>PSD dispune singur de 123 de voturi, astfel c\u0103 orice formul\u0103 sus\u021binut\u0103 de social-democra\u021bi are nevoie \u0219i de sprijinul altor partide sau parlamentari.<\/p>\n<p>\u00cen acest context, consult\u0103rile de la \u00eenceputul lunii septembrie vor fi decisive pentru stabilirea unei majorit\u0103\u021bi \u0219i desemnarea candidatului care va \u00eencerca s\u0103 ob\u021bin\u0103 votul de \u00eencredere al Parlamentului.<\/p>\n","protected":false},"excerpt":{"rendered":"<p>Pre\u0219edintele Nicu\u0219or Dan a anun\u021bat c\u0103 pe 1 septembrie vor avea loc noi consult\u0103ri cu partidele politice pentru desemnarea unui candidat la func\u021bia de prim-ministru. \u0218eful statului spune c\u0103, \u00een acest moment, nu vede suficient sprijin pentru un guvern tehnocrat \u0219i consider\u0103 mult mai probabil\u0103 formarea unui executiv cu mini\u0219tri politici. Declara\u021biile au fost f\u0103cute &#8230; <a title=\"E OFICIAL! Noul premier\u2026\" class=\"read-more\" href=\"https:\/\/stiri-faine.com\/?p=6060\" aria-label=\"Read more about E OFICIAL! Noul premier\u2026\">Read more<\/a><\/p>\n","protected":false},"author":1,"featured_media":0,"comment_status":"open","ping_status":"open","sticky":false,"template":"","format":"standard","meta":{"footnotes":""},"categories":[1],"tags":[],"class_list":["post-6060","post","type-post","status-publish","format-standard","hentry","category-uncategorized"],"_links":{"self":[{"href":"https:\/\/stiri-faine.com\/index.php?rest_route=\/wp\/v2\/posts\/6060","targetHints":{"allow":["GET"]}}],"collection":[{"href":"https:\/\/stiri-faine.com\/index.php?rest_route=\/wp\/v2\/posts"}],"about":[{"href":"https:\/\/stiri-faine.com\/index.php?rest_route=\/wp\/v2\/types\/post"}],"author":[{"embeddable":true,"href":"https:\/\/stiri-faine.com\/index.php?rest_route=\/wp\/v2\/users\/1"}],"replies":[{"embeddable":true,"href":"https:\/\/stiri-faine.com\/index.php?rest_route=%2Fwp%2Fv2%2Fcomments&post=6060"}],"version-history":[{"count":0,"href":"https:\/\/stiri-faine.com\/index.php?rest_route=\/wp\/v2\/posts\/6060\/revisions"}],"wp:attachment":[{"href":"https:\/\/stiri-faine.com\/index.php?rest_route=%2Fwp%2Fv2%2Fmedia&parent=6060"}],"wp:term":[{"taxonomy":"category","embeddable":true,"href":"https:\/\/stiri-faine.com\/index.php?rest_route=%2Fwp%2Fv2%2Fcategories&post=6060"},{"taxonomy":"post_tag","embeddable":true,"href":"https:\/\/stiri-faine.com\/index.php?rest_route=%2Fwp%2Fv2%2Ftags&post=6060"}],"curies":[{"name":"wp","href":"https:\/\/api.w.org\/{rel}","templated":true}]}}