{"id":6057,"date":"2026-09-03T05:21:07","date_gmt":"2026-09-03T05:21:07","guid":{"rendered":"https:\/\/stiri-faine.com\/?p=6057"},"modified":"2026-09-03T05:21:07","modified_gmt":"2026-09-03T05:21:07","slug":"s0c-in-romania-ccr-a-anulat-vezi-mai-mult-2","status":"publish","type":"post","link":"https:\/\/stiri-faine.com\/?p=6057","title":{"rendered":"\u02180C \u00een Rom\u00e2nia! CCR a anulat\u2026 Vezi mai mult"},"content":{"rendered":"<p>Dominic Fritz reac\u021bioneaz\u0103 dur dup\u0103 decizia Cur\u021bii Constitu\u021bionale privind legea ANI \u0219i anun\u021b\u0103 c\u0103 inten\u021bioneaz\u0103 s\u0103 \u00ee\u0219i continue demersurile la Curtea European\u0103 a Drepturilor Omului. Primarul Timi\u0219oarei sus\u021bine c\u0103, dac\u0103 actul normativ va fi promulgat, mandatul s\u0103u ar putea \u00eenceta \u00een termen de 30 de zile.<\/p>\n<p>Edilul consider\u0103 c\u0103 o asemenea consecin\u021b\u0103 ar reprezenta aplicarea retroactiv\u0103 a unei sanc\u021biuni pentru fapte petrecute \u00eenainte de intrarea \u00een vigoare a noilor prevederi. Acuza\u021biile lansate de Fritz la adresa PSD \u0219i a unor institu\u021bii ale statului reprezint\u0103 pozi\u021bia sa politic\u0103 \u0219i nu constat\u0103ri judiciare.<\/p>\n<p>Primarul Timi\u0219oarei spune c\u0103 nu inten\u021bioneaz\u0103 s\u0103 renun\u021be la lupt\u0103 \u0219i c\u0103 urm\u0103torul pas va fi sesizarea Cur\u021bii Europene a Drepturilor Omului.<\/p>\n<p>\u00cen mesajul s\u0103u public, Fritz invoc\u0103 articolul 15 din Constitu\u021bia Rom\u00e2niei, potrivit c\u0103ruia legea dispune numai pentru viitor, cu excep\u021biile prev\u0103zute de Constitu\u021bie.<\/p>\n<p>Edilul sus\u021bine c\u0103 situa\u021bia sa ar putea crea un precedent periculos \u0219i afirm\u0103 c\u0103 demersul s\u0103u nu urm\u0103re\u0219te doar p\u0103strarea func\u021biei, ci \u0219i ap\u0103rarea voturilor primite din partea timi\u0219orenilor.<\/p>\n<p>\u201eDrumul meu continu\u0103 la CEDO. Nu m\u0103 voi lupta pentru mine, ci pentru votul liber dat de timi\u0219oreni\u201d, a transmis Dominic Fritz.<\/p>\n<p>Potrivit interpret\u0103rii prezentate de Dominic Fritz, dac\u0103 pre\u0219edintele va promulga legea ANI \u00een forma actual\u0103, mandatul s\u0103u de primar ar urma s\u0103 \u00eenceteze dup\u0103 30 de zile.<\/p>\n<p>Fritz contest\u0103 aceast\u0103 posibilitate \u0219i sus\u021bine c\u0103 ar fi sanc\u021bionat \u00een baza unor prevederi adoptate ulterior faptelor pentru care a fost vizat.<\/p>\n<p>\u201eDac\u0103 pre\u0219edintele va promulga legea ANI, mandatul meu de primar va \u00eenceta \u00een 30 zile, ca o sanc\u021biune retroactiv\u0103 pentru lucruri care s-au \u00eent\u00e2mplat \u00eenainte s\u0103 intre \u00een vigoare legea\u201d, a afirmat edilul.<\/p>\n<p>Primarul Timi\u0219oarei a lansat, totodat\u0103, acuza\u021bii dure la adresa PSD, sus\u021bin\u00e2nd c\u0103 decizia reprezint\u0103 un \u201eabuz de putere\u201d. Afirma\u021biile au fost f\u0103cute \u00een contextul disputei politice \u0219i juridice generate de situa\u021bia sa.<\/p>\n<p>Edilul a revenit \u0219i asupra circumstan\u021belor care au stat la baza constat\u0103rii conflictului de interese.<\/p>\n<p>Potrivit explica\u021biilor sale, situa\u021bia dateaz\u0103 din anul 2020, de la \u00eenceputul primului s\u0103u mandat la Prim\u0103ria Timi\u0219oara. Fritz sus\u021bine c\u0103 a semnat o dublur\u0103 a unui referat care fusese deja semnat de fostul primar \u0219i care privea un Plan Urbanistic Zonal elaborat \u00eenainte ca el s\u0103 ajung\u0103 la conducerea administra\u021biei locale.<\/p>\n<p>Primarul mai afirm\u0103 c\u0103, potrivit noilor prevederi, acte normative precum un PUZ nu ar mai putea fi \u00eencadrate \u00een acela\u0219i mod la conflict de interese.<\/p>\n<p>Din acest motiv, Fritz consider\u0103 contradictoriu faptul c\u0103 o fapt\u0103 care, \u00een interpretarea sa, nu ar mai produce ast\u0103zi aceea\u0219i consecin\u021b\u0103 poate conduce la pierderea mandatului pentru o situa\u021bie din trecut.<\/p>\n<p>Dominic Fritz anun\u021b\u0103 astfel c\u0103 disputa nu se va \u00eencheia odat\u0103 cu decizia CCR. \u00cen cazul \u00een care consecin\u021bele legislative pe care le anticipeaz\u0103 se vor produce, acesta spune c\u0103 va \u00eencerca s\u0103 \u00ee\u0219i apere drepturile la nivel european.<\/p>\n<p>R\u0103m\u00e2ne de v\u0103zut ce se va \u00eent\u00e2mpla cu actul normativ \u0219i care vor fi efectele juridice concrete asupra mandatului s\u0103u.<\/p>\n<p>Cert este c\u0103 primarul Timi\u0219oarei transmite c\u0103 nu inten\u021bioneaz\u0103 s\u0103 accepte situa\u021bia f\u0103r\u0103 alte demersuri juridice \u0219i c\u0103 este preg\u0103tit s\u0103 duc\u0103 disputa p\u00e2n\u0103 la CEDO.<\/p>\n","protected":false},"excerpt":{"rendered":"<p>Dominic Fritz reac\u021bioneaz\u0103 dur dup\u0103 decizia Cur\u021bii Constitu\u021bionale privind legea ANI \u0219i anun\u021b\u0103 c\u0103 inten\u021bioneaz\u0103 s\u0103 \u00ee\u0219i continue demersurile la Curtea European\u0103 a Drepturilor Omului. Primarul Timi\u0219oarei sus\u021bine c\u0103, dac\u0103 actul normativ va fi promulgat, mandatul s\u0103u ar putea \u00eenceta \u00een termen de 30 de zile. Edilul consider\u0103 c\u0103 o asemenea consecin\u021b\u0103 ar reprezenta aplicarea &#8230; <a title=\"\u02180C \u00een Rom\u00e2nia! CCR a anulat\u2026 Vezi mai mult\" class=\"read-more\" href=\"https:\/\/stiri-faine.com\/?p=6057\" aria-label=\"Read more about \u02180C \u00een Rom\u00e2nia! CCR a anulat\u2026 Vezi mai mult\">Read more<\/a><\/p>\n","protected":false},"author":1,"featured_media":0,"comment_status":"open","ping_status":"open","sticky":false,"template":"","format":"standard","meta":{"footnotes":""},"categories":[1],"tags":[],"class_list":["post-6057","post","type-post","status-publish","format-standard","hentry","category-uncategorized"],"_links":{"self":[{"href":"https:\/\/stiri-faine.com\/index.php?rest_route=\/wp\/v2\/posts\/6057","targetHints":{"allow":["GET"]}}],"collection":[{"href":"https:\/\/stiri-faine.com\/index.php?rest_route=\/wp\/v2\/posts"}],"about":[{"href":"https:\/\/stiri-faine.com\/index.php?rest_route=\/wp\/v2\/types\/post"}],"author":[{"embeddable":true,"href":"https:\/\/stiri-faine.com\/index.php?rest_route=\/wp\/v2\/users\/1"}],"replies":[{"embeddable":true,"href":"https:\/\/stiri-faine.com\/index.php?rest_route=%2Fwp%2Fv2%2Fcomments&post=6057"}],"version-history":[{"count":0,"href":"https:\/\/stiri-faine.com\/index.php?rest_route=\/wp\/v2\/posts\/6057\/revisions"}],"wp:attachment":[{"href":"https:\/\/stiri-faine.com\/index.php?rest_route=%2Fwp%2Fv2%2Fmedia&parent=6057"}],"wp:term":[{"taxonomy":"category","embeddable":true,"href":"https:\/\/stiri-faine.com\/index.php?rest_route=%2Fwp%2Fv2%2Fcategories&post=6057"},{"taxonomy":"post_tag","embeddable":true,"href":"https:\/\/stiri-faine.com\/index.php?rest_route=%2Fwp%2Fv2%2Ftags&post=6057"}],"curies":[{"name":"wp","href":"https:\/\/api.w.org\/{rel}","templated":true}]}}