{"id":6051,"date":"2026-09-03T05:19:28","date_gmt":"2026-09-03T05:19:28","guid":{"rendered":"https:\/\/stiri-faine.com\/?p=6051"},"modified":"2026-09-03T05:19:28","modified_gmt":"2026-09-03T05:19:28","slug":"in-acest-moment-cass-ul-in-cazul-pensiilor-de-peste-3-000-de-lei-se-2","status":"publish","type":"post","link":"https:\/\/stiri-faine.com\/?p=6051","title":{"rendered":"\u00ceN ACEST MOMENT!! CASS-ul \u00een cazul pensiilor de peste 3.000 de lei se\u2026"},"content":{"rendered":"<p>Pensionarii care \u00eencaseaz\u0103 venituri de peste 3.000 de lei ar putea continua s\u0103 pl\u0103teasc\u0103 contribu\u021bia la asigur\u0103rile sociale de s\u0103n\u0103tate \u0219i dup\u0103 31 decembrie 2027. Ministrul interimar al Muncii, Drago\u0219 P\u00eeslaru, a explicat c\u0103 o astfel de decizie nu a fost \u00eenc\u0103 luat\u0103, \u00eens\u0103 posibilitatea va fi analizat\u0103 \u00een func\u021bie de situa\u021bia financiar\u0103 a sistemului de s\u0103n\u0103tate.<\/p>\n<p>\u00cen prezent, legisla\u021bia prevede aplicarea CASS pentru partea din pensie care dep\u0103\u0219e\u0219te pragul de 3.000 de lei p\u00e2n\u0103 la finalul anului 2027.<\/p>\n<p>Ministerul Finan\u021belor va analiza dac\u0103 m\u0103sura trebuie prelungit\u0103Drago\u0219 P\u00eeslaru a declarat c\u0103 Ministerul Finan\u021belor va trebui s\u0103 evalueze impactul actualei contribu\u021bii \u0219i s\u0103 stabileasc\u0103 dac\u0103 exist\u0103 motive pentru men\u021binerea acesteia \u0219i dup\u0103 termenul prev\u0103zut \u00een prezent.<\/p>\n<p>\u201eCu siguran\u021b\u0103, Ministerul de Finan\u021be va efectua o analiz\u0103 cu privire la necesitatea \u0219i modalitatea de prelungire a acestei m\u0103suri\u201d, a afirmat ministrul interimar al Muncii.<\/p>\n<p>Acesta a subliniat c\u0103 nu exist\u0103, \u00een acest moment, o hot\u0103r\u00e2re definitiv\u0103 privind prelungirea.<\/p>\n<p>Deficitul sistemului de s\u0103n\u0103tate, unul dintre argumentele analizatePotrivit lui Drago\u0219 P\u00eeslaru, m\u0103surile fiscale aplicate p\u00e2n\u0103 acum ar fi contribuit la reducerea deficitului bugetului asigur\u0103rilor de s\u0103n\u0103tate.<\/p>\n<p>\u201eDeficitul Casei de Asigur\u0103ri de S\u0103n\u0103tate a sc\u0103zut semnificativ datorit\u0103 acestor m\u0103suri, iar f\u0103r\u0103 ele am fi avut un deficit estimat la aproximativ 4 miliarde de lei\u201d, a declarat oficialul.<\/p>\n<p>Tocmai acest impact asupra finan\u021b\u0103rii sistemului sanitar ar putea c\u00e2nt\u0103ri \u00een decizia privind men\u021binerea sau eliminarea contribu\u021biei dup\u0103 2027.<\/p>\n<p>Ce se \u00eent\u00e2mpl\u0103 dup\u0103 31 decembrie 2027Pentru pensionari, informa\u021bia important\u0103 este c\u0103 actualele reguli se aplic\u0103 p\u00e2n\u0103 la 31 decembrie 2027.<\/p>\n<p>Dup\u0103 aceast\u0103 dat\u0103, contribu\u021bia nu poate fi prelungit\u0103 automat f\u0103r\u0103 o decizie oficial\u0103 \u0219i f\u0103r\u0103 modificarea cadrului legislativ.<\/p>\n<p>Astfel, scenariul \u00een care pensionarii cu venituri peste 3.000 de lei vor continua s\u0103 pl\u0103teasc\u0103 CASS \u0219i dup\u0103 2027 r\u0103m\u00e2ne, deocamdat\u0103, doar o variant\u0103 aflat\u0103 \u00een analiz\u0103.<\/p>\n<p>P\u00eeslaru: \u201eBruxelles-ul nu ne dicteaz\u0103 bugetul s\u0103n\u0103t\u0103\u021bii\u201dSubiectul a fost discutat \u0219i \u00een contextul unor schimburi tehnice dintre autorit\u0103\u021bile rom\u00e2ne \u0219i Comisia European\u0103.<\/p>\n<p>Drago\u0219 P\u00eeslaru a \u021binut \u00eens\u0103 s\u0103 precizeze c\u0103 eventualele recomand\u0103ri venite din partea institu\u021biilor europene nu \u00eenseamn\u0103 automat obliga\u021bii pentru Rom\u00e2nia.<\/p>\n<p>\u201eCu siguran\u021b\u0103, Bruxelles-ul nu ne dicteaz\u0103 cum s\u0103 gestion\u0103m bugetul Casei de Asigur\u0103ri de S\u0103n\u0103tate\u201d, a spus ministrul.<\/p>\n<p>\u00cen final, decizia va apar\u021bine autorit\u0103\u021bilor rom\u00e2ne \u0219i va trebui s\u0103 \u021bin\u0103 cont at\u00e2t de nevoile de finan\u021bare ale sistemului medical, c\u00e2t \u0219i de impactul asupra veniturilor pensionarilor.<\/p>\n<p>Pentru moment, singura certitudine este c\u0103 actuala contribu\u021bie r\u0103m\u00e2ne \u00een vigoare p\u00e2n\u0103 la finalul anului 2027, iar orice prelungire va necesita o nou\u0103 decizie legislativ\u0103.<\/p>\n","protected":false},"excerpt":{"rendered":"<p>Pensionarii care \u00eencaseaz\u0103 venituri de peste 3.000 de lei ar putea continua s\u0103 pl\u0103teasc\u0103 contribu\u021bia la asigur\u0103rile sociale de s\u0103n\u0103tate \u0219i dup\u0103 31 decembrie 2027. Ministrul interimar al Muncii, Drago\u0219 P\u00eeslaru, a explicat c\u0103 o astfel de decizie nu a fost \u00eenc\u0103 luat\u0103, \u00eens\u0103 posibilitatea va fi analizat\u0103 \u00een func\u021bie de situa\u021bia financiar\u0103 a sistemului &#8230; <a title=\"\u00ceN ACEST MOMENT!! CASS-ul \u00een cazul pensiilor de peste 3.000 de lei se\u2026\" class=\"read-more\" href=\"https:\/\/stiri-faine.com\/?p=6051\" aria-label=\"Read more about \u00ceN ACEST MOMENT!! CASS-ul \u00een cazul pensiilor de peste 3.000 de lei se\u2026\">Read more<\/a><\/p>\n","protected":false},"author":1,"featured_media":0,"comment_status":"open","ping_status":"open","sticky":false,"template":"","format":"standard","meta":{"footnotes":""},"categories":[1],"tags":[],"class_list":["post-6051","post","type-post","status-publish","format-standard","hentry","category-uncategorized"],"_links":{"self":[{"href":"https:\/\/stiri-faine.com\/index.php?rest_route=\/wp\/v2\/posts\/6051","targetHints":{"allow":["GET"]}}],"collection":[{"href":"https:\/\/stiri-faine.com\/index.php?rest_route=\/wp\/v2\/posts"}],"about":[{"href":"https:\/\/stiri-faine.com\/index.php?rest_route=\/wp\/v2\/types\/post"}],"author":[{"embeddable":true,"href":"https:\/\/stiri-faine.com\/index.php?rest_route=\/wp\/v2\/users\/1"}],"replies":[{"embeddable":true,"href":"https:\/\/stiri-faine.com\/index.php?rest_route=%2Fwp%2Fv2%2Fcomments&post=6051"}],"version-history":[{"count":0,"href":"https:\/\/stiri-faine.com\/index.php?rest_route=\/wp\/v2\/posts\/6051\/revisions"}],"wp:attachment":[{"href":"https:\/\/stiri-faine.com\/index.php?rest_route=%2Fwp%2Fv2%2Fmedia&parent=6051"}],"wp:term":[{"taxonomy":"category","embeddable":true,"href":"https:\/\/stiri-faine.com\/index.php?rest_route=%2Fwp%2Fv2%2Fcategories&post=6051"},{"taxonomy":"post_tag","embeddable":true,"href":"https:\/\/stiri-faine.com\/index.php?rest_route=%2Fwp%2Fv2%2Ftags&post=6051"}],"curies":[{"name":"wp","href":"https:\/\/api.w.org\/{rel}","templated":true}]}}