{"id":6015,"date":"2026-09-02T06:18:24","date_gmt":"2026-09-02T06:18:24","guid":{"rendered":"https:\/\/stiri-faine.com\/?p=6015"},"modified":"2026-09-02T06:18:25","modified_gmt":"2026-09-02T06:18:25","slug":"doliu-in-muzica-populara-s-a-stins-din-viata-una-dintre-cele-mai-iubite-artiste","status":"publish","type":"post","link":"https:\/\/stiri-faine.com\/?p=6015","title":{"rendered":"Doliu \u00een muzica popular\u0103. S-a stins din via\u021b\u0103 una dintre cele mai iubite artiste"},"content":{"rendered":"\n<p class=\"wp-block-paragraph\">Lumea folclorului rom\u00e2nesc este \u00een doliu dup\u0103 moartea Mariei Haiduc, una dintre cele mai apreciate \u0219i reprezentative interprete de muzic\u0103 popular\u0103 din zona Cri\u0219anei.<\/p>\n\n\n\n<p class=\"wp-block-paragraph\">Aceasta s-a stins din via\u021b\u0103 la v\u00e2rsta de 86 de ani, l\u0103s\u00e2nd \u00een urm\u0103 o carier\u0103 de aproape \u0219apte decenii dedicat\u0103 promov\u0103rii tradi\u021biilor \u0219i c\u00e2ntecului popular.<\/p>\n\n\n\n<h2 class=\"wp-block-heading\">Mesajul fiului artistei<\/h2>\n\n\n\n<p class=\"wp-block-paragraph\">Vestea a fost anun\u021bat\u0103 de fiul s\u0103u, fostul fotbalist Marcel Pu\u0219ca\u0219, printr-un mesaj emo\u021bionant publicat pe re\u021belele de socializare.<\/p>\n\n\n\n<p class=\"wp-block-paragraph\"><em>\u201eAcum dou\u0103 ore am \u00eentors ultima fil\u0103 a unei lungi \u0219i frumoase pove\u0219ti.<br>Un drum parcurs \u00eempreun\u0103 cu ea timp de aproape 66 de ani.<br>A fost u\u0219or \u0219i greu deopotriv\u0103.<br>A fost mereu optimist\u0103.<br>M-a purtat mereu \u00een g\u00e2ndurile ei, \u0219i eu pe ea, la fel.<br>Sunt m\u00e2ndru de o asemenea mam\u0103!<br>A fost o femeie vesel\u0103, generoas\u0103, r\u0103bd\u0103toare \u0219i plin\u0103 de pove\u021be.<br>A fost o profesionist\u0103 \u00een meserie sa, una pe care a iubit-o enorm \u0219i \u00een a c\u0103rei istorii va d\u0103inui.<br>A fost o iubitoare de Oradea \u0219i Rom\u00e2nia, de Bihor \u0219i de folclor.<br>\u00cenainte de toate a fost o familist\u0103 convins\u0103.<br>Mi-a fost \u0219i pav\u0103z\u0103 \u0219i mentor, dar ce nu mi-a fost!<br>66 de ani \u00eenseamn\u0103 o via\u021b\u0103 de om \u00een care mi-a fost tot ce poate oferi o mam\u0103.<br>Acum, la desp\u0103r\u021birea fizic\u0103, \u00eei pot spune MUL\u021aUMESC!<br>Dumnezeu s\u0103 te odihneasc\u0103, mam\u0103!<br>Te voi iubi mereu!\u201d<\/em>, a transmis acesta.<\/p>\n\n\n\n<figure class=\"wp-block-image size-full\"><img loading=\"lazy\" decoding=\"async\" width=\"440\" height=\"485\" src=\"https:\/\/stiri-faine.com\/wp-content\/uploads\/2026\/09\/image.png\" alt=\"\" class=\"wp-image-6016\" srcset=\"https:\/\/stiri-faine.com\/wp-content\/uploads\/2026\/09\/image.png 440w, https:\/\/stiri-faine.com\/wp-content\/uploads\/2026\/09\/image-272x300.png 272w\" sizes=\"auto, (max-width: 440px) 100vw, 440px\" \/><\/figure>\n\n\n\n<h2 class=\"wp-block-heading\">Cine a fost Maria Haiduc<\/h2>\n\n\n\n<p class=\"wp-block-paragraph\">Supranumit\u0103 \u201edoamna c\u00e2ntecului popular din Cri\u0219ana\u201d, Maria Haiduc s-a n\u0103scut la 29 septembrie 1939, la Oradea. A urcat pentru prima dat\u0103 pe scen\u0103 \u00een anul 1955 \u0219i a devenit, de-a lungul timpului, una dintre cele mai cunoscute voci ale folclorului bihorean.<\/p>\n\n\n\n<p class=\"wp-block-paragraph\">Prin repertoriul s\u0103u autentic \u0219i activitatea artistic\u0103 desf\u0103\u0219urat\u0103 timp de mai multe decenii, interpreta a contribuit semnificativ la p\u0103strarea \u0219i promovarea tradi\u021biilor populare rom\u00e2ne\u0219ti. De asemenea, a colaborat cu numero\u0219i arti\u0219ti consacra\u021bi \u0219i a fost o prezen\u021b\u0103 constant\u0103 \u00een emisiunile dedicate folclorului, difuzate de Televiziunea Rom\u00e2n\u0103.<\/p>\n\n\n\n<p class=\"wp-block-paragraph\">Moartea Mariei Haiduc reprezint\u0103 o pierdere important\u0103 pentru patrimoniul cultural rom\u00e2nesc \u0219i pentru genera\u021biile de iubitori ai muzicii populare care au apreciat talentul \u0219i autenticitatea artistei, potrvit\u00a0spynews.ro.<\/p>\n\n\n\n<p class=\"wp-block-paragraph\">Cei care au cunoscut-o o descriu ca o personalitate dedicat\u0103 folclorului, familiei \u0219i valorilor tradi\u021bionale, l\u0103s\u00e2nd \u00een urm\u0103 o mo\u0219tenire artistic\u0103 ce va continua s\u0103 inspire genera\u021biile viitoare.<\/p>\n","protected":false},"excerpt":{"rendered":"<p>Lumea folclorului rom\u00e2nesc este \u00een doliu dup\u0103 moartea Mariei Haiduc, una dintre cele mai apreciate \u0219i reprezentative interprete de muzic\u0103 popular\u0103 din zona Cri\u0219anei. Aceasta s-a stins din via\u021b\u0103 la v\u00e2rsta de 86 de ani, l\u0103s\u00e2nd \u00een urm\u0103 o carier\u0103 de aproape \u0219apte decenii dedicat\u0103 promov\u0103rii tradi\u021biilor \u0219i c\u00e2ntecului popular. Mesajul fiului artistei Vestea a &#8230; <a title=\"Doliu \u00een muzica popular\u0103. S-a stins din via\u021b\u0103 una dintre cele mai iubite artiste\" class=\"read-more\" href=\"https:\/\/stiri-faine.com\/?p=6015\" aria-label=\"Read more about Doliu \u00een muzica popular\u0103. S-a stins din via\u021b\u0103 una dintre cele mai iubite artiste\">Read more<\/a><\/p>\n","protected":false},"author":1,"featured_media":0,"comment_status":"open","ping_status":"open","sticky":false,"template":"","format":"standard","meta":{"footnotes":""},"categories":[1],"tags":[],"class_list":["post-6015","post","type-post","status-publish","format-standard","hentry","category-uncategorized"],"_links":{"self":[{"href":"https:\/\/stiri-faine.com\/index.php?rest_route=\/wp\/v2\/posts\/6015","targetHints":{"allow":["GET"]}}],"collection":[{"href":"https:\/\/stiri-faine.com\/index.php?rest_route=\/wp\/v2\/posts"}],"about":[{"href":"https:\/\/stiri-faine.com\/index.php?rest_route=\/wp\/v2\/types\/post"}],"author":[{"embeddable":true,"href":"https:\/\/stiri-faine.com\/index.php?rest_route=\/wp\/v2\/users\/1"}],"replies":[{"embeddable":true,"href":"https:\/\/stiri-faine.com\/index.php?rest_route=%2Fwp%2Fv2%2Fcomments&post=6015"}],"version-history":[{"count":1,"href":"https:\/\/stiri-faine.com\/index.php?rest_route=\/wp\/v2\/posts\/6015\/revisions"}],"predecessor-version":[{"id":6017,"href":"https:\/\/stiri-faine.com\/index.php?rest_route=\/wp\/v2\/posts\/6015\/revisions\/6017"}],"wp:attachment":[{"href":"https:\/\/stiri-faine.com\/index.php?rest_route=%2Fwp%2Fv2%2Fmedia&parent=6015"}],"wp:term":[{"taxonomy":"category","embeddable":true,"href":"https:\/\/stiri-faine.com\/index.php?rest_route=%2Fwp%2Fv2%2Fcategories&post=6015"},{"taxonomy":"post_tag","embeddable":true,"href":"https:\/\/stiri-faine.com\/index.php?rest_route=%2Fwp%2Fv2%2Ftags&post=6015"}],"curies":[{"name":"wp","href":"https:\/\/api.w.org\/{rel}","templated":true}]}}