{"id":6004,"date":"2026-09-02T06:11:24","date_gmt":"2026-09-02T06:11:24","guid":{"rendered":"https:\/\/stiri-faine.com\/?p=6004"},"modified":"2026-09-02T06:11:24","modified_gmt":"2026-09-02T06:11:24","slug":"in-plina-criza-politica-ilie-bolojan-a-spus-clar-si-fara-ocolisuri-chiar-in-fata-jurnalistilor-ca","status":"publish","type":"post","link":"https:\/\/stiri-faine.com\/?p=6004","title":{"rendered":"\u00cen plin\u0103 criz\u0103 politic\u0103, Ilie Bolojan a spus, clar \u0219i f\u0103r\u0103 ocoli\u0219uri, chiar \u00een fa\u021ba jurnali\u0219tilor, c\u0103\u2026"},"content":{"rendered":"\n<p class=\"wp-block-paragraph\">Rom\u00e2nia a pierdut sute de milioane de euro din Planul Na\u021bional de Redresare \u0219i Rezilien\u021b\u0103 dup\u0103 ce mai multe jaloane asumate nu au fost \u00eendeplinite la timp. Premierul interimar Ilie Bolojan a f\u0103cut bilan\u021bul PNRR \u0219i a explicat care sunt reformele pentru care \u021bara noastr\u0103 nu a mai putut \u00eencasa fondurile europene.<\/p>\n\n\n\n<p class=\"wp-block-paragraph\">Printre cele mai mari pierderi se num\u0103r\u0103 aproximativ 770 de milioane de euro aferente reformei salariz\u0103rii, dar \u0219i alte 100 de milioane de euro legate de obiectivele privind decarbonizarea.<\/p>\n\n\n\n<p class=\"wp-block-paragraph\">Ilie Bolojan face bilan\u021bul PNRR<br>La finalul programului, Ilie Bolojan a explicat c\u0103 Rom\u00e2nia a beneficiat de dou\u0103 componente majore de finan\u021bare: granturi nerambursabile de aproximativ 13,5 miliarde de euro \u0219i \u00eemprumuturi a c\u0103ror valoare a fost redus\u0103 treptat p\u00e2n\u0103 la aproximativ 7 miliarde de euro.<\/p>\n\n\n\n<p class=\"wp-block-paragraph\">Premierul interimar sus\u021bine c\u0103, \u00een ciuda jaloanelor ratate, PNRR las\u0103 \u00een urm\u0103 investi\u021bii importante, \u00een special \u00een infrastructur\u0103.<\/p>\n\n\n\n<p class=\"wp-block-paragraph\">Bolojan a dat ca exemplu Autostrada Moldovei \u0219i a afirmat c\u0103 noi tronsoane urmeaz\u0103 s\u0103 fie deschise, ceea ce ar permite extinderea circula\u021biei pe autostrad\u0103 p\u00e2n\u0103 spre Pa\u0219cani.<\/p>\n\n\n\n<p class=\"wp-block-paragraph\">770 de milioane de euro pierdute din cauza Legii salariz\u0103rii<br>Cea mai important\u0103 sum\u0103 pierdut\u0103 este legat\u0103 de noua Lege a salariz\u0103rii, unul dintre jaloanele asumate prin PNRR.<\/p>\n\n\n\n<p class=\"wp-block-paragraph\">Potrivit lui Ilie Bolojan, Rom\u00e2nia nu a reu\u0219it s\u0103 adopte reforma \u00een termenul necesar, ceea ce a dus la pierderea a aproximativ 770 de milioane de euro.<\/p>\n\n\n\n<p class=\"wp-block-paragraph\">Premierul interimar sus\u021bine \u00eens\u0103 c\u0103 Guvernul pe care \u00eel conduce nu este responsabil pentru acest e\u0219ec \u0219i c\u0103 Executivul a \u00eencercat s\u0103 g\u0103seasc\u0103 o formul\u0103 politic\u0103 prin care proiectul s\u0103 fie adoptat.<\/p>\n\n\n\n<p class=\"wp-block-paragraph\">\u201eAm f\u0103cut tot ce a fost posibil ca s\u0103-l trecem. Din p\u0103cate, nu s-a dorit acest lucru\u201d, a declarat Ilie Bolojan.<\/p>\n\n\n\n<p class=\"wp-block-paragraph\">Rom\u00e2nia pierde bani \u0219i la capitolul decarbonizare<br>Un alt jalon ratat este cel privind decarbonizarea, pentru care Rom\u00e2nia ar fi pierdut aproximativ 100 de milioane de euro.<\/p>\n\n\n\n<p class=\"wp-block-paragraph\">Bolojan a explicat c\u0103 problemele sunt legate de angajamentele privind \u00eenchiderea unor capacit\u0103\u021bi energetice pe c\u0103rbune, f\u0103r\u0103 ca alternativele necesare s\u0103 fie finalizate la timp.<\/p>\n\n\n\n<p class=\"wp-block-paragraph\">Premierul a men\u021bionat situa\u021bia centralei de la Craiova, unde autorit\u0103\u021bile nu puteau risca s\u0103 lase popula\u021bia f\u0103r\u0103 \u00eenc\u0103lzire \u00een timpul iernii. De asemenea, \u00een Valea Jiului nu au fost realizate la timp proiectele necesare pentru \u00eenlocuirea unor grupuri energetice cu solu\u021bii pe gaz, fotovoltaice sau sisteme de stocare.<\/p>\n\n\n\n<p class=\"wp-block-paragraph\">Bolojan: Guvernul a \u00eencercat s\u0103 recupereze \u00eent\u00e2rzierile<br>Premierul interimar afirm\u0103 c\u0103 una dintre priorit\u0103\u021bile Executivului a fost recuperarea \u00eent\u00e2rzierilor acumulate \u0219i renegocierea jaloanelor care nu mai puteau fi \u00eendeplinite \u00een forma ini\u021bial\u0103.<\/p>\n\n\n\n<p class=\"wp-block-paragraph\">\u00cen unele cazuri, Rom\u00e2nia ar fi reu\u0219it s\u0103 reduc\u0103 amploarea anumitor obiective, astfel \u00eenc\u00e2t s\u0103 salveze o parte c\u00e2t mai mare din finan\u021barea european\u0103.<\/p>\n\n\n\n<p class=\"wp-block-paragraph\">Potrivit lui Bolojan, Rom\u00e2nia ar urma s\u0103 r\u0103m\u00e2n\u0103 cu granturi de aproximativ 12-13 miliarde de euro \u0219i cu o parte important\u0103 din componenta de \u00eemprumuturi.<\/p>\n\n\n\n<p class=\"wp-block-paragraph\">Chiar dac\u0103 sute de milioane de euro au fost pierdute, premierul interimar consider\u0103 c\u0103 PNRR a reprezentat un salt important pentru investi\u021biile din Rom\u00e2nia. Cele mai sensibile probleme r\u0103m\u00e2n \u00eens\u0103 reformele nefinalizate, \u00een special noua Lege a salariz\u0103rii \u0219i proiectele din domeniul energetic.<\/p>\n","protected":false},"excerpt":{"rendered":"<p>Rom\u00e2nia a pierdut sute de milioane de euro din Planul Na\u021bional de Redresare \u0219i Rezilien\u021b\u0103 dup\u0103 ce mai multe jaloane asumate nu au fost \u00eendeplinite la timp. Premierul interimar Ilie Bolojan a f\u0103cut bilan\u021bul PNRR \u0219i a explicat care sunt reformele pentru care \u021bara noastr\u0103 nu a mai putut \u00eencasa fondurile europene. Printre cele mai &#8230; <a title=\"\u00cen plin\u0103 criz\u0103 politic\u0103, Ilie Bolojan a spus, clar \u0219i f\u0103r\u0103 ocoli\u0219uri, chiar \u00een fa\u021ba jurnali\u0219tilor, c\u0103\u2026\" class=\"read-more\" href=\"https:\/\/stiri-faine.com\/?p=6004\" aria-label=\"Read more about \u00cen plin\u0103 criz\u0103 politic\u0103, Ilie Bolojan a spus, clar \u0219i f\u0103r\u0103 ocoli\u0219uri, chiar \u00een fa\u021ba jurnali\u0219tilor, c\u0103\u2026\">Read more<\/a><\/p>\n","protected":false},"author":1,"featured_media":0,"comment_status":"open","ping_status":"open","sticky":false,"template":"","format":"standard","meta":{"footnotes":""},"categories":[1],"tags":[],"class_list":["post-6004","post","type-post","status-publish","format-standard","hentry","category-uncategorized"],"_links":{"self":[{"href":"https:\/\/stiri-faine.com\/index.php?rest_route=\/wp\/v2\/posts\/6004","targetHints":{"allow":["GET"]}}],"collection":[{"href":"https:\/\/stiri-faine.com\/index.php?rest_route=\/wp\/v2\/posts"}],"about":[{"href":"https:\/\/stiri-faine.com\/index.php?rest_route=\/wp\/v2\/types\/post"}],"author":[{"embeddable":true,"href":"https:\/\/stiri-faine.com\/index.php?rest_route=\/wp\/v2\/users\/1"}],"replies":[{"embeddable":true,"href":"https:\/\/stiri-faine.com\/index.php?rest_route=%2Fwp%2Fv2%2Fcomments&post=6004"}],"version-history":[{"count":1,"href":"https:\/\/stiri-faine.com\/index.php?rest_route=\/wp\/v2\/posts\/6004\/revisions"}],"predecessor-version":[{"id":6006,"href":"https:\/\/stiri-faine.com\/index.php?rest_route=\/wp\/v2\/posts\/6004\/revisions\/6006"}],"wp:attachment":[{"href":"https:\/\/stiri-faine.com\/index.php?rest_route=%2Fwp%2Fv2%2Fmedia&parent=6004"}],"wp:term":[{"taxonomy":"category","embeddable":true,"href":"https:\/\/stiri-faine.com\/index.php?rest_route=%2Fwp%2Fv2%2Fcategories&post=6004"},{"taxonomy":"post_tag","embeddable":true,"href":"https:\/\/stiri-faine.com\/index.php?rest_route=%2Fwp%2Fv2%2Ftags&post=6004"}],"curies":[{"name":"wp","href":"https:\/\/api.w.org\/{rel}","templated":true}]}}