{"id":5998,"date":"2026-09-02T06:10:56","date_gmt":"2026-09-02T06:10:56","guid":{"rendered":"https:\/\/stiri-faine.com\/?p=5998"},"modified":"2026-09-02T06:10:56","modified_gmt":"2026-09-02T06:10:56","slug":"carmen-harra-a-prezis-ca-ilie-bolojan","status":"publish","type":"post","link":"https:\/\/stiri-faine.com\/?p=5998","title":{"rendered":"Carmen Harra a prezis c\u0103 Ilie Bolojan\u2026"},"content":{"rendered":"\n<p class=\"wp-block-paragraph\">Carmen Harra a f\u0103cut o serie de previziuni despre evolu\u021bia politic\u0103 a Rom\u00e2niei \u00een 2026, iar unul dintre numele aflate \u00een centrul interpret\u0103rilor sale este Ilie Bolojan. Parapsihologul sus\u021bine, pe baza numerologiei, c\u0103 acesta ar traversa o perioad\u0103 dificil\u0103, care i-ar putea pune \u00een pericol stabilitatea politic\u0103.<\/p>\n\n\n\n<p class=\"wp-block-paragraph\">Declara\u021biile au fost f\u0103cute \u00een cadrul emisiunii \u201eOnline Story by Cornelia Ionescu\u201d \u0219i au revenit \u00een aten\u021bie pe fondul tensiunilor \u0219i negocierilor de pe scena politic\u0103.<\/p>\n\n\n\n<p class=\"wp-block-paragraph\">Carmen Harra: \u201eCred c\u0103 aceasta va fi c\u0103derea lui Bolojan\u201d<br>Analiza realizat\u0103 de Carmen Harra porne\u0219te de la data de na\u0219tere a lui Ilie Bolojan \u0219i de la semnifica\u021biile numerologice pe care aceasta le atribuie anului 2026.<\/p>\n\n\n\n<p class=\"wp-block-paragraph\">Potrivit interpret\u0103rii sale, Bolojan s-ar afla \u00eentr-un \u201ean personal 2\u201d, perioad\u0103 despre care Harra spune c\u0103 poate aduce presiuni, blocaje \u0219i dificult\u0103\u021bi pentru oamenii afla\u021bi \u00een func\u021bii importante.<\/p>\n\n\n\n<p class=\"wp-block-paragraph\">\u201eDac\u0103 m\u0103 \u00eentreba\u021bi care este prima mare schimbare politic\u0103, eu cred c\u0103 aceasta va fi c\u0103derea lui Bolojan\u201d, a afirmat Carmen Harra.<\/p>\n\n\n\n<p class=\"wp-block-paragraph\">Aceasta a mers \u0219i mai departe cu interpretarea, sus\u021bin\u00e2nd c\u0103 un astfel de an ar putea face dificil\u0103 p\u0103strarea unei pozi\u021bii de putere.<\/p>\n\n\n\n<p class=\"wp-block-paragraph\">\u201eTeoretic, \u00eentr-un an 2 nu poate supravie\u021bui politic\u201d, a mai spus ea.<\/p>\n\n\n\n<p class=\"wp-block-paragraph\">Ar putea exista \u0219i un scenariu favorabil<br>Carmen Harra nu a prezentat \u00eens\u0103 previziunea ca pe un rezultat inevitabil.<\/p>\n\n\n\n<p class=\"wp-block-paragraph\">Potrivit acesteia, un context interna\u021bional favorabil sau sus\u021binerea unor lideri influen\u021bi ar putea modifica evolu\u021bia politic\u0103 a lui Ilie Bolojan.<\/p>\n\n\n\n<p class=\"wp-block-paragraph\">\u201eSingurul lucru care \u00eel putea salva era o conjunctur\u0103 interna\u021bional\u0103 favorabil\u0103 sau sus\u021binerea unor lideri puternici\u201d, a explicat parapsihologul.<\/p>\n\n\n\n<p class=\"wp-block-paragraph\">Ce spune despre Rom\u00e2nia \u00een 2026<br>\u00cen analiza sa, Carmen Harra descrie anul 2026 drept o perioad\u0103 important\u0103 pentru Rom\u00e2nia, marcat\u0103 de transform\u0103ri, repozi\u021bion\u0103ri \u0219i posibile schimb\u0103ri majore.<\/p>\n\n\n\n<p class=\"wp-block-paragraph\">\u201e2026 este un an care deschide un portal \u0219i poate aduce Rom\u00e2niei o \u0219ans\u0103 uria\u0219\u0103\u201d, a declarat aceasta.<\/p>\n\n\n\n<p class=\"wp-block-paragraph\">\u00cen interpretarea sa simbolic\u0103, \u021bara ar putea traversa o etap\u0103 de reconstruc\u021bie \u0219i ar putea c\u0103p\u0103ta o vizibilitate mai mare pe plan interna\u021bional.<\/p>\n\n\n\n<p class=\"wp-block-paragraph\">Previziunile numerologice r\u0103m\u00e2n interpret\u0103ri speculative<br>Afirma\u021biile lui Carmen Harra au generat interes mai ales \u00een contextul instabilit\u0103\u021bii \u0219i al disputelor politice din aceast\u0103 perioad\u0103.<\/p>\n\n\n\n<p class=\"wp-block-paragraph\">Totu\u0219i, numerologia \u0219i parapsihologia nu reprezint\u0103 metode \u0219tiin\u021bifice de anticipare a evenimentelor politice. Declara\u021biile sale trebuie privite ca interpret\u0103ri personale \u0219i simbolice, nu ca predic\u021bii certe despre viitor.<\/p>\n\n\n\n<p class=\"wp-block-paragraph\">\u00centr-un moment \u00een care numele lui Ilie Bolojan se afl\u0103 \u00een centrul unor discu\u021bii despre stabilitatea guvern\u0103rii, previziunile lui Carmen Harra au alimentat \u0219i mai mult dezbaterea privind eventualele schimb\u0103ri de la v\u00e2rful puterii.<\/p>\n","protected":false},"excerpt":{"rendered":"<p>Carmen Harra a f\u0103cut o serie de previziuni despre evolu\u021bia politic\u0103 a Rom\u00e2niei \u00een 2026, iar unul dintre numele aflate \u00een centrul interpret\u0103rilor sale este Ilie Bolojan. Parapsihologul sus\u021bine, pe baza numerologiei, c\u0103 acesta ar traversa o perioad\u0103 dificil\u0103, care i-ar putea pune \u00een pericol stabilitatea politic\u0103. Declara\u021biile au fost f\u0103cute \u00een cadrul emisiunii \u201eOnline &#8230; <a title=\"Carmen Harra a prezis c\u0103 Ilie Bolojan\u2026\" class=\"read-more\" href=\"https:\/\/stiri-faine.com\/?p=5998\" aria-label=\"Read more about Carmen Harra a prezis c\u0103 Ilie Bolojan\u2026\">Read more<\/a><\/p>\n","protected":false},"author":1,"featured_media":0,"comment_status":"open","ping_status":"open","sticky":false,"template":"","format":"standard","meta":{"footnotes":""},"categories":[1],"tags":[],"class_list":["post-5998","post","type-post","status-publish","format-standard","hentry","category-uncategorized"],"_links":{"self":[{"href":"https:\/\/stiri-faine.com\/index.php?rest_route=\/wp\/v2\/posts\/5998","targetHints":{"allow":["GET"]}}],"collection":[{"href":"https:\/\/stiri-faine.com\/index.php?rest_route=\/wp\/v2\/posts"}],"about":[{"href":"https:\/\/stiri-faine.com\/index.php?rest_route=\/wp\/v2\/types\/post"}],"author":[{"embeddable":true,"href":"https:\/\/stiri-faine.com\/index.php?rest_route=\/wp\/v2\/users\/1"}],"replies":[{"embeddable":true,"href":"https:\/\/stiri-faine.com\/index.php?rest_route=%2Fwp%2Fv2%2Fcomments&post=5998"}],"version-history":[{"count":1,"href":"https:\/\/stiri-faine.com\/index.php?rest_route=\/wp\/v2\/posts\/5998\/revisions"}],"predecessor-version":[{"id":6000,"href":"https:\/\/stiri-faine.com\/index.php?rest_route=\/wp\/v2\/posts\/5998\/revisions\/6000"}],"wp:attachment":[{"href":"https:\/\/stiri-faine.com\/index.php?rest_route=%2Fwp%2Fv2%2Fmedia&parent=5998"}],"wp:term":[{"taxonomy":"category","embeddable":true,"href":"https:\/\/stiri-faine.com\/index.php?rest_route=%2Fwp%2Fv2%2Fcategories&post=5998"},{"taxonomy":"post_tag","embeddable":true,"href":"https:\/\/stiri-faine.com\/index.php?rest_route=%2Fwp%2Fv2%2Ftags&post=5998"}],"curies":[{"name":"wp","href":"https:\/\/api.w.org\/{rel}","templated":true}]}}