{"id":5992,"date":"2026-09-02T06:10:29","date_gmt":"2026-09-02T06:10:29","guid":{"rendered":"https:\/\/stiri-faine.com\/?p=5992"},"modified":"2026-09-02T06:10:30","modified_gmt":"2026-09-02T06:10:30","slug":"anunt-uluitor-se-taie-din-pensii-din-luna-octombrie-pentru","status":"publish","type":"post","link":"https:\/\/stiri-faine.com\/?p=5992","title":{"rendered":"Anun\u021b uluitor! Se taie din pensii din luna octombrie pentru.."},"content":{"rendered":"\n<p class=\"wp-block-paragraph\">Rom\u00e2nii care locuiesc \u00een str\u0103in\u0103tate \u0219i primesc pensie din Rom\u00e2nia trebuie s\u0103 fie aten\u021bi la termenul-limit\u0103 pentru transmiterea certificatului de via\u021b\u0103. Pentru a doua verificare din anul 2026, documentul trebuie trimis p\u00e2n\u0103 la 30 septembrie.<\/p>\n\n\n\n<p class=\"wp-block-paragraph\">Cei care nu respect\u0103 termenul risc\u0103 suspendarea pl\u0103\u021bii pensiei \u00eencep\u00e2nd cu luna octombrie, p\u00e2n\u0103 la \u00eendeplinirea obliga\u021biei.<\/p>\n\n\n\n<p class=\"wp-block-paragraph\">Cine trebuie s\u0103 trimit\u0103 certificatul de via\u021b\u0103<br>Obliga\u021bia \u00eei vizeaz\u0103 pe pensionarii nereziden\u021bi care locuiesc \u00een afara Rom\u00e2niei \u0219i \u00ee\u0219i primesc pensia \u00eentr-un cont bancar, fie \u00een Rom\u00e2nia, fie \u00een str\u0103in\u0103tate, f\u0103r\u0103 s\u0103 fi desemnat un mandatar prin procur\u0103 special\u0103.<\/p>\n\n\n\n<p class=\"wp-block-paragraph\">Certificatul are rolul de a confirma c\u0103 beneficiarul este \u00een via\u021b\u0103 \u0219i c\u0103 plata pensiei poate continua.<\/p>\n\n\n\n<p class=\"wp-block-paragraph\">Regula este prev\u0103zut\u0103 de Legea nr. 360\/2023 privind sistemul public de pensii.<\/p>\n\n\n\n<p class=\"wp-block-paragraph\">Dac\u0103 pensionarul are un mandatar desemnat legal, acesta trebuie s\u0103 informeze casa de pensii \u00een cazul unor schimb\u0103ri importante, precum modificarea adresei sau decesul beneficiarului.<\/p>\n\n\n\n<p class=\"wp-block-paragraph\">Documentul trebuie trimis de dou\u0103 ori pe an<br>Pensionarii afla\u021bi \u00een aceast\u0103 situa\u021bie trebuie s\u0103 se ocupe din proprie ini\u021biativ\u0103 de transmiterea certificatului, f\u0103r\u0103 s\u0103 a\u0219tepte o notificare individual\u0103 din partea autorit\u0103\u021bilor.<\/p>\n\n\n\n<p class=\"wp-block-paragraph\">Cele dou\u0103 perioade stabilite sunt:<\/p>\n\n\n\n<p class=\"wp-block-paragraph\">1 ianuarie \u2013 31 martie;<br>1 iulie \u2013 30 septembrie.<br>A\u0219adar, documentul transmis \u00een prima parte a anului nu \u00eenlocuie\u0219te obliga\u021bia din toamn\u0103.<\/p>\n\n\n\n<p class=\"wp-block-paragraph\">Cum trebuie validat certificatul<br>Pentru a fi considerat valabil, formularul trebuie completat \u0219i semnat \u00een fa\u021ba unei autorit\u0103\u021bi competente din \u021bara \u00een care locuie\u0219te pensionarul.<\/p>\n\n\n\n<p class=\"wp-block-paragraph\">Institu\u021bia sau persoana autorizat\u0103 trebuie s\u0103 confirme prezen\u021ba beneficiarului \u0219i autenticitatea semn\u0103turii.<\/p>\n\n\n\n<p class=\"wp-block-paragraph\">\u00cen func\u021bie de \u021bara de re\u0219edin\u021b\u0103, certificarea poate fi realizat\u0103 de autorit\u0103\u021bi locale, institu\u021bii de pensii sau securitate social\u0103, ambasade, consulate, notari, avoca\u021bi sau medici de familie.<\/p>\n\n\n\n<p class=\"wp-block-paragraph\">\u00cen anumite situa\u021bii pot fi implicate \u0219i organiza\u021bii sau asocia\u021bii rom\u00e2ne\u0219ti recunoscute.<\/p>\n\n\n\n<p class=\"wp-block-paragraph\">Formularul exist\u0103 \u0219i \u00een variante bilingve<br>Certificatul de via\u021b\u0103 este disponibil \u00een mai multe variante bilingve, pentru a simplifica procedura \u00een \u021b\u0103rile \u00een care locuiesc pensionarii rom\u00e2ni.<\/p>\n\n\n\n<p class=\"wp-block-paragraph\">Dup\u0103 completare \u0219i certificare, documentul trebuie trimis c\u0103tre casa teritorial\u0103 de pensii competent\u0103, folosind modalit\u0103\u021bile de transmitere acceptate de institu\u021bie.<\/p>\n\n\n\n<p class=\"wp-block-paragraph\">Ce se \u00eent\u00e2mpl\u0103 dup\u0103 30 septembrie<br>Dac\u0103 documentul nu este transmis p\u00e2n\u0103 la termen, plata pensiei poate fi suspendat\u0103 \u00eencep\u00e2nd cu luna urm\u0103toare.<\/p>\n\n\n\n<p class=\"wp-block-paragraph\">Pentru termenul din aceast\u0103 toamn\u0103, asta \u00eenseamn\u0103 c\u0103 pensionarii care nu trimit certificatul p\u00e2n\u0103 la 30 septembrie 2026 pot avea pl\u0103\u021bile suspendate din octombrie.<\/p>\n\n\n\n<p class=\"wp-block-paragraph\">Suspendarea nu \u00eenseamn\u0103 pierderea definitiv\u0103 a dreptului la pensie. Dup\u0103 transmiterea certificatului \u0219i \u00eendeplinirea formalit\u0103\u021bilor, plata poate fi reluat\u0103 \u00een condi\u021biile prev\u0103zute de lege.<\/p>\n\n\n\n<p class=\"wp-block-paragraph\">Pentru cei viza\u021bi, verificarea documentelor \u0219i trimiterea certificatului \u00eenainte de termen sunt esen\u021biale pentru evitarea unei \u00eentreruperi temporare a pensiei.<\/p>\n","protected":false},"excerpt":{"rendered":"<p>Rom\u00e2nii care locuiesc \u00een str\u0103in\u0103tate \u0219i primesc pensie din Rom\u00e2nia trebuie s\u0103 fie aten\u021bi la termenul-limit\u0103 pentru transmiterea certificatului de via\u021b\u0103. Pentru a doua verificare din anul 2026, documentul trebuie trimis p\u00e2n\u0103 la 30 septembrie. Cei care nu respect\u0103 termenul risc\u0103 suspendarea pl\u0103\u021bii pensiei \u00eencep\u00e2nd cu luna octombrie, p\u00e2n\u0103 la \u00eendeplinirea obliga\u021biei. Cine trebuie s\u0103 &#8230; <a title=\"Anun\u021b uluitor! Se taie din pensii din luna octombrie pentru..\" class=\"read-more\" href=\"https:\/\/stiri-faine.com\/?p=5992\" aria-label=\"Read more about Anun\u021b uluitor! Se taie din pensii din luna octombrie pentru..\">Read more<\/a><\/p>\n","protected":false},"author":1,"featured_media":0,"comment_status":"open","ping_status":"open","sticky":false,"template":"","format":"standard","meta":{"footnotes":""},"categories":[1],"tags":[],"class_list":["post-5992","post","type-post","status-publish","format-standard","hentry","category-uncategorized"],"_links":{"self":[{"href":"https:\/\/stiri-faine.com\/index.php?rest_route=\/wp\/v2\/posts\/5992","targetHints":{"allow":["GET"]}}],"collection":[{"href":"https:\/\/stiri-faine.com\/index.php?rest_route=\/wp\/v2\/posts"}],"about":[{"href":"https:\/\/stiri-faine.com\/index.php?rest_route=\/wp\/v2\/types\/post"}],"author":[{"embeddable":true,"href":"https:\/\/stiri-faine.com\/index.php?rest_route=\/wp\/v2\/users\/1"}],"replies":[{"embeddable":true,"href":"https:\/\/stiri-faine.com\/index.php?rest_route=%2Fwp%2Fv2%2Fcomments&post=5992"}],"version-history":[{"count":1,"href":"https:\/\/stiri-faine.com\/index.php?rest_route=\/wp\/v2\/posts\/5992\/revisions"}],"predecessor-version":[{"id":5994,"href":"https:\/\/stiri-faine.com\/index.php?rest_route=\/wp\/v2\/posts\/5992\/revisions\/5994"}],"wp:attachment":[{"href":"https:\/\/stiri-faine.com\/index.php?rest_route=%2Fwp%2Fv2%2Fmedia&parent=5992"}],"wp:term":[{"taxonomy":"category","embeddable":true,"href":"https:\/\/stiri-faine.com\/index.php?rest_route=%2Fwp%2Fv2%2Fcategories&post=5992"},{"taxonomy":"post_tag","embeddable":true,"href":"https:\/\/stiri-faine.com\/index.php?rest_route=%2Fwp%2Fv2%2Ftags&post=5992"}],"curies":[{"name":"wp","href":"https:\/\/api.w.org\/{rel}","templated":true}]}}