{"id":5986,"date":"2026-09-02T06:10:02","date_gmt":"2026-09-02T06:10:02","guid":{"rendered":"https:\/\/stiri-faine.com\/?p=5986"},"modified":"2026-09-02T06:10:03","modified_gmt":"2026-09-02T06:10:03","slug":"intalnire-la-nivel-inalt-la-cotroceni-angela-merkel-primita-de-nicusor-dan","status":"publish","type":"post","link":"https:\/\/stiri-faine.com\/?p=5986","title":{"rendered":"\u00cent\u00e2lnire la nivel \u00eenalt la Cotroceni. Angela Merkel, primit\u0103 de Nicu\u0219or Dan"},"content":{"rendered":"\n<p class=\"wp-block-paragraph\">Pre\u0219edintele Nicu\u0219or Dan a primit-o mar\u021bi, la Palatul Cotroceni, pe Angela Merkel, fost cancelar al Germaniei, aflat\u0103 la Bucure\u0219ti pentru lansarea volumului s\u0103u de memorii. Cei doi au discutat despre situa\u021bia politic\u0103 \u0219i de securitate interna\u021bional\u0103, viitorul Uniunii Europene \u0219i cooperarea dintre Rom\u00e2nia \u0219i Germania \u00een domeniul ap\u0103r\u0103rii.<\/p>\n\n\n\n<p class=\"wp-block-paragraph\">\u00cent\u00e2lnirea a fost anun\u021bat\u0103 de \u0219eful statului printr-un mesaj publicat pe platforma X.<\/p>\n\n\n\n<p class=\"wp-block-paragraph\">Nicu\u0219or Dan \u0219i Angela Merkel, discu\u021bii despre securitatea Europei<br>Potrivit pre\u0219edintelui Rom\u00e2niei, dialogul cu Angela Merkel s-a concentrat asupra provoc\u0103rilor cu care se confrunt\u0103 \u00een prezent Europa \u0219i asupra rolului pe care Uniunea European\u0103 \u00eel poate avea \u00eentr-un context interna\u021bional tot mai complicat.<\/p>\n\n\n\n<p class=\"wp-block-paragraph\">Nicu\u0219or Dan a apreciat experien\u021ba politic\u0103 a fostului cancelar german \u0219i a precizat c\u0103 discu\u021biile au vizat inclusiv necesitatea unei Europe mai unite \u0219i mai capabile s\u0103 \u00ee\u0219i asume responsabilit\u0103\u021bi \u00een domeniul securit\u0103\u021bii.<\/p>\n\n\n\n<p class=\"wp-block-paragraph\">\u201eA fost foarte interesant s\u0103 ascult opiniile doamnei Merkel, bazate pe vasta sa experien\u021b\u0103 politic\u0103\u201d, a transmis pre\u0219edintele.<\/p>\n\n\n\n<p class=\"wp-block-paragraph\">Un alt subiect important a fost cooperarea dintre Rom\u00e2nia \u0219i Germania. Cei doi au discutat despre m\u0103surile prin care cele dou\u0103 state pot contribui la \u00eent\u0103rirea coeziunii europene \u0219i la consolidarea capacit\u0103\u021bii de ap\u0103rare a continentului.<\/p>\n\n\n\n<p class=\"wp-block-paragraph\">\u00cen acela\u0219i timp, Nicu\u0219or Dan a vorbit despre necesitatea ca statele europene s\u0103 \u00ee\u0219i asume o responsabilitate mai mare \u00een cadrul NATO.<\/p>\n\n\n\n<p class=\"wp-block-paragraph\">Angela Merkel \u00ee\u0219i lanseaz\u0103 memoriile la Bucure\u0219ti<br>Fostul cancelar german se afl\u0103 \u00een Rom\u00e2nia pentru lansarea c\u0103r\u021bii \u201eLibertate. Amintiri 1954-2021\u201d.<\/p>\n\n\n\n<p class=\"wp-block-paragraph\">Evenimentul este programat mar\u021bi sear\u0103, la Ateneul Rom\u00e2n, \u0219i va avea forma unui dialog public \u00eentre Angela Merkel \u0219i jurnalistul \u0219i diplomatul Emil Hurezeanu, fost ministru al Afacerilor Externe.<\/p>\n\n\n\n<p class=\"wp-block-paragraph\">Bucure\u0219tiul se num\u0103r\u0103 printre pu\u021binele capitale \u00een care Angela Merkel a ales s\u0103 participe personal la prezentarea volumului.<\/p>\n\n\n\n<p class=\"wp-block-paragraph\">Cartea a fost scris\u0103 \u00eempreun\u0103 cu Beate Baumann, consilierul politic care i-a fost al\u0103turi timp de mul\u021bi ani.<\/p>\n\n\n\n<p class=\"wp-block-paragraph\">Ce poveste\u0219te Angela Merkel \u00een carte<br>Volumul urm\u0103re\u0219te parcursul fostului cancelar de la copil\u0103ria \u0219i tinere\u021bea petrecute \u00een Republica Democrat\u0103 German\u0103 p\u00e2n\u0103 la ascensiunea sa \u00een politica Germaniei reunificate.<\/p>\n\n\n\n<p class=\"wp-block-paragraph\">Angela Merkel vorbe\u0219te despre c\u0103derea Zidului Berlinului, \u00eenceputurile sale \u00een politic\u0103 \u0219i \u00eent\u00e2lnirile cu unii dintre cei mai influen\u021bi lideri mondiali.<\/p>\n\n\n\n<p class=\"wp-block-paragraph\">Memoriile ofer\u0103 \u0219i perspectiva sa asupra unor momente importante din istoria recent\u0103 a Europei \u0219i asupra deciziilor care au marcat cei 16 ani \u00een care s-a aflat la conducerea Guvernului german.<\/p>\n\n\n\n<p class=\"wp-block-paragraph\">Volumul a fost lansat interna\u021bional \u00een 2024, \u00een peste 30 de \u021b\u0103ri, iar Bucure\u0219tiul se al\u0103tur\u0103 unor ora\u0219e precum Berlin, Washington, Budapesta \u0219i Atena, unde Angela Merkel a participat personal la evenimente de promovare.<\/p>\n","protected":false},"excerpt":{"rendered":"<p>Pre\u0219edintele Nicu\u0219or Dan a primit-o mar\u021bi, la Palatul Cotroceni, pe Angela Merkel, fost cancelar al Germaniei, aflat\u0103 la Bucure\u0219ti pentru lansarea volumului s\u0103u de memorii. Cei doi au discutat despre situa\u021bia politic\u0103 \u0219i de securitate interna\u021bional\u0103, viitorul Uniunii Europene \u0219i cooperarea dintre Rom\u00e2nia \u0219i Germania \u00een domeniul ap\u0103r\u0103rii. \u00cent\u00e2lnirea a fost anun\u021bat\u0103 de \u0219eful statului &#8230; <a title=\"\u00cent\u00e2lnire la nivel \u00eenalt la Cotroceni. Angela Merkel, primit\u0103 de Nicu\u0219or Dan\" class=\"read-more\" href=\"https:\/\/stiri-faine.com\/?p=5986\" aria-label=\"Read more about \u00cent\u00e2lnire la nivel \u00eenalt la Cotroceni. Angela Merkel, primit\u0103 de Nicu\u0219or Dan\">Read more<\/a><\/p>\n","protected":false},"author":1,"featured_media":0,"comment_status":"open","ping_status":"open","sticky":false,"template":"","format":"standard","meta":{"footnotes":""},"categories":[1],"tags":[],"class_list":["post-5986","post","type-post","status-publish","format-standard","hentry","category-uncategorized"],"_links":{"self":[{"href":"https:\/\/stiri-faine.com\/index.php?rest_route=\/wp\/v2\/posts\/5986","targetHints":{"allow":["GET"]}}],"collection":[{"href":"https:\/\/stiri-faine.com\/index.php?rest_route=\/wp\/v2\/posts"}],"about":[{"href":"https:\/\/stiri-faine.com\/index.php?rest_route=\/wp\/v2\/types\/post"}],"author":[{"embeddable":true,"href":"https:\/\/stiri-faine.com\/index.php?rest_route=\/wp\/v2\/users\/1"}],"replies":[{"embeddable":true,"href":"https:\/\/stiri-faine.com\/index.php?rest_route=%2Fwp%2Fv2%2Fcomments&post=5986"}],"version-history":[{"count":1,"href":"https:\/\/stiri-faine.com\/index.php?rest_route=\/wp\/v2\/posts\/5986\/revisions"}],"predecessor-version":[{"id":5988,"href":"https:\/\/stiri-faine.com\/index.php?rest_route=\/wp\/v2\/posts\/5986\/revisions\/5988"}],"wp:attachment":[{"href":"https:\/\/stiri-faine.com\/index.php?rest_route=%2Fwp%2Fv2%2Fmedia&parent=5986"}],"wp:term":[{"taxonomy":"category","embeddable":true,"href":"https:\/\/stiri-faine.com\/index.php?rest_route=%2Fwp%2Fv2%2Fcategories&post=5986"},{"taxonomy":"post_tag","embeddable":true,"href":"https:\/\/stiri-faine.com\/index.php?rest_route=%2Fwp%2Fv2%2Ftags&post=5986"}],"curies":[{"name":"wp","href":"https:\/\/api.w.org\/{rel}","templated":true}]}}