{"id":5983,"date":"2026-09-02T06:09:50","date_gmt":"2026-09-02T06:09:50","guid":{"rendered":"https:\/\/stiri-faine.com\/?p=5983"},"modified":"2026-09-02T06:09:51","modified_gmt":"2026-09-02T06:09:51","slug":"tocmai-s-a-confirmat-dan-petrescu-vezi-mai-mult","status":"publish","type":"post","link":"https:\/\/stiri-faine.com\/?p=5983","title":{"rendered":"Tocmai s-a CONFIRMAT! Dan Petrescu\u2026 Vezi mai mult"},"content":{"rendered":"\n<p class=\"wp-block-paragraph\">Dan Petrescu a revenit pe stadioane dup\u0103 o perioad\u0103 extrem de dificil\u0103, \u00eens\u0103 nu este preg\u0103tit s\u0103 se \u00eentoarc\u0103 imediat pe banca tehnic\u0103.&nbsp;<strong>Antrenorul a anun\u021bat c\u0103 nu inten\u021bioneaz\u0103 s\u0103 preia nicio echip\u0103 \u00een actualul sezon \u0219i c\u0103, cel mai probabil, va a\u0219tepta p\u00e2n\u0103 \u00een vara viitoare pentru a reveni \u00een antrenorat.<\/strong><\/p>\n\n\n\n<p class=\"wp-block-paragraph\">Fostul interna\u021bional rom\u00e2n a trecut prin probleme serioase de s\u0103n\u0103tate, care l-au determinat s\u0103 se retrag\u0103 temporar din activitate \u0219i s\u0103 se concentreze asupra tratamentului \u0219i recuper\u0103rii.<\/p>\n\n\n\n<p class=\"wp-block-paragraph\">Acum, Dan Petrescu a \u00eenceput s\u0103 fie v\u0103zut din nou la meciurile din Superliga Rom\u00e2niei. Prezen\u021ba sa pe stadion a alimentat imediat specula\u021biile privind o eventual\u0103 revenire, \u00eens\u0103 \u201eBursucul\u201d a clarificat situa\u021bia.<\/p>\n\n\n\n<h2 class=\"wp-block-heading\">Dan Petrescu nu vrea s\u0103 antreneze \u00een acest sezon<\/h2>\n\n\n\n<p class=\"wp-block-paragraph\">Una dintre cele mai recente apari\u021bii ale lui Dan Petrescu a fost la partida dintre Dinamo \u0219i Universitatea Cluj.<\/p>\n\n\n\n<p class=\"wp-block-paragraph\">Faptul c\u0103 tehnicianul a \u00eenceput s\u0103 mearg\u0103 din nou la meciuri i-a f\u0103cut pe mul\u021bi suporteri s\u0103 cread\u0103 c\u0103 preg\u0103te\u0219te revenirea pe banca unei echipe.<\/p>\n\n\n\n<p class=\"wp-block-paragraph\">Dan Petrescu spune \u00eens\u0103 c\u0103 planurile sale sunt diferite.<\/p>\n\n\n\n<p class=\"wp-block-paragraph\">\u201eNu am s\u0103 conduc nicio echip\u0103 \u00een acest sezon. Deocamdat\u0103 sunt liber \u0219i am zis c\u0103 p\u00e2n\u0103 la var\u0103 nu \u0219tiu ce se poate \u00eent\u00e2mpla, dar 99% nu revin p\u00e2n\u0103 atunci\u201d, a declarat antrenorul.<\/p>\n\n\n\n<p class=\"wp-block-paragraph\">Decizia este una atent calculat\u0103. Petrescu nu vrea s\u0103 preia o forma\u021bie \u00een timpul sezonului, ci prefer\u0103 s\u0103 \u00eenceap\u0103 un nou proiect din var\u0103, astfel \u00eenc\u00e2t s\u0103 poat\u0103 controla inclusiv perioada de preg\u0103tire.<\/p>\n\n\n\n<h2 class=\"wp-block-heading\">\u201eDe vara viitoare vreau s\u0103 iau o echip\u0103\u201d<\/h2>\n\n\n\n<p class=\"wp-block-paragraph\">Dan Petrescu are deja \u00een minte momentul \u00een care ar putea reveni efectiv \u00een antrenorat.<\/p>\n\n\n\n<p class=\"wp-block-paragraph\">Dac\u0103 situa\u021bia \u00eei va permite, tehnicianul ar prefera s\u0103 preia o echip\u0103 la \u00eenceputul sezonului viitor.<\/p>\n\n\n\n<p class=\"wp-block-paragraph\">\u201eDe vara viitoare vreau s\u0103 iau o echip\u0103 de la \u00eenceput de sezon, s\u0103 fac eu preg\u0103tirea, s\u0103 fac tot\u201d, a explicat acesta.<\/p>\n\n\n\n<p class=\"wp-block-paragraph\">P\u00e2n\u0103 atunci, fostul antrenor al CFR Cluj inten\u021bioneaz\u0103 s\u0103 urm\u0103reasc\u0103 numeroase partide, at\u00e2t din Rom\u00e2nia, c\u00e2t \u0219i din campionatele str\u0103ine.<\/p>\n\n\n\n<p class=\"wp-block-paragraph\">Pauza nu \u00eenseamn\u0103, a\u0219adar, o desp\u0103r\u021bire definitiv\u0103 de fotbal.<\/p>\n\n\n\n<p class=\"wp-block-paragraph\">Dimpotriv\u0103, Petrescu vrea s\u0103 r\u0103m\u00e2n\u0103 conectat la ceea ce se \u00eent\u00e2mpl\u0103 pe teren \u0219i s\u0103 fie preg\u0103tit pentru momentul \u00een care va considera c\u0103 poate \u00eencepe un nou proiect.<\/p>\n\n\n\n<h2 class=\"wp-block-heading\">Dan Petrescu spune c\u0103 a refuzat mai multe oferte<\/h2>\n\n\n\n<p class=\"wp-block-paragraph\">Interes pentru serviciile antrenorului ar exista deja.<\/p>\n\n\n\n<p class=\"wp-block-paragraph\">Dan Petrescu a dezv\u0103luit c\u0103 a primit recent mai multe propuneri din str\u0103in\u0103tate, \u00eens\u0103 a decis s\u0103 le refuze.<\/p>\n\n\n\n<p class=\"wp-block-paragraph\">\u201eAm primit \u0219i zilele astea mai multe oferte de afar\u0103, \u00eens\u0103 le-am refuzat foarte frumos, le-am spus c\u0103 nu a\u0219 vrea s\u0103 \u00eencep de acum\u201d, a explicat tehnicianul.<\/p>\n\n\n\n<p class=\"wp-block-paragraph\">\u00cen ceea ce prive\u0219te campionatul Rom\u00e2niei, Petrescu a precizat c\u0103 nu a primit o ofert\u0103 concret\u0103 din Superlig\u0103.<\/p>\n\n\n\n<p class=\"wp-block-paragraph\">Prioritatea sa r\u0103m\u00e2ne, pentru moment, recuperarea \u0219i revenirea treptat\u0103 la ritmul pe care \u00eel presupune activitatea de antrenor.<\/p>\n\n\n\n<h2 class=\"wp-block-heading\">Problemele de s\u0103n\u0103tate l-au determinat s\u0103 ia o pauz\u0103<\/h2>\n\n\n\n<p class=\"wp-block-paragraph\">Retragerea temporar\u0103 a lui Dan Petrescu din antrenorat a venit \u00eentr-un moment dificil.<\/p>\n\n\n\n<p class=\"wp-block-paragraph\">\u00cen 2025, tehnicianul a renun\u021bat la banca celor de la CFR Cluj \u0219i a anun\u021bat c\u0103 are nevoie de o perioad\u0103 mai lung\u0103 de pauz\u0103 din cauza problemelor medicale.<\/p>\n\n\n\n<p class=\"wp-block-paragraph\">\u201eAm nevoie de o pauz\u0103 mai lung\u0103. Am avut \u0219i ni\u0219te probleme de s\u0103n\u0103tate, trebuie s\u0103 le rezolv, \u00eenc\u0103 nu le-am rezolvat de tot. Nu m-am sim\u021bit bine deloc zilele astea\u201d, declara Dan Petrescu la momentul respectiv.<\/p>\n\n\n\n<p class=\"wp-block-paragraph\">Antrenorul spunea atunci c\u0103 nu poate anticipa c\u00e2t va dura pauza \u0219i c\u0103 revenirea sa \u00een fotbal va depinde \u00eenainte de toate de starea de s\u0103n\u0103tate.<\/p>\n\n\n\n<p class=\"wp-block-paragraph\">\u201eVreau s\u0103-mi iau o pauz\u0103, un an, doi, trei, patru, cinci. Dac\u0103 voi fi s\u0103n\u0103tos, m\u0103 voi \u00eentoarce\u201d, m\u0103rturisea el.<\/p>\n\n\n\n<h2 class=\"wp-block-heading\">Gino Iorgulescu vorbea despre situa\u021bia dificil\u0103 a prietenului s\u0103u<\/h2>\n\n\n\n<p class=\"wp-block-paragraph\">\u00cen perioada \u00een care Dan Petrescu s-a retras din spa\u021biul public, Gino Iorgulescu a vorbit despre situa\u021bia fostului interna\u021bional.<\/p>\n\n\n\n<p class=\"wp-block-paragraph\">Pre\u0219edintele Ligii Profesioniste de Fotbal, care \u00eel cunoa\u0219te de foarte mult timp pe Petrescu, descria la acel moment situa\u021bia drept una delicat\u0103.<\/p>\n\n\n\n<p class=\"wp-block-paragraph\">Iorgulescu declara c\u0103 nu cuno\u0219tea diagnosticul exact, dar spunea c\u0103 informa\u021biile pe care le primise \u00eel \u00eengrijorau.<\/p>\n\n\n\n<p class=\"wp-block-paragraph\">Afirma\u021biile sale au amplificat preocuparea suporterilor, \u00een condi\u021biile \u00een care Dan Petrescu ap\u0103ruse tot mai rar \u00een public.<\/p>\n\n\n\n<h2 class=\"wp-block-heading\">Dan Petrescu: \u201eSunt bine, \u00eemi era dor\u201d<\/h2>\n\n\n\n<p class=\"wp-block-paragraph\">\u00cen prezent, mesajul transmis de antrenor este mult mai optimist.<\/p>\n\n\n\n<p class=\"wp-block-paragraph\">Dan Petrescu a \u00eenceput s\u0103 mearg\u0103 din nou pe stadioane \u0219i spune c\u0103 \u00eei lipsea atmosfera meciurilor.<\/p>\n\n\n\n<p class=\"wp-block-paragraph\">\u201eSunt bine, abia a\u0219teptam s\u0103 vin din nou la stadion, \u00eemi era dor\u201d, a m\u0103rturisit \u201eBursucul\u201d.<\/p>\n\n\n\n<p class=\"wp-block-paragraph\">Chiar dac\u0103 apari\u021biile sale recente au reaprins speran\u021bele privind o revenire rapid\u0103, tehnicianul nu vrea s\u0103 gr\u0103beasc\u0103 lucrurile.<\/p>\n\n\n\n<p class=\"wp-block-paragraph\"><strong>Planul lui Dan Petrescu este s\u0103 r\u0103m\u00e2n\u0103 departe de banca tehnic\u0103 \u00een actualul sezon, s\u0103 urm\u0103reasc\u0103 fotbalul din Rom\u00e2nia \u0219i din str\u0103in\u0103tate, iar din vara viitoare s\u0103 analizeze posibilitatea unui nou proiect.<\/strong><\/p>\n\n\n\n<p class=\"wp-block-paragraph\">Dup\u0103 perioada complicat\u0103 prin care a trecut, fostul component al Genera\u021biei de Aur pune s\u0103n\u0103tatea pe primul loc. Fotbalul r\u0103m\u00e2ne \u00eens\u0103 o parte important\u0103 din via\u021ba sa, iar declara\u021biile recente arat\u0103 c\u0103 Petrescu nu consider\u0103 cariera de antrenor \u00eencheiat\u0103.<\/p>\n","protected":false},"excerpt":{"rendered":"<p>Dan Petrescu a revenit pe stadioane dup\u0103 o perioad\u0103 extrem de dificil\u0103, \u00eens\u0103 nu este preg\u0103tit s\u0103 se \u00eentoarc\u0103 imediat pe banca tehnic\u0103.&nbsp;Antrenorul a anun\u021bat c\u0103 nu inten\u021bioneaz\u0103 s\u0103 preia nicio echip\u0103 \u00een actualul sezon \u0219i c\u0103, cel mai probabil, va a\u0219tepta p\u00e2n\u0103 \u00een vara viitoare pentru a reveni \u00een antrenorat. Fostul interna\u021bional rom\u00e2n a &#8230; <a title=\"Tocmai s-a CONFIRMAT! Dan Petrescu\u2026 Vezi mai mult\" class=\"read-more\" href=\"https:\/\/stiri-faine.com\/?p=5983\" aria-label=\"Read more about Tocmai s-a CONFIRMAT! Dan Petrescu\u2026 Vezi mai mult\">Read more<\/a><\/p>\n","protected":false},"author":1,"featured_media":0,"comment_status":"open","ping_status":"open","sticky":false,"template":"","format":"standard","meta":{"footnotes":""},"categories":[1],"tags":[],"class_list":["post-5983","post","type-post","status-publish","format-standard","hentry","category-uncategorized"],"_links":{"self":[{"href":"https:\/\/stiri-faine.com\/index.php?rest_route=\/wp\/v2\/posts\/5983","targetHints":{"allow":["GET"]}}],"collection":[{"href":"https:\/\/stiri-faine.com\/index.php?rest_route=\/wp\/v2\/posts"}],"about":[{"href":"https:\/\/stiri-faine.com\/index.php?rest_route=\/wp\/v2\/types\/post"}],"author":[{"embeddable":true,"href":"https:\/\/stiri-faine.com\/index.php?rest_route=\/wp\/v2\/users\/1"}],"replies":[{"embeddable":true,"href":"https:\/\/stiri-faine.com\/index.php?rest_route=%2Fwp%2Fv2%2Fcomments&post=5983"}],"version-history":[{"count":1,"href":"https:\/\/stiri-faine.com\/index.php?rest_route=\/wp\/v2\/posts\/5983\/revisions"}],"predecessor-version":[{"id":5985,"href":"https:\/\/stiri-faine.com\/index.php?rest_route=\/wp\/v2\/posts\/5983\/revisions\/5985"}],"wp:attachment":[{"href":"https:\/\/stiri-faine.com\/index.php?rest_route=%2Fwp%2Fv2%2Fmedia&parent=5983"}],"wp:term":[{"taxonomy":"category","embeddable":true,"href":"https:\/\/stiri-faine.com\/index.php?rest_route=%2Fwp%2Fv2%2Fcategories&post=5983"},{"taxonomy":"post_tag","embeddable":true,"href":"https:\/\/stiri-faine.com\/index.php?rest_route=%2Fwp%2Fv2%2Ftags&post=5983"}],"curies":[{"name":"wp","href":"https:\/\/api.w.org\/{rel}","templated":true}]}}