{"id":5980,"date":"2026-09-02T06:08:19","date_gmt":"2026-09-02T06:08:19","guid":{"rendered":"https:\/\/stiri-faine.com\/?p=5980"},"modified":"2026-09-02T06:08:19","modified_gmt":"2026-09-02T06:08:19","slug":"udmr-a-decis-pe-cine-sustine-pentru-functia-de-prim-ministru-al-romaniei","status":"publish","type":"post","link":"https:\/\/stiri-faine.com\/?p=5980","title":{"rendered":"UDMR a decis pe cine sus\u021bine pentru func\u021bia de prim-ministru al Rom\u00e2niei"},"content":{"rendered":"\n<p class=\"wp-block-paragraph\">UDMR ar fi decis s\u0103 sus\u021bin\u0103 orice propunere de prim-ministru venit\u0103 din partea pre\u0219edintelui Nicu\u0219or Dan, \u00een contextul \u00een care criza politic\u0103 se prelunge\u0219te de patru luni de la c\u0103derea Guvernului Bolojan.<\/p>\n\n\n\n<p class=\"wp-block-paragraph\">Potrivit unor surse politice, liderul UDMR, Kelemen Hunor, le-ar fi transmis liderilor PSD \u0219i PNL, Sorin Grindeanu \u0219i Ilie Bolojan, c\u0103 parlamentarii forma\u021biunii sunt preg\u0103ti\u021bi s\u0103 voteze at\u00e2t un premier de dreapta, c\u00e2t \u0219i unul sus\u021binut de PSD.<\/p>\n\n\n\n<p class=\"wp-block-paragraph\">UDMR a\u0219teapt\u0103 nominalizarea de la Cotroceni<br>Sursele citate sus\u021bin c\u0103 mesajul UDMR este unul simplu: Rom\u00e2nia are nevoie urgent\u0103 de un Guvern cu puteri depline, iar responsabilitatea urm\u0103toarei nominaliz\u0103ri \u00eei revine pre\u0219edintelui.<\/p>\n\n\n\n<p class=\"wp-block-paragraph\">Forma\u021biunea maghiar\u0103 nu ar avea, \u00een acest moment, o preferin\u021b\u0103 rigid\u0103 privind profilul viitorului premier.<\/p>\n\n\n\n<p class=\"wp-block-paragraph\">UDMR ar fi dispus\u0103 s\u0103 sus\u021bin\u0103 inclusiv un prim-ministru tehnocrat, cu o condi\u021bie important\u0103: restul Executivului s\u0103 fie format \u00een principal din mini\u0219tri politici, nu din tehnocra\u021bi.<\/p>\n\n\n\n<p class=\"wp-block-paragraph\">UDMR vrea s\u0103 intre \u00een viitorul Guvern<br>Indiferent de numele viitorului premier, UDMR ar inten\u021biona s\u0103 fac\u0103 parte din noul Executiv.<\/p>\n\n\n\n<p class=\"wp-block-paragraph\">Liderii forma\u021biunii ar dori s\u0103 p\u0103streze Ministerul Dezvolt\u0103rii, unul dintre cele mai importante portofolii pentru administra\u021biile locale.<\/p>\n\n\n\n<p class=\"wp-block-paragraph\">\u00cen func\u021bie de negocieri, UDMR ar mai putea solicita \u0219i alte ministere, precum Mediul, Cultura sau Agricultura.<\/p>\n\n\n\n<p class=\"wp-block-paragraph\">Aceste variante fac parte, \u00eens\u0103, din scenariile politice vehiculate \u00een prezent \u0219i nu reprezint\u0103 o formul\u0103 de guvernare oficializat\u0103.<\/p>\n\n\n\n<p class=\"wp-block-paragraph\">Voturile UDMR pot deveni decisive<br>\u00cen actuala configura\u021bie parlamentar\u0103, voturile UDMR ar putea avea un rol important \u00een formarea unei majorit\u0103\u021bi.<\/p>\n\n\n\n<p class=\"wp-block-paragraph\">PNL \u0219i USR au transmis c\u0103 nu doresc s\u0103 sus\u021bin\u0103 un Executiv \u00een care PSD s\u0103 de\u021bin\u0103 portofolii, ceea ce complic\u0103 serios negocierile.<\/p>\n\n\n\n<p class=\"wp-block-paragraph\">\u00cen aceste condi\u021bii, una dintre formulele discutate ar putea include PSD, UDMR, grupul minorit\u0103\u021bilor na\u021bionale \u0219i parlamentari neafilia\u021bi sau proveni\u021bi din zona suveranist\u0103.<\/p>\n\n\n\n<p class=\"wp-block-paragraph\">Eugen Tomac, din nou \u00een calcule<br>Pre\u0219edintele Nicu\u0219or Dan ar urma s\u0103 convoace partidele la noi consult\u0103ri pentru desemnarea premierului.<\/p>\n\n\n\n<p class=\"wp-block-paragraph\">Potrivit unor surse politice, Eugen Tomac ar fi din nou printre numele luate \u00een calcul pentru func\u021bia de prim-ministru, de aceast\u0103 dat\u0103 \u00eentr-o formul\u0103 care ar putea beneficia \u0219i de sprijinul PSD.<\/p>\n\n\n\n<p class=\"wp-block-paragraph\">\u00cen paralel, PSD se reune\u0219te la Sinaia pentru a-\u0219i stabili mandatul de negociere \u00eenaintea discu\u021biilor de la Palatul Cotroceni.<\/p>\n\n\n\n<p class=\"wp-block-paragraph\">Deocamdat\u0103, niciun nume nu a fost confirmat oficial, iar configura\u021bia final\u0103 a viitorului Guvern depinde de negocierile dintre partide \u0219i de decizia pre\u0219edintelui.<\/p>\n","protected":false},"excerpt":{"rendered":"<p>UDMR ar fi decis s\u0103 sus\u021bin\u0103 orice propunere de prim-ministru venit\u0103 din partea pre\u0219edintelui Nicu\u0219or Dan, \u00een contextul \u00een care criza politic\u0103 se prelunge\u0219te de patru luni de la c\u0103derea Guvernului Bolojan. Potrivit unor surse politice, liderul UDMR, Kelemen Hunor, le-ar fi transmis liderilor PSD \u0219i PNL, Sorin Grindeanu \u0219i Ilie Bolojan, c\u0103 parlamentarii forma\u021biunii &#8230; <a title=\"UDMR a decis pe cine sus\u021bine pentru func\u021bia de prim-ministru al Rom\u00e2niei\" class=\"read-more\" href=\"https:\/\/stiri-faine.com\/?p=5980\" aria-label=\"Read more about UDMR a decis pe cine sus\u021bine pentru func\u021bia de prim-ministru al Rom\u00e2niei\">Read more<\/a><\/p>\n","protected":false},"author":1,"featured_media":0,"comment_status":"open","ping_status":"open","sticky":false,"template":"","format":"standard","meta":{"footnotes":""},"categories":[1],"tags":[],"class_list":["post-5980","post","type-post","status-publish","format-standard","hentry","category-uncategorized"],"_links":{"self":[{"href":"https:\/\/stiri-faine.com\/index.php?rest_route=\/wp\/v2\/posts\/5980","targetHints":{"allow":["GET"]}}],"collection":[{"href":"https:\/\/stiri-faine.com\/index.php?rest_route=\/wp\/v2\/posts"}],"about":[{"href":"https:\/\/stiri-faine.com\/index.php?rest_route=\/wp\/v2\/types\/post"}],"author":[{"embeddable":true,"href":"https:\/\/stiri-faine.com\/index.php?rest_route=\/wp\/v2\/users\/1"}],"replies":[{"embeddable":true,"href":"https:\/\/stiri-faine.com\/index.php?rest_route=%2Fwp%2Fv2%2Fcomments&post=5980"}],"version-history":[{"count":1,"href":"https:\/\/stiri-faine.com\/index.php?rest_route=\/wp\/v2\/posts\/5980\/revisions"}],"predecessor-version":[{"id":5982,"href":"https:\/\/stiri-faine.com\/index.php?rest_route=\/wp\/v2\/posts\/5980\/revisions\/5982"}],"wp:attachment":[{"href":"https:\/\/stiri-faine.com\/index.php?rest_route=%2Fwp%2Fv2%2Fmedia&parent=5980"}],"wp:term":[{"taxonomy":"category","embeddable":true,"href":"https:\/\/stiri-faine.com\/index.php?rest_route=%2Fwp%2Fv2%2Fcategories&post=5980"},{"taxonomy":"post_tag","embeddable":true,"href":"https:\/\/stiri-faine.com\/index.php?rest_route=%2Fwp%2Fv2%2Ftags&post=5980"}],"curies":[{"name":"wp","href":"https:\/\/api.w.org\/{rel}","templated":true}]}}