{"id":5977,"date":"2026-09-02T06:08:07","date_gmt":"2026-09-02T06:08:07","guid":{"rendered":"https:\/\/stiri-faine.com\/?p=5977"},"modified":"2026-09-02T06:08:07","modified_gmt":"2026-09-02T06:08:07","slug":"psd-pregateste-modificari-importante-la-pensii-si-salarii-grindeanu-schimbam-tot-ce-a-facut-bolojan","status":"publish","type":"post","link":"https:\/\/stiri-faine.com\/?p=5977","title":{"rendered":"PSD preg\u0103te\u0219te modific\u0103ri importante la PENSII \u0219i SALARII. Grindeanu: \u201eSchimb\u0103m tot ce a f\u0103cut Bolojan\u201d"},"content":{"rendered":"\n<p class=\"wp-block-paragraph\">Sorin Grindeanu a transmis c\u0103 PSD este preg\u0103tit s\u0103 revin\u0103 la guvernare \u0219i nu exclude nici varianta \u00een care el \u00eensu\u0219i s\u0103 preia func\u021bia de prim-ministru. \u00cen acela\u0219i timp, liderul social-democrat anun\u021b\u0103 schimb\u0103ri importante \u00een ceea ce prive\u0219te pensiile \u0219i salariile, sus\u021bin\u00e2nd c\u0103 viitorul Executiv ar trebui s\u0103 corecteze o serie de m\u0103suri adoptate \u00een perioada guvern\u0103rii conduse de Ilie Bolojan.<\/p>\n\n\n\n<p class=\"wp-block-paragraph\">\u00cen acest moment, sunt analizate mai multe formule pentru formarea unei majorit\u0103\u021bi parlamentare.<\/p>\n\n\n\n<p class=\"wp-block-paragraph\">PSD ar putea deveni principala for\u021b\u0103 din viitorul Guvern<br>Una dintre variante presupune formarea unui Cabinet \u00een jurul PSD, cu sprijinul UDMR \u0219i eventual al unor independen\u021bi. \u00centr-un asemenea scenariu, func\u021bia de premier ar putea reveni unei persoane din afara PSD, \u00een timp ce social-democra\u021bii ar controla o parte important\u0103 dintre ministere.<\/p>\n\n\n\n<p class=\"wp-block-paragraph\">O alt\u0103 posibilitate este formarea unui guvern exclusiv PSD, condus chiar de Sorin Grindeanu, dac\u0103 partidul reu\u0219e\u0219te s\u0103 str\u00e2ng\u0103 suficiente voturi \u00een Parlament.<\/p>\n\n\n\n<p class=\"wp-block-paragraph\">Indiferent de formula aleas\u0103, Ministerul Muncii este unul dintre portofoliile considerate esen\u021biale de social-democra\u021bi, \u00een condi\u021biile \u00een care PSD preg\u0103te\u0219te modific\u0103ri privind pensiile \u0219i salarizarea.<\/p>\n\n\n\n<p class=\"wp-block-paragraph\">Grindeanu vorbe\u0219te despre cre\u0219teri de pensii \u0219i salarii<br>Liderul PSD sus\u021bine c\u0103, atunci c\u00e2nd economia permite, o parte din cre\u0219terea economic\u0103 trebuie s\u0103 ajung\u0103 direct la popula\u021bie.<\/p>\n\n\n\n<p class=\"wp-block-paragraph\">\u201ePSD, de fiecare dat\u0103 c\u00e2nd a condus Guvernul Rom\u00e2niei, a \u00een\u021beles s\u0103 \u00eempart\u0103 din plusul pe care \u00eel avea economia c\u0103tre oameni, fie c\u0103 au crescut pensii, salarii\u201d, a afirmat Sorin Grindeanu.<\/p>\n\n\n\n<p class=\"wp-block-paragraph\">Acesta a vorbit \u0219i despre necesitatea unei noi legi a salariz\u0103rii \u0219i a transmis c\u0103 un Guvern ar trebui s\u0103 urm\u0103reasc\u0103 reducerea taxelor \u0219i majorarea veniturilor.<\/p>\n\n\n\n<p class=\"wp-block-paragraph\">\u201eEu cred c\u0103 orice Guvern normal \u00ee\u0219i dore\u0219te s\u0103 scad\u0103 taxele, s\u0103 creasc\u0103 pensiile, s\u0103 creasc\u0103 salariile, s\u0103 aib\u0103 o lege a salariz\u0103rii\u201d, a declarat liderul PSD.<\/p>\n\n\n\n<p class=\"wp-block-paragraph\">Ce \u0219anse ar avea m\u0103surile anun\u021bate<br>Potrivit unor estim\u0103ri prezentate de Newsweek, PSD ar putea insista pentru o indexare a pensiilor \u00eencep\u00e2nd cu 1 ianuarie 2027, \u00eens\u0103 nivelul exact al cre\u0219terii va depinde de situa\u021bia bugetar\u0103.<\/p>\n\n\n\n<p class=\"wp-block-paragraph\">O majorare de aproximativ 7-8% este considerat\u0103 mai realist\u0103 dec\u00e2t o cre\u0219tere de 12%, care ar necesita un efort bugetar foarte mare.<\/p>\n\n\n\n<p class=\"wp-block-paragraph\">\u0218i eliminarea anticipat\u0103 a contribu\u021biei CASS pentru anumite pensii ar putea fi discutat\u0103, \u00eens\u0103 impactul asupra bugetului ar fi semnificativ.<\/p>\n\n\n\n<p class=\"wp-block-paragraph\">\u00cen acela\u0219i timp, o nou\u0103 lege a salariz\u0103rii pentru angaja\u021bii de la stat pare s\u0103 fie una dintre priorit\u0103\u021bile PSD.<\/p>\n\n\n\n<p class=\"wp-block-paragraph\">Marea problem\u0103 r\u0103m\u00e2ne \u00eens\u0103 finan\u021barea. Cre\u0219terile de pensii \u0219i salarii presupun cheltuieli suplimentare de miliarde de lei, iar viitorul Guvern va trebui s\u0103 g\u0103seasc\u0103 un echilibru \u00eentre promisiunile sociale \u0219i men\u021binerea deficitului bugetar sub control.<\/p>\n","protected":false},"excerpt":{"rendered":"<p>Sorin Grindeanu a transmis c\u0103 PSD este preg\u0103tit s\u0103 revin\u0103 la guvernare \u0219i nu exclude nici varianta \u00een care el \u00eensu\u0219i s\u0103 preia func\u021bia de prim-ministru. \u00cen acela\u0219i timp, liderul social-democrat anun\u021b\u0103 schimb\u0103ri importante \u00een ceea ce prive\u0219te pensiile \u0219i salariile, sus\u021bin\u00e2nd c\u0103 viitorul Executiv ar trebui s\u0103 corecteze o serie de m\u0103suri adoptate \u00een &#8230; <a title=\"PSD preg\u0103te\u0219te modific\u0103ri importante la PENSII \u0219i SALARII. Grindeanu: \u201eSchimb\u0103m tot ce a f\u0103cut Bolojan\u201d\" class=\"read-more\" href=\"https:\/\/stiri-faine.com\/?p=5977\" aria-label=\"Read more about PSD preg\u0103te\u0219te modific\u0103ri importante la PENSII \u0219i SALARII. Grindeanu: \u201eSchimb\u0103m tot ce a f\u0103cut Bolojan\u201d\">Read more<\/a><\/p>\n","protected":false},"author":1,"featured_media":0,"comment_status":"open","ping_status":"open","sticky":false,"template":"","format":"standard","meta":{"footnotes":""},"categories":[1],"tags":[],"class_list":["post-5977","post","type-post","status-publish","format-standard","hentry","category-uncategorized"],"_links":{"self":[{"href":"https:\/\/stiri-faine.com\/index.php?rest_route=\/wp\/v2\/posts\/5977","targetHints":{"allow":["GET"]}}],"collection":[{"href":"https:\/\/stiri-faine.com\/index.php?rest_route=\/wp\/v2\/posts"}],"about":[{"href":"https:\/\/stiri-faine.com\/index.php?rest_route=\/wp\/v2\/types\/post"}],"author":[{"embeddable":true,"href":"https:\/\/stiri-faine.com\/index.php?rest_route=\/wp\/v2\/users\/1"}],"replies":[{"embeddable":true,"href":"https:\/\/stiri-faine.com\/index.php?rest_route=%2Fwp%2Fv2%2Fcomments&post=5977"}],"version-history":[{"count":1,"href":"https:\/\/stiri-faine.com\/index.php?rest_route=\/wp\/v2\/posts\/5977\/revisions"}],"predecessor-version":[{"id":5979,"href":"https:\/\/stiri-faine.com\/index.php?rest_route=\/wp\/v2\/posts\/5977\/revisions\/5979"}],"wp:attachment":[{"href":"https:\/\/stiri-faine.com\/index.php?rest_route=%2Fwp%2Fv2%2Fmedia&parent=5977"}],"wp:term":[{"taxonomy":"category","embeddable":true,"href":"https:\/\/stiri-faine.com\/index.php?rest_route=%2Fwp%2Fv2%2Fcategories&post=5977"},{"taxonomy":"post_tag","embeddable":true,"href":"https:\/\/stiri-faine.com\/index.php?rest_route=%2Fwp%2Fv2%2Ftags&post=5977"}],"curies":[{"name":"wp","href":"https:\/\/api.w.org\/{rel}","templated":true}]}}