{"id":5972,"date":"2026-09-02T06:07:30","date_gmt":"2026-09-02T06:07:30","guid":{"rendered":"https:\/\/stiri-faine.com\/?p=5972"},"modified":"2026-09-02T06:07:30","modified_gmt":"2026-09-02T06:07:30","slug":"a-mintit-din-nou-scandal-intre-spania-si-israel-dupa-ce-2","status":"publish","type":"post","link":"https:\/\/stiri-faine.com\/?p=5972","title":{"rendered":"\u201eA min\u021bit din nou\u201d. SCANDAL \u00eentre Spania \u0219i Israel dup\u0103 ce\u2026"},"content":{"rendered":"<p>Tensiunile diplomatice dintre Spania \u0219i Israel au crescut dup\u0103 ce premierul Pedro S\u00e1nchez a afirmat c\u0103 afluxul masiv de migran\u021bi din Maroc c\u0103tre enclava Ceuta ar fi fost amplificat de campanii de dezinformare asociate Rusiei \u0219i Israelului.<\/p>\n<p>Declara\u021biile liderului de la Madrid au provocat o reac\u021bie dur\u0103 din partea ministrului israelian de Externe, Gideon Saar, care l-a acuzat pe S\u00e1nchez c\u0103 r\u0103sp\u00e2nde\u0219te informa\u021bii false.<\/p>\n<p>Israelul \u00eel acuz\u0103 pe S\u00e1nchez c\u0103 \u201ea min\u021bit din nou\u201d\u00centr-un mesaj publicat pe platforma X, Gideon Saar a respins categoric acuza\u021biile premierului spaniol.<\/p>\n<p>\u201eA min\u021bit din nou, acuz\u00e2nd \u00een mod uluitor Israelul c\u0103 difuzeaz\u0103 informa\u021bii \u00een\u0219el\u0103toare cu privire la evenimentele din Ceuta. Este vorba de o minciun\u0103 neru\u0219inat\u0103\u201d, a transmis \u0219eful diploma\u021biei israeliene.<\/p>\n<p>Saar a sugerat c\u0103 Pedro S\u00e1nchez \u00eencearc\u0103 astfel s\u0103 mute aten\u021bia de la problemele interne \u0219i de la modul \u00een care Guvernul s\u0103u a gestionat criza migratorie.<\/p>\n<p>\u0218i Kremlinul a respins acuza\u021biile venite de la Madrid.<\/p>\n<p>S\u00e1nchez acuz\u0103 Rusia \u0219i Israelul de dezinformarePremierul spaniol sus\u021bine c\u0103 Rusia \u0219i Israelul ar fi contribuit la distribuirea \u0219i amplificarea unor informa\u021bii false pe re\u021belele sociale \u00een perioada crizei din Ceuta.<\/p>\n<p>S\u00e1nchez afirm\u0103 c\u0103 \u00ee\u0219i bazeaz\u0103 declara\u021biile pe concluziile unei analize realizate la nivelul serviciului diplomatic al Uniunii Europene.<\/p>\n<p>Printre mesajele distribuite pe TikTok \u0219i Instagram s-ar fi num\u0103rat \u0219i informa\u021bii false potrivit c\u0103rora migran\u021bii care reu\u0219eau s\u0103 ajung\u0103 \u00een Ceuta urmau s\u0103 r\u0103m\u00e2n\u0103 automat \u00een Spania.<\/p>\n<p>Premierul consider\u0103 c\u0103 asemenea mesaje ar fi \u00eencurajat un num\u0103r mare de persoane s\u0103 \u00eencerce traversarea frontierei.<\/p>\n<p>Cu toate acestea, S\u00e1nchez nu a prezentat public dovezi privind o implicare direct\u0103 a guvernelor rus sau israelian.<\/p>\n<p>Madridul exclude implicarea MaroculuiPedro S\u00e1nchez a respins \u0219i acuza\u021biile potrivit c\u0103rora autorit\u0103\u021bile marocane ar fi permis inten\u021bionat migran\u021bilor s\u0103 se \u00eendrepte spre Ceuta.<\/p>\n<p>\u201eC\u00e2nd oamenii vorbesc \u0219i speculeaz\u0103 cu privire la implicarea autorit\u0103\u021bilor marocane, neg categoric acest lucru\u201d, a declarat premierul spaniol.<\/p>\n<p>Potrivit datelor prezentate de autorit\u0103\u021bi, peste 72.000 de persoane ar fi \u00eencercat s\u0103 intre \u00een Ceuta din Maroc \u00een luna iulie, iar cel pu\u021bin 100 de oameni \u0219i-ar fi pierdut via\u021ba.<\/p>\n<p>Aproximativ 5.000 de migran\u021bi ar fi r\u0103mas \u00een enclav\u0103, o parte dintre ace\u0219tia solicit\u00e2nd azil.<\/p>\n<p>Criza din Ceuta provoac\u0103 tensiuni \u0219i \u00een EuropaSitua\u021bia a generat proteste ale localnicilor, incidente \u00een apropierea taberelor improvizate \u0219i o presiune tot mai mare asupra autorit\u0103\u021bilor spaniole.<\/p>\n<p>Guvernul de la Madrid a anun\u021bat fonduri suplimentare de urgen\u021b\u0103 pentru sprijinirea economiei locale \u0219i gestionarea efectelor crizei.<\/p>\n<p>Problemele s-au extins \u0219i la nivel european. Italia a prelungit controalele pentru persoanele care sosesc din Spania, iar Madridul a r\u0103spuns prin m\u0103suri similare pentru c\u0103l\u0103torii veni\u021bi din Italia.<\/p>\n<p>Schimbul dur de acuza\u021bii dintre Spania \u0219i Israel adaug\u0103 astfel o nou\u0103 surs\u0103 de tensiune diplomatic\u0103 \u00eentr-un moment \u00een care criza din Ceuta continu\u0103 s\u0103 provoace dispute at\u00e2t \u00een interiorul Spaniei, c\u00e2t \u0219i \u00eentre mai multe state europene.<\/p>\n","protected":false},"excerpt":{"rendered":"<p>Tensiunile diplomatice dintre Spania \u0219i Israel au crescut dup\u0103 ce premierul Pedro S\u00e1nchez a afirmat c\u0103 afluxul masiv de migran\u021bi din Maroc c\u0103tre enclava Ceuta ar fi fost amplificat de campanii de dezinformare asociate Rusiei \u0219i Israelului. Declara\u021biile liderului de la Madrid au provocat o reac\u021bie dur\u0103 din partea ministrului israelian de Externe, Gideon Saar, &#8230; <a title=\"\u201eA min\u021bit din nou\u201d. SCANDAL \u00eentre Spania \u0219i Israel dup\u0103 ce\u2026\" class=\"read-more\" href=\"https:\/\/stiri-faine.com\/?p=5972\" aria-label=\"Read more about \u201eA min\u021bit din nou\u201d. SCANDAL \u00eentre Spania \u0219i Israel dup\u0103 ce\u2026\">Read more<\/a><\/p>\n","protected":false},"author":1,"featured_media":0,"comment_status":"open","ping_status":"open","sticky":false,"template":"","format":"standard","meta":{"footnotes":""},"categories":[1],"tags":[],"class_list":["post-5972","post","type-post","status-publish","format-standard","hentry","category-uncategorized"],"_links":{"self":[{"href":"https:\/\/stiri-faine.com\/index.php?rest_route=\/wp\/v2\/posts\/5972","targetHints":{"allow":["GET"]}}],"collection":[{"href":"https:\/\/stiri-faine.com\/index.php?rest_route=\/wp\/v2\/posts"}],"about":[{"href":"https:\/\/stiri-faine.com\/index.php?rest_route=\/wp\/v2\/types\/post"}],"author":[{"embeddable":true,"href":"https:\/\/stiri-faine.com\/index.php?rest_route=\/wp\/v2\/users\/1"}],"replies":[{"embeddable":true,"href":"https:\/\/stiri-faine.com\/index.php?rest_route=%2Fwp%2Fv2%2Fcomments&post=5972"}],"version-history":[{"count":0,"href":"https:\/\/stiri-faine.com\/index.php?rest_route=\/wp\/v2\/posts\/5972\/revisions"}],"wp:attachment":[{"href":"https:\/\/stiri-faine.com\/index.php?rest_route=%2Fwp%2Fv2%2Fmedia&parent=5972"}],"wp:term":[{"taxonomy":"category","embeddable":true,"href":"https:\/\/stiri-faine.com\/index.php?rest_route=%2Fwp%2Fv2%2Fcategories&post=5972"},{"taxonomy":"post_tag","embeddable":true,"href":"https:\/\/stiri-faine.com\/index.php?rest_route=%2Fwp%2Fv2%2Ftags&post=5972"}],"curies":[{"name":"wp","href":"https:\/\/api.w.org\/{rel}","templated":true}]}}