{"id":5962,"date":"2026-09-02T06:06:58","date_gmt":"2026-09-02T06:06:58","guid":{"rendered":"https:\/\/stiri-faine.com\/?p=5962"},"modified":"2026-09-02T06:06:58","modified_gmt":"2026-09-02T06:06:58","slug":"gata-s-a-aflat-absolut-tot-noi-vali-vijelie-a","status":"publish","type":"post","link":"https:\/\/stiri-faine.com\/?p=5962","title":{"rendered":"Gata! S-a aflat absolut tot: \u201cNoi\u2026\u201d. Vali Vijelie a\u2026"},"content":{"rendered":"\n<p class=\"wp-block-paragraph\">Vali Vijelie a vorbit deschis despre via\u021ba sa sentimental\u0103 \u0219i despre reputa\u021bia de cuceritor pe care \u0219i-a format-o de-a lungul anilor. Artistul, c\u0103s\u0103torit cu Carmen din 2003 \u0219i aflat \u00eentr-o rela\u021bie cu aceasta de peste trei decenii, a recunoscut \u00een mai multe r\u00e2nduri c\u0103 via\u021ba sa amoroas\u0103 nu a fost lipsit\u0103 de complica\u021bii.<\/p>\n\n\n\n<p class=\"wp-block-paragraph\">\u00cen ciuda controverselor ap\u0103rute de-a lungul timpului \u0219i a informa\u021biilor despre presupuse rela\u021bii extraconjugale, Carmen a r\u0103mas al\u0103turi de manelist.<\/p>\n\n\n\n<p class=\"wp-block-paragraph\">O rela\u021bie de peste 30 de ani<br>Vali Vijelie \u0219i Carmen formeaz\u0103 unul dintre cele mai longevive cupluri din lumea monden\u0103. Cei doi sunt \u00eempreun\u0103 de peste 30 de ani \u0219i s-au c\u0103s\u0103torit \u00een anul 2003.<\/p>\n\n\n\n<p class=\"wp-block-paragraph\">De-a lungul timpului, \u00een spa\u021biul public au ap\u0103rut numeroase informa\u021bii despre presupuse aventuri ale artistului. Unele dintre acestea au fost surprinse inclusiv de paparazzi, \u00eens\u0103 cuplul a continuat s\u0103 r\u0103m\u00e2n\u0103 \u00eempreun\u0103.<\/p>\n\n\n\n<p class=\"wp-block-paragraph\">Artistul a vorbit \u00een repetate r\u00e2nduri despre faptul c\u0103 multe dintre piesele sale sunt inspirate din situa\u021bii \u00eent\u00e2lnite \u00een via\u021ba real\u0103, inclusiv din propriile experien\u021be.<\/p>\n\n\n\n<p class=\"wp-block-paragraph\">Versurile care au devenit celebre<br>Una dintre piesele asociate cel mai des cu imaginea de cuceritor a lui Vali Vijelie con\u021bine versurile despre un b\u0103rbat prins \u00eentre dou\u0103 femei, una fiind mama copiilor s\u0103i, iar cealalt\u0103 reprezent\u00e2nd \u201epofta inimii\u201d.<\/p>\n\n\n\n<p class=\"wp-block-paragraph\">Aceste versuri au devenit foarte cunoscute \u00een r\u00e2ndul publicului \u0219i au fost deseori puse \u00een leg\u0103tur\u0103 cu declara\u021biile artistului despre via\u021ba sentimental\u0103.<\/p>\n\n\n\n<p class=\"wp-block-paragraph\">Vali Vijelie nu s-a ferit s\u0103 spun\u0103 c\u0103 muzica pe care o interpreteaz\u0103 reflect\u0103 adesea realitatea oamenilor, dar \u0219i experien\u021be personale.<\/p>\n\n\n\n<p class=\"wp-block-paragraph\">\u201eNoi, b\u0103rba\u021bii, suntem de dou\u0103 feluri\u201d<br>\u00centr-o apari\u021bie \u00een podcastul \u201eInvita\u021bii lui Dobrater\u201d, artistul a f\u0103cut o declara\u021bie care a atras aten\u021bia.<\/p>\n\n\n\n<p class=\"wp-block-paragraph\">\u201eTot ce c\u00e2nt\u0103m noi e din via\u021ba de zi cu zi, tot ce se \u00eent\u00e2mpl\u0103. A oamenilor \u0219i a noastr\u0103. Noi, b\u0103rba\u021bii, suntem de dou\u0103 feluri: care facem \u0219i care nu recunoa\u0219tem\u201d, a spus Vali Vijelie.<\/p>\n\n\n\n<p class=\"wp-block-paragraph\">Declara\u021bia sa a st\u00e2rnit reac\u021bii, mai ales \u00een contextul \u00een care artistul a fost asociat de-a lungul anilor cu mai multe presupuse rela\u021bii \u00een afara c\u0103sniciei.<\/p>\n\n\n\n<p class=\"wp-block-paragraph\">Carmen a r\u0103mas l\u00e2ng\u0103 el<br>\u00cen ciuda tuturor controverselor, Carmen a continuat s\u0103 \u00eei fie al\u0103turi.<\/p>\n\n\n\n<p class=\"wp-block-paragraph\">Cei doi au construit o familie \u0219i au trecut \u00eempreun\u0103 prin numeroase perioade complicate, iar rela\u021bia lor a rezistat \u00een ciuda aten\u021biei constante din partea presei mondene.<\/p>\n\n\n\n<p class=\"wp-block-paragraph\">Vali Vijelie nu pare s\u0103 \u00ee\u0219i ascund\u0103 trecutul \u0219i vorbe\u0219te despre el cu aceea\u0219i naturale\u021be cu care spune c\u0103 \u00ee\u0219i construie\u0219te piesele: pornind de la situa\u021bii reale, emo\u021bii \u0219i pove\u0219ti din via\u021ba de zi cu zi.<\/p>\n","protected":false},"excerpt":{"rendered":"<p>Vali Vijelie a vorbit deschis despre via\u021ba sa sentimental\u0103 \u0219i despre reputa\u021bia de cuceritor pe care \u0219i-a format-o de-a lungul anilor. Artistul, c\u0103s\u0103torit cu Carmen din 2003 \u0219i aflat \u00eentr-o rela\u021bie cu aceasta de peste trei decenii, a recunoscut \u00een mai multe r\u00e2nduri c\u0103 via\u021ba sa amoroas\u0103 nu a fost lipsit\u0103 de complica\u021bii. \u00cen ciuda &#8230; <a title=\"Gata! S-a aflat absolut tot: \u201cNoi\u2026\u201d. Vali Vijelie a\u2026\" class=\"read-more\" href=\"https:\/\/stiri-faine.com\/?p=5962\" aria-label=\"Read more about Gata! S-a aflat absolut tot: \u201cNoi\u2026\u201d. Vali Vijelie a\u2026\">Read more<\/a><\/p>\n","protected":false},"author":1,"featured_media":0,"comment_status":"open","ping_status":"open","sticky":false,"template":"","format":"standard","meta":{"footnotes":""},"categories":[1],"tags":[],"class_list":["post-5962","post","type-post","status-publish","format-standard","hentry","category-uncategorized"],"_links":{"self":[{"href":"https:\/\/stiri-faine.com\/index.php?rest_route=\/wp\/v2\/posts\/5962","targetHints":{"allow":["GET"]}}],"collection":[{"href":"https:\/\/stiri-faine.com\/index.php?rest_route=\/wp\/v2\/posts"}],"about":[{"href":"https:\/\/stiri-faine.com\/index.php?rest_route=\/wp\/v2\/types\/post"}],"author":[{"embeddable":true,"href":"https:\/\/stiri-faine.com\/index.php?rest_route=\/wp\/v2\/users\/1"}],"replies":[{"embeddable":true,"href":"https:\/\/stiri-faine.com\/index.php?rest_route=%2Fwp%2Fv2%2Fcomments&post=5962"}],"version-history":[{"count":1,"href":"https:\/\/stiri-faine.com\/index.php?rest_route=\/wp\/v2\/posts\/5962\/revisions"}],"predecessor-version":[{"id":5964,"href":"https:\/\/stiri-faine.com\/index.php?rest_route=\/wp\/v2\/posts\/5962\/revisions\/5964"}],"wp:attachment":[{"href":"https:\/\/stiri-faine.com\/index.php?rest_route=%2Fwp%2Fv2%2Fmedia&parent=5962"}],"wp:term":[{"taxonomy":"category","embeddable":true,"href":"https:\/\/stiri-faine.com\/index.php?rest_route=%2Fwp%2Fv2%2Fcategories&post=5962"},{"taxonomy":"post_tag","embeddable":true,"href":"https:\/\/stiri-faine.com\/index.php?rest_route=%2Fwp%2Fv2%2Ftags&post=5962"}],"curies":[{"name":"wp","href":"https:\/\/api.w.org\/{rel}","templated":true}]}}