{"id":5950,"date":"2026-09-02T06:04:08","date_gmt":"2026-09-02T06:04:08","guid":{"rendered":"https:\/\/stiri-faine.com\/?p=5950"},"modified":"2026-09-02T06:04:09","modified_gmt":"2026-09-02T06:04:09","slug":"stirea-momentului-lucian-pahontu-a","status":"publish","type":"post","link":"https:\/\/stiri-faine.com\/?p=5950","title":{"rendered":"\u0218tirea momentului! Lucian Pahon\u021bu a\u2026"},"content":{"rendered":"\n<p class=\"wp-block-paragraph\">Generalul \u00een rezerv\u0103 Lucian Pahon\u021bu, directorul Serviciului de Protec\u021bie \u0219i Paz\u0103, a transmis un punct de vedere amplu privind acuza\u021biile referitoare la rolul s\u0103u \u00een evenimentele din decembrie 1989 \u0219i iunie 1990. Acesta respinge categoric orice implicare \u00een reprimarea manifestan\u021bilor \u0219i sus\u021bine c\u0103 activitatea sa din acea perioad\u0103 poate fi verificat\u0103 \u00een documentele oficiale.<\/p>\n\n\n\n<p class=\"wp-block-paragraph\">Pahon\u021bu afirm\u0103 c\u0103 nu a desf\u0103\u0219urat niciodat\u0103 activit\u0103\u021bi care s\u0103 \u00eencalce sau s\u0103 limiteze drepturile \u0219i libert\u0103\u021bile fundamentale \u0219i spune c\u0103 a\u0219teapt\u0103 ca verific\u0103rile institu\u021biilor competente s\u0103 clarifice situa\u021bia.<\/p>\n\n\n\n<p class=\"wp-block-paragraph\">Ce spune Lucian Pahon\u021bu despre decembrie 1989<br>Directorul SPP sus\u021bine c\u0103, \u00een decembrie 1989, avea 25 de ani, gradul de locotenent \u0219i era comandant al unui pluton de transmisiuni din cadrul Trupelor de Securitate.<\/p>\n\n\n\n<p class=\"wp-block-paragraph\">Potrivit acestuia, atribu\u021biile sale erau strict legate de transmisiuni, iar subunitatea din care f\u0103cea parte avea rol logistic.<\/p>\n\n\n\n<p class=\"wp-block-paragraph\">\u00cen seara de 21 decembrie 1989, compania sa ar fi primit mai multe ordine de deplasare, ajung\u00e2nd \u00een cele din urm\u0103 \u00een dispozitiv pe strada 13 Decembrie, actuala strad\u0103 Ion C\u00e2mpineanu.<\/p>\n\n\n\n<p class=\"wp-block-paragraph\">Pahon\u021bu sus\u021bine c\u0103 militarii din subordinea sa nu aveau muni\u021bie asupra lor, aceasta fiind p\u0103strat\u0103 \u00een l\u0103zi sigilate \u00een camioane.<\/p>\n\n\n\n<p class=\"wp-block-paragraph\">El afirm\u0103 c\u0103, pe durata celor aproximativ patru ore petrecute \u00een dispozitiv, nici el \u0219i nici militarii afla\u021bi \u00een subordinea sa nu ar fi avut contact direct cu manifestan\u021bii.<\/p>\n\n\n\n<p class=\"wp-block-paragraph\">Ce s-a \u00eent\u00e2mplat \u00een diminea\u021ba de 22 decembrie<br>Potrivit relat\u0103rii sale, \u00een diminea\u021ba zilei de 22 decembrie, militarii au revenit \u00een acela\u0219i dispozitiv, iar \u00een jurul orei 10:00 au permis accesul manifestan\u021bilor spre Pia\u021ba Republicii, actuala Pia\u021ba Revolu\u021biei.<\/p>\n\n\n\n<p class=\"wp-block-paragraph\">Pahon\u021bu spune c\u0103 protestatarii i-au \u00eembr\u0103\u021bi\u0219at pe militari \u0219i le-au oferit flori \u0219i alimente.<\/p>\n\n\n\n<p class=\"wp-block-paragraph\">Ulterior, unitatea sa s-ar fi retras la cazarm\u0103, unde muni\u021bia a fost verificat\u0103. Directorul SPP sus\u021bine c\u0103 nu lipsea niciun cartu\u0219.<\/p>\n\n\n\n<p class=\"wp-block-paragraph\">Acesta respinge \u0219i afirma\u021biile potrivit c\u0103rora s-ar fi aflat la baricada de la Intercontinental sau pe Bulevardul Nicolae B\u0103lcescu.<\/p>\n\n\n\n<p class=\"wp-block-paragraph\">Pahon\u021bu neag\u0103 \u0219i implicarea \u00een evenimentele din iunie 1990<br>Lucian Pahon\u021bu respinge \u0219i acuza\u021biile privind o eventual\u0103 implicare \u00een violen\u021bele din Pia\u021ba Universit\u0103\u021bii din 13-14 iunie 1990.<\/p>\n\n\n\n<p class=\"wp-block-paragraph\">Potrivit acestuia, at\u00e2t el, c\u00e2t \u0219i militarii din subordinea sa ar fi r\u0103mas \u00een cazarm\u0103 \u00een cele dou\u0103 zile.<\/p>\n\n\n\n<p class=\"wp-block-paragraph\">Pahon\u021bu afirm\u0103 c\u0103 ar fi primit ordin s\u0103 participe la o misiune de men\u021binere a ordinii publice abia \u00een 15 iunie, \u00eempreun\u0103 cu 72 de militari, \u00eentr-un moment \u00een care confrunt\u0103rile se \u00eencheiaser\u0103.<\/p>\n\n\n\n<p class=\"wp-block-paragraph\">Directorul SPP sus\u021bine c\u0103 activitatea sa a fost verificat\u0103 \u00een repetate r\u00e2nduri de institu\u021biile statului \u0219i consider\u0103 c\u0103 eventuale fapte grave ar fi fost descoperite \u00een anchetele desf\u0103\u0219urate \u00een ultimele decenii.<\/p>\n\n\n\n<p class=\"wp-block-paragraph\">El invoc\u0103 \u0219i declara\u021biile fostului procuror militar C\u0103t\u0103lin Ranco Pi\u021bu, potrivit c\u0103ruia nu ar exista probe care s\u0103 indice o implicare direct\u0103 a lui Pahon\u021bu \u00een ac\u021biunile de represiune din decembrie 1989.<\/p>\n\n\n\n<p class=\"wp-block-paragraph\">Ce spune despre activitatea sa la conducerea SPP<br>Lucian Pahon\u021bu afirm\u0103 c\u0103, de la numirea sa la conducerea Serviciului de Protec\u021bie \u0219i Paz\u0103, obiectivul principal a fost modernizarea institu\u021biei \u0219i cre\u0219terea profesionalismului acesteia.<\/p>\n\n\n\n<p class=\"wp-block-paragraph\">El sus\u021bine c\u0103 SPP \u0219i-a dezvoltat cooperarea cu structurile NATO, ONU, Uniunea European\u0103 \u0219i cu numero\u0219i parteneri interna\u021bionali.<\/p>\n\n\n\n<p class=\"wp-block-paragraph\">\u00cen final, Pahon\u021bu spune c\u0103 \u00ee\u0219i dore\u0219te ca toate acuza\u021biile care \u00eei afecteaz\u0103 reputa\u021bia \u0219i cariera militar\u0103 s\u0103 fie clarificate c\u00e2t mai rapid \u0219i afirm\u0103 c\u0103 \u0219i-a construit activitatea pe principii precum integritatea, loialitatea \u0219i responsabilitatea.<\/p>\n","protected":false},"excerpt":{"rendered":"<p>Generalul \u00een rezerv\u0103 Lucian Pahon\u021bu, directorul Serviciului de Protec\u021bie \u0219i Paz\u0103, a transmis un punct de vedere amplu privind acuza\u021biile referitoare la rolul s\u0103u \u00een evenimentele din decembrie 1989 \u0219i iunie 1990. Acesta respinge categoric orice implicare \u00een reprimarea manifestan\u021bilor \u0219i sus\u021bine c\u0103 activitatea sa din acea perioad\u0103 poate fi verificat\u0103 \u00een documentele oficiale. Pahon\u021bu &#8230; <a title=\"\u0218tirea momentului! Lucian Pahon\u021bu a\u2026\" class=\"read-more\" href=\"https:\/\/stiri-faine.com\/?p=5950\" aria-label=\"Read more about \u0218tirea momentului! Lucian Pahon\u021bu a\u2026\">Read more<\/a><\/p>\n","protected":false},"author":1,"featured_media":0,"comment_status":"open","ping_status":"open","sticky":false,"template":"","format":"standard","meta":{"footnotes":""},"categories":[1],"tags":[],"class_list":["post-5950","post","type-post","status-publish","format-standard","hentry","category-uncategorized"],"_links":{"self":[{"href":"https:\/\/stiri-faine.com\/index.php?rest_route=\/wp\/v2\/posts\/5950","targetHints":{"allow":["GET"]}}],"collection":[{"href":"https:\/\/stiri-faine.com\/index.php?rest_route=\/wp\/v2\/posts"}],"about":[{"href":"https:\/\/stiri-faine.com\/index.php?rest_route=\/wp\/v2\/types\/post"}],"author":[{"embeddable":true,"href":"https:\/\/stiri-faine.com\/index.php?rest_route=\/wp\/v2\/users\/1"}],"replies":[{"embeddable":true,"href":"https:\/\/stiri-faine.com\/index.php?rest_route=%2Fwp%2Fv2%2Fcomments&post=5950"}],"version-history":[{"count":1,"href":"https:\/\/stiri-faine.com\/index.php?rest_route=\/wp\/v2\/posts\/5950\/revisions"}],"predecessor-version":[{"id":5952,"href":"https:\/\/stiri-faine.com\/index.php?rest_route=\/wp\/v2\/posts\/5950\/revisions\/5952"}],"wp:attachment":[{"href":"https:\/\/stiri-faine.com\/index.php?rest_route=%2Fwp%2Fv2%2Fmedia&parent=5950"}],"wp:term":[{"taxonomy":"category","embeddable":true,"href":"https:\/\/stiri-faine.com\/index.php?rest_route=%2Fwp%2Fv2%2Fcategories&post=5950"},{"taxonomy":"post_tag","embeddable":true,"href":"https:\/\/stiri-faine.com\/index.php?rest_route=%2Fwp%2Fv2%2Ftags&post=5950"}],"curies":[{"name":"wp","href":"https:\/\/api.w.org\/{rel}","templated":true}]}}