{"id":5945,"date":"2026-09-02T06:03:32","date_gmt":"2026-09-02T06:03:32","guid":{"rendered":"https:\/\/stiri-faine.com\/?p=5945"},"modified":"2026-09-02T06:03:32","modified_gmt":"2026-09-02T06:03:32","slug":"e-oficial-veste-de-ultima-ora-de-la-guvern-pensiile-vor-3","status":"publish","type":"post","link":"https:\/\/stiri-faine.com\/?p=5945","title":{"rendered":"E OFICIAL! Veste de ultima ora de la Guvern! Pensiile VOR\u2026"},"content":{"rendered":"\n<p class=\"wp-block-paragraph\"><strong>E OFICIAL! Veste de ultim\u0103 or\u0103 de la&nbsp;Guvernul Rom\u00e2niei! Pensiile VOR\u2026<\/strong><\/p>\n\n\n\n<p class=\"wp-block-paragraph\">Executivul a anun\u021bat noi m\u0103suri care vizeaz\u0103 sistemul public de pensii, iar schimb\u0103rile \u00eei privesc direct pe milioane de rom\u00e2ni. Potrivit declara\u021biilor oficiale, pensiile urmeaz\u0103 s\u0103 fie ajustate \u00een perioada urm\u0103toare, \u00een func\u021bie de calendarul stabilit prin legisla\u021bia \u00een vigoare \u0219i de situa\u021bia bugetar\u0103.<\/p>\n\n\n\n<h2 class=\"wp-block-heading\">Ce se preg\u0103te\u0219te<\/h2>\n\n\n\n<p class=\"wp-block-paragraph\">\ud83d\udd39 Actualizarea valorii punctului de pensie<br>\ud83d\udd39 Posibile index\u0103ri \u00een raport cu rata infla\u021biei<br>\ud83d\udd39 Corec\u021bii pentru anumite categorii de pensionari<br>\ud83d\udd39 M\u0103suri suplimentare pentru pensiile mici<\/p>\n\n\n\n<p class=\"wp-block-paragraph\">Autorit\u0103\u021bile sus\u021bin c\u0103 obiectivul principal este protejarea puterii de cump\u0103rare a pensionarilor, mai ales \u00een contextul cre\u0219terii costului vie\u021bii.<\/p>\n\n\n\n<h2 class=\"wp-block-heading\">Cine ar putea beneficia<\/h2>\n\n\n\n<ul class=\"wp-block-list\">\n<li>Pensionarii cu venituri mici<\/li>\n\n\n\n<li>Persoanele care primesc indemniza\u021bie social\u0103 minim\u0103<\/li>\n\n\n\n<li>Cei afecta\u021bi de recalcul\u0103ri anterioare<\/li>\n<\/ul>\n\n\n\n<h2 class=\"wp-block-heading\">Ce trebuie s\u0103 \u0219tie pensionarii<\/h2>\n\n\n\n<p class=\"wp-block-paragraph\">\u2714\ufe0f Major\u0103rile aprobate se aplic\u0103 automat, f\u0103r\u0103 depunerea unei cereri.<br>\u2714\ufe0f Eventualele diferen\u021be vor fi pl\u0103tite prin casa teritorial\u0103 de pensii.<br>\u2714\ufe0f Calendarul exact al pl\u0103\u021bilor va fi anun\u021bat oficial.<\/p>\n\n\n\n<p class=\"wp-block-paragraph\">De fiecare dat\u0103 c\u00e2nd apar astfel de anun\u021buri, este important ca informa\u021biile s\u0103 fie verificate din surse oficiale \u0219i s\u0103 nu se bazeze doar pe titluri alarmiste.<\/p>\n","protected":false},"excerpt":{"rendered":"<p>E OFICIAL! Veste de ultim\u0103 or\u0103 de la&nbsp;Guvernul Rom\u00e2niei! Pensiile VOR\u2026 Executivul a anun\u021bat noi m\u0103suri care vizeaz\u0103 sistemul public de pensii, iar schimb\u0103rile \u00eei privesc direct pe milioane de rom\u00e2ni. Potrivit declara\u021biilor oficiale, pensiile urmeaz\u0103 s\u0103 fie ajustate \u00een perioada urm\u0103toare, \u00een func\u021bie de calendarul stabilit prin legisla\u021bia \u00een vigoare \u0219i de situa\u021bia bugetar\u0103. &#8230; <a title=\"E OFICIAL! Veste de ultima ora de la Guvern! Pensiile VOR\u2026\" class=\"read-more\" href=\"https:\/\/stiri-faine.com\/?p=5945\" aria-label=\"Read more about E OFICIAL! Veste de ultima ora de la Guvern! Pensiile VOR\u2026\">Read more<\/a><\/p>\n","protected":false},"author":1,"featured_media":0,"comment_status":"open","ping_status":"open","sticky":false,"template":"","format":"standard","meta":{"footnotes":""},"categories":[1],"tags":[],"class_list":["post-5945","post","type-post","status-publish","format-standard","hentry","category-uncategorized"],"_links":{"self":[{"href":"https:\/\/stiri-faine.com\/index.php?rest_route=\/wp\/v2\/posts\/5945","targetHints":{"allow":["GET"]}}],"collection":[{"href":"https:\/\/stiri-faine.com\/index.php?rest_route=\/wp\/v2\/posts"}],"about":[{"href":"https:\/\/stiri-faine.com\/index.php?rest_route=\/wp\/v2\/types\/post"}],"author":[{"embeddable":true,"href":"https:\/\/stiri-faine.com\/index.php?rest_route=\/wp\/v2\/users\/1"}],"replies":[{"embeddable":true,"href":"https:\/\/stiri-faine.com\/index.php?rest_route=%2Fwp%2Fv2%2Fcomments&post=5945"}],"version-history":[{"count":1,"href":"https:\/\/stiri-faine.com\/index.php?rest_route=\/wp\/v2\/posts\/5945\/revisions"}],"predecessor-version":[{"id":5946,"href":"https:\/\/stiri-faine.com\/index.php?rest_route=\/wp\/v2\/posts\/5945\/revisions\/5946"}],"wp:attachment":[{"href":"https:\/\/stiri-faine.com\/index.php?rest_route=%2Fwp%2Fv2%2Fmedia&parent=5945"}],"wp:term":[{"taxonomy":"category","embeddable":true,"href":"https:\/\/stiri-faine.com\/index.php?rest_route=%2Fwp%2Fv2%2Fcategories&post=5945"},{"taxonomy":"post_tag","embeddable":true,"href":"https:\/\/stiri-faine.com\/index.php?rest_route=%2Fwp%2Fv2%2Ftags&post=5945"}],"curies":[{"name":"wp","href":"https:\/\/api.w.org\/{rel}","templated":true}]}}