{"id":5939,"date":"2026-09-01T14:20:22","date_gmt":"2026-09-01T14:20:22","guid":{"rendered":"https:\/\/stiri-faine.com\/?p=5939"},"modified":"2026-09-01T14:20:22","modified_gmt":"2026-09-01T14:20:22","slug":"cutremur-pe-scena-politica-din-romania-petrisor-peiu-si-george-simion","status":"publish","type":"post","link":"https:\/\/stiri-faine.com\/?p=5939","title":{"rendered":"CUTREMUR pe scena politic\u0103 din Rom\u00e2nia! Petri\u0219or Peiu \u0219i George Simion\u2026"},"content":{"rendered":"\n<p class=\"wp-block-paragraph\">Votul din Senat asupra legii ANI a provocat noi tensiuni \u00eentre partidele parlamentare. Reprezentan\u021bii USR au criticat dur PNL \u0219i UDMR pentru sus\u021binerea proiectului, \u00een timp ce Ilie Bolojan a explicat c\u0103 liberalii au votat legea pentru a evita riscul pierderii unor fonduri importante din PNRR.<\/p>\n\n\n\n<p class=\"wp-block-paragraph\">Legea a trecut de Senat cu 106 voturi \u201epentru\u201d \u0219i 19 \u201e\u00eempotriv\u0103\u201d, iar USR s-a opus proiectului. AUR \u0219i UDMR au votat \u00een favoarea actului normativ.<\/p>\n\n\n\n<p class=\"wp-block-paragraph\">USR acuz\u0103 PNL c\u0103 a \u201e\u00eenchis ochii\u201d<br>Purt\u0103torul de cuv\u00e2nt al USR, Cristian Seidler, a criticat public votul liberalilor \u0219i a sus\u021binut c\u0103 legea ar fi trebuit respins\u0103 \u0219i \u00eenlocuit\u0103 cu o variant\u0103 nou\u0103.<\/p>\n\n\n\n<p class=\"wp-block-paragraph\">\u201eE fals c\u0103 Rom\u00e2nia avea de ales \u00eentre 770 de milioane de euro \u0219i stingerea luminii democratice\u201d, a transmis Seidler.<\/p>\n\n\n\n<p class=\"wp-block-paragraph\">Acesta a acuzat PNL \u0219i UDMR c\u0103 au acceptat un compromis pe care USR \u00eel consider\u0103 periculos din punct de vedere democratic.<\/p>\n\n\n\n<p class=\"wp-block-paragraph\">\u0218i liderul senatorilor USR, Sorin \u0218ipo\u0219, a anun\u021bat c\u0103 rela\u021bia partidului cu PNL va fi reevaluat\u0103 dup\u0103 vot.<\/p>\n\n\n\n<p class=\"wp-block-paragraph\">De ce a votat PNL legea ANI<br>Ilie Bolojan a recunoscut c\u0103 votul a fost dificil pentru liberali \u0219i a criticat la r\u00e2ndul s\u0103u prevederea care poate produce efecte asupra mandatului lui Dominic Fritz.<\/p>\n\n\n\n<p class=\"wp-block-paragraph\">Totu\u0219i, acesta a sus\u021binut c\u0103 Rom\u00e2nia trebuia s\u0103 \u00eendeplineasc\u0103 p\u00e2n\u0103 la 31 august anumite jaloane din PNRR, printre care legea ANI \u0219i legea salariz\u0103rii.<\/p>\n\n\n\n<p class=\"wp-block-paragraph\">\u201eInteresul \u021b\u0103rii de a \u00eendeplini jaloanele p\u00e2n\u0103 la sf\u00e2r\u0219itul acestei luni este superior oric\u0103rei alte discu\u021bii\u201d, a transmis Bolojan.<\/p>\n\n\n\n<p class=\"wp-block-paragraph\">El a ad\u0103ugat c\u0103 PNL va sus\u021bine ulterior corectarea prevederilor considerate problematice.<\/p>\n\n\n\n<p class=\"wp-block-paragraph\">\u201eAmendamentul Fritz\u201d, \u00een centrul controverselor<br>Una dintre cele mai contestate prevederi este a\u0219a-numitul \u201eamendament Fritz\u201d, care poate produce efecte asupra persoanelor aflate \u00een func\u021bii publice \u0219i vizate de decizii definitive privind incompatibilitatea sau conflictul de interese.<\/p>\n\n\n\n<p class=\"wp-block-paragraph\">Criticii sus\u021bin c\u0103 aceast\u0103 prevedere ar avea efect retroactiv \u0219i c\u0103 ar fi fost construit\u0103 special pentru Dominic Fritz.<\/p>\n\n\n\n<p class=\"wp-block-paragraph\">Curtea Constitu\u021bional\u0103 a analizat legea \u0219i a declarat constitu\u021bional\u0103 aceast\u0103 prevedere cu votul majorit\u0103\u021bii judec\u0103torilor.<\/p>\n\n\n\n<p class=\"wp-block-paragraph\">\u00cen schimb, o alt\u0103 formulare privind \u201epersoana care are rela\u021bii asem\u0103n\u0103toare acelora dintre so\u021bi\u201d a fost declarat\u0103 neconstitu\u021bional\u0103 \u00een unanimitate.<\/p>\n\n\n\n<p class=\"wp-block-paragraph\">Petri\u0219or Peiu a refuzat s\u0103 participe la vot<br>\u00cen interiorul AUR au existat, de asemenea, tensiuni.<\/p>\n\n\n\n<p class=\"wp-block-paragraph\">Petri\u0219or Peiu a anun\u021bat c\u0103 nu particip\u0103 la vot, motiv\u00e2nd c\u0103 nu poate sus\u021bine ast\u0103zi ceea ce anterior a respins.<\/p>\n\n\n\n<p class=\"wp-block-paragraph\">Acesta a vorbit despre consecven\u021b\u0103 \u0219i onoare politic\u0103 \u0219i a sus\u021binut c\u0103 nu a impus niciodat\u0103 colegilor s\u0103i un anumit vot.<\/p>\n\n\n\n<p class=\"wp-block-paragraph\">Prin adoptarea legii, disputa nu se \u00eencheie. USR anun\u021b\u0103 c\u0103 va continua s\u0103 conteste prevederile considerate nedrepte, \u00een timp ce PNL sus\u021bine c\u0103 votul a fost dictat de necesitatea respect\u0103rii jaloanelor asumate prin PNRR.<\/p>\n","protected":false},"excerpt":{"rendered":"<p>Votul din Senat asupra legii ANI a provocat noi tensiuni \u00eentre partidele parlamentare. Reprezentan\u021bii USR au criticat dur PNL \u0219i UDMR pentru sus\u021binerea proiectului, \u00een timp ce Ilie Bolojan a explicat c\u0103 liberalii au votat legea pentru a evita riscul pierderii unor fonduri importante din PNRR. Legea a trecut de Senat cu 106 voturi \u201epentru\u201d &#8230; <a title=\"CUTREMUR pe scena politic\u0103 din Rom\u00e2nia! Petri\u0219or Peiu \u0219i George Simion\u2026\" class=\"read-more\" href=\"https:\/\/stiri-faine.com\/?p=5939\" aria-label=\"Read more about CUTREMUR pe scena politic\u0103 din Rom\u00e2nia! Petri\u0219or Peiu \u0219i George Simion\u2026\">Read more<\/a><\/p>\n","protected":false},"author":1,"featured_media":0,"comment_status":"open","ping_status":"open","sticky":false,"template":"","format":"standard","meta":{"footnotes":""},"categories":[1],"tags":[],"class_list":["post-5939","post","type-post","status-publish","format-standard","hentry","category-uncategorized"],"_links":{"self":[{"href":"https:\/\/stiri-faine.com\/index.php?rest_route=\/wp\/v2\/posts\/5939","targetHints":{"allow":["GET"]}}],"collection":[{"href":"https:\/\/stiri-faine.com\/index.php?rest_route=\/wp\/v2\/posts"}],"about":[{"href":"https:\/\/stiri-faine.com\/index.php?rest_route=\/wp\/v2\/types\/post"}],"author":[{"embeddable":true,"href":"https:\/\/stiri-faine.com\/index.php?rest_route=\/wp\/v2\/users\/1"}],"replies":[{"embeddable":true,"href":"https:\/\/stiri-faine.com\/index.php?rest_route=%2Fwp%2Fv2%2Fcomments&post=5939"}],"version-history":[{"count":1,"href":"https:\/\/stiri-faine.com\/index.php?rest_route=\/wp\/v2\/posts\/5939\/revisions"}],"predecessor-version":[{"id":5940,"href":"https:\/\/stiri-faine.com\/index.php?rest_route=\/wp\/v2\/posts\/5939\/revisions\/5940"}],"wp:attachment":[{"href":"https:\/\/stiri-faine.com\/index.php?rest_route=%2Fwp%2Fv2%2Fmedia&parent=5939"}],"wp:term":[{"taxonomy":"category","embeddable":true,"href":"https:\/\/stiri-faine.com\/index.php?rest_route=%2Fwp%2Fv2%2Fcategories&post=5939"},{"taxonomy":"post_tag","embeddable":true,"href":"https:\/\/stiri-faine.com\/index.php?rest_route=%2Fwp%2Fv2%2Ftags&post=5939"}],"curies":[{"name":"wp","href":"https:\/\/api.w.org\/{rel}","templated":true}]}}