{"id":5932,"date":"2026-09-01T14:17:52","date_gmt":"2026-09-01T14:17:52","guid":{"rendered":"https:\/\/stiri-faine.com\/?p=5932"},"modified":"2026-09-01T14:17:52","modified_gmt":"2026-09-01T14:17:52","slug":"ar-fi-nevoie-de-un-premier-politic-viorica-dancila-crede-ca-solutia-la-criza-guvernamentala-este-o-alianta-intre-psd-si-2","status":"publish","type":"post","link":"https:\/\/stiri-faine.com\/?p=5932","title":{"rendered":"\u201eAr fi nevoie de un premier politic\u201d. Viorica D\u0103ncil\u0103 crede c\u0103 SOLU\u021aIA la criza guvernamental\u0103 este o alian\u021b\u0103 \u00eentre PSD \u0219i\u2026"},"content":{"rendered":"<p>Fostul premier Viorica D\u0103ncil\u0103 consider\u0103 c\u0103 Rom\u00e2nia are nevoie de un prim-ministru politic \u0219i sus\u021bine c\u0103 o formul\u0103 de guvernare PSD-AUR ar putea reprezenta cea mai stabil\u0103 solu\u021bie \u00een actualul context parlamentar.<\/p>\n<p>Invitat\u0103 luni seara la Marius Tuc\u0103 Show, D\u0103ncil\u0103 a vorbit despre blocajul politic \u0219i despre variantele care ar putea duce la formarea unui nou Executiv.<\/p>\n<p>D\u0103ncil\u0103: \u201eAr fi nevoie de un premier politic\u201d\u00centrebat\u0103 despre scenariul \u00een care Eugen Tomac ar putea fi desemnat premier, Viorica D\u0103ncil\u0103 a spus c\u0103 o astfel de variant\u0103 ar reprezenta mai degrab\u0103 o solu\u021bie de compromis.<\/p>\n<p>Fostul premier consider\u0103 c\u0103 Rom\u00e2nia are nevoie de un \u0219ef al Guvernului care s\u0103 \u00ee\u0219i asume politic deciziile importante.<\/p>\n<p>\u201eCred c\u0103 ar fi nevoie de un premier politic. Cineva trebuie s\u0103-\u0219i asume\u201d, a declarat aceasta.<\/p>\n<p>D\u0103ncil\u0103 a criticat \u0219i experien\u021ba guvernului tehnocrat din 2016, sus\u021bin\u00e2nd c\u0103 o astfel de formul\u0103 nu a adus rezultatele a\u0219teptate.<\/p>\n<p>\u00cen opinia sa, viitorul Executiv trebuie s\u0103 vin\u0103 cu experien\u021b\u0103, expertiz\u0103, asumare \u0219i transparen\u021b\u0103, mai ales \u00eentr-o perioad\u0103 \u00een care Rom\u00e2nia are nevoie de decizii rapide \u0219i de stabilitate.<\/p>\n<p>Alegerile anticipate, variant\u0103 dac\u0103 nu se g\u0103se\u0219te o majoritateViorica D\u0103ncil\u0103 a mai afirmat c\u0103, dac\u0103 partidele nu reu\u0219esc s\u0103 construiasc\u0103 o majoritate parlamentar\u0103, solu\u021bia ar trebui s\u0103 fie organizarea de alegeri anticipate.<\/p>\n<p>Fostul premier sus\u021bine c\u0103 \u00eentoarcerea la urne ar permite aleg\u0103torilor s\u0103 decid\u0103 din nou configura\u021bia politic\u0103 a Parlamentului.<\/p>\n<p>Aceasta a criticat \u0219i USR, afirm\u00e2nd c\u0103 forma\u021biunea profit\u0103 de actuala perioad\u0103 de instabilitate \u0219i c\u0103 unele decizii luate nu ar avantaja suficient economia Rom\u00e2niei.<\/p>\n<p>PSD-AUR, formula preferat\u0103 de D\u0103ncil\u0103Viorica D\u0103ncil\u0103 a declarat c\u0103, dac\u0103 ar fi trebuit s\u0103 construiasc\u0103 o majoritate \u00een actualul Parlament, ar fi ales varianta unui guvern PSD-AUR.<\/p>\n<p>Potrivit acesteia, o asemenea formul\u0103 ar putea beneficia de o sus\u021binere parlamentar\u0103 mai consistent\u0103 \u0219i ar putea fi completat\u0103 prin sprijinul minorit\u0103\u021bilor \u0219i al altor forma\u021biuni mai mici.<\/p>\n<p>\u201eEste singura solu\u021bie \u00een care avem o majoritate c\u00e2t de c\u00e2t stabil\u0103\u201d, a spus fostul premier.<\/p>\n<p>D\u0103ncil\u0103 consider\u0103 c\u0103 Rom\u00e2nia are nevoie de un Guvern cu puteri depline, mai ales \u00een condi\u021biile \u00een care Parlamentul este foarte fragmentat, iar negocierile dintre partide nu au reu\u0219it p\u00e2n\u0103 acum s\u0103 produc\u0103 o majoritate clar\u0103.<\/p>\n<p>\u00cen opinia sa, fie partidele reu\u0219esc s\u0103 construiasc\u0103 rapid o formul\u0103 stabil\u0103 de guvernare, fie trebuie redeschis\u0103 calea c\u0103tre alegeri anticipate.<\/p>\n","protected":false},"excerpt":{"rendered":"<p>Fostul premier Viorica D\u0103ncil\u0103 consider\u0103 c\u0103 Rom\u00e2nia are nevoie de un prim-ministru politic \u0219i sus\u021bine c\u0103 o formul\u0103 de guvernare PSD-AUR ar putea reprezenta cea mai stabil\u0103 solu\u021bie \u00een actualul context parlamentar. Invitat\u0103 luni seara la Marius Tuc\u0103 Show, D\u0103ncil\u0103 a vorbit despre blocajul politic \u0219i despre variantele care ar putea duce la formarea unui &#8230; <a title=\"\u201eAr fi nevoie de un premier politic\u201d. Viorica D\u0103ncil\u0103 crede c\u0103 SOLU\u021aIA la criza guvernamental\u0103 este o alian\u021b\u0103 \u00eentre PSD \u0219i\u2026\" class=\"read-more\" href=\"https:\/\/stiri-faine.com\/?p=5932\" aria-label=\"Read more about \u201eAr fi nevoie de un premier politic\u201d. Viorica D\u0103ncil\u0103 crede c\u0103 SOLU\u021aIA la criza guvernamental\u0103 este o alian\u021b\u0103 \u00eentre PSD \u0219i\u2026\">Read more<\/a><\/p>\n","protected":false},"author":1,"featured_media":0,"comment_status":"open","ping_status":"open","sticky":false,"template":"","format":"standard","meta":{"footnotes":""},"categories":[1],"tags":[],"class_list":["post-5932","post","type-post","status-publish","format-standard","hentry","category-uncategorized"],"_links":{"self":[{"href":"https:\/\/stiri-faine.com\/index.php?rest_route=\/wp\/v2\/posts\/5932","targetHints":{"allow":["GET"]}}],"collection":[{"href":"https:\/\/stiri-faine.com\/index.php?rest_route=\/wp\/v2\/posts"}],"about":[{"href":"https:\/\/stiri-faine.com\/index.php?rest_route=\/wp\/v2\/types\/post"}],"author":[{"embeddable":true,"href":"https:\/\/stiri-faine.com\/index.php?rest_route=\/wp\/v2\/users\/1"}],"replies":[{"embeddable":true,"href":"https:\/\/stiri-faine.com\/index.php?rest_route=%2Fwp%2Fv2%2Fcomments&post=5932"}],"version-history":[{"count":0,"href":"https:\/\/stiri-faine.com\/index.php?rest_route=\/wp\/v2\/posts\/5932\/revisions"}],"wp:attachment":[{"href":"https:\/\/stiri-faine.com\/index.php?rest_route=%2Fwp%2Fv2%2Fmedia&parent=5932"}],"wp:term":[{"taxonomy":"category","embeddable":true,"href":"https:\/\/stiri-faine.com\/index.php?rest_route=%2Fwp%2Fv2%2Fcategories&post=5932"},{"taxonomy":"post_tag","embeddable":true,"href":"https:\/\/stiri-faine.com\/index.php?rest_route=%2Fwp%2Fv2%2Ftags&post=5932"}],"curies":[{"name":"wp","href":"https:\/\/api.w.org\/{rel}","templated":true}]}}