{"id":5927,"date":"2026-09-01T14:10:46","date_gmt":"2026-09-01T14:10:46","guid":{"rendered":"https:\/\/stiri-faine.com\/?p=5927"},"modified":"2026-09-01T14:10:46","modified_gmt":"2026-09-01T14:10:46","slug":"kelemen-hunor-isi-schimba-pozitia-in-negocierile-pentru-guvern-ce-spune-despre-siegfried-muresan","status":"publish","type":"post","link":"https:\/\/stiri-faine.com\/?p=5927","title":{"rendered":"Kelemen Hunor \u00ee\u0219i schimb\u0103 pozi\u021bia \u00een negocierile pentru Guvern. Ce spune despre Siegfried Mure\u0219an"},"content":{"rendered":"\n<p class=\"wp-block-paragraph\">Pre\u0219edintele UDMR, Kelemen Hunor, respinge informa\u021biile potrivit c\u0103rora parlamentarii forma\u021biunii ar fi gata s\u0103 voteze orice candidat pentru func\u021bia de prim-ministru desemnat de pre\u0219edintele Nicu\u0219or Dan. Liderul Uniunii spune c\u0103 pozi\u021bia partidului nu s-a schimbat \u0219i c\u0103 UDMR continu\u0103 s\u0103 \u00eel sus\u021bin\u0103 pe Siegfried Mure\u0219an, candidatul agreat \u00eempreun\u0103 cu PNL \u0219i USR.<\/p>\n\n\n\n<p class=\"wp-block-paragraph\">Kelemen Hunor a precizat c\u0103 nu a promis nici lui Sorin Grindeanu, nici lui Ilie Bolojan c\u0103 UDMR va sus\u021bine automat orice variant\u0103 de premier venit\u0103 de la Cotroceni.<\/p>\n\n\n\n<p class=\"wp-block-paragraph\">UDMR r\u0103m\u00e2ne al\u0103turi de PNL \u0219i USR<br>Liderul Uniunii a explicat c\u0103, \u00een acest moment, exist\u0103 dou\u0103 variante politice clare: PNL, USR \u0219i UDMR \u00eel sus\u021bin pe Siegfried Mure\u0219an, \u00een timp ce PSD merge pe varianta Sorin Grindeanu.<\/p>\n\n\n\n<p class=\"wp-block-paragraph\">Kelemen Hunor spune c\u0103 forma\u021biunea sa nu va \u00eencepe negocieri cu PSD pentru sus\u021binerea unui alt candidat \u00eenainte ca pre\u0219edintele Nicu\u0219or Dan s\u0103 fac\u0103 o desemnare oficial\u0103.<\/p>\n\n\n\n<p class=\"wp-block-paragraph\">El a folosit chiar imaginea unei \u201eb\u0103rci\u201d pentru a descrie actuala alian\u021b\u0103 dintre UDMR, PNL \u0219i USR, preciz\u00e2nd c\u0103 nu inten\u021bioneaz\u0103 s\u0103 p\u0103r\u0103seasc\u0103 aceast\u0103 formul\u0103 \u00eenainte de o decizie a \u0219efului statului.<\/p>\n\n\n\n<p class=\"wp-block-paragraph\">Totu\u0219i, dup\u0103 desemnarea premierului, pozi\u021bia UDMR ar putea fi reevaluat\u0103 \u00een func\u021bie de noua situa\u021bie politic\u0103.<\/p>\n\n\n\n<p class=\"wp-block-paragraph\">Kelemen Hunor are repro\u0219uri pentru Siegfried Mure\u0219an<br>De\u0219i \u00ee\u0219i men\u021bine sprijinul pentru candidatul comun, Kelemen Hunor nu s-a ferit s\u0103-l critice pe Siegfried Mure\u0219an.<\/p>\n\n\n\n<p class=\"wp-block-paragraph\">Liderul UDMR consider\u0103 c\u0103 acesta nu a fost suficient de activ \u00een timpul verii \u0219i nu a f\u0103cut demersurile necesare pentru a construi o majoritate parlamentar\u0103.<\/p>\n\n\n\n<p class=\"wp-block-paragraph\">Potrivit lui Kelemen, dup\u0103 nominalizare, Mure\u0219an a avut c\u00e2teva interven\u021bii publice, dup\u0103 care a disp\u0103rut aproape complet din negocierile politice.<\/p>\n\n\n\n<p class=\"wp-block-paragraph\">Problema este cu at\u00e2t mai important\u0103 cu c\u00e2t PNL, USR \u0219i UDMR nu de\u021bin singure cele 233 de voturi necesare pentru \u00eenvestirea unui Guvern. Pentru a trece de Parlament, viitorul premier va avea nevoie \u0219i de sus\u021binerea altor grupuri sau parlamentari.<\/p>\n\n\n\n<p class=\"wp-block-paragraph\">PSD, mai activ \u00een negocierile din var\u0103<br>Kelemen Hunor sus\u021bine c\u0103, spre deosebire de candidatul PNL-USR-UDMR, PSD a fost activ pe parcursul verii \u0219i a \u00eencercat s\u0103 construiasc\u0103 o majoritate.<\/p>\n\n\n\n<p class=\"wp-block-paragraph\">Liderul UDMR a confirmat c\u0103 a avut discu\u021bii inclusiv cu Sorin Grindeanu, \u00eens\u0103 a subliniat c\u0103 acest lucru nu \u00eenseamn\u0103 c\u0103 Uniunea \u0219i-a schimbat op\u021biunea pentru premier.<\/p>\n\n\n\n<p class=\"wp-block-paragraph\">\u00cen acela\u0219i timp, Kelemen Hunor exclude orice negociere cu AUR \u0219i afirm\u0103 c\u0103 UDMR nu inten\u021bioneaz\u0103 s\u0103 participe la o formul\u0103 politic\u0103 al\u0103turi de partidul condus de George Simion.<\/p>\n\n\n\n<p class=\"wp-block-paragraph\">Kelemen critic\u0103 prelungirea crizei politice<br>Pre\u0219edintele UDMR este nemul\u021bumit \u0219i de faptul c\u0103 Rom\u00e2nia traverseaz\u0103 de mai multe luni o perioad\u0103 de incertitudine politic\u0103.<\/p>\n\n\n\n<p class=\"wp-block-paragraph\">Kelemen Hunor consider\u0103 c\u0103 lipsa unui acord \u00eentre partide transmite imaginea unei clase politice incapabile s\u0103 g\u0103seasc\u0103 o solu\u021bie \u00eentr-un moment complicat pentru \u021bar\u0103.<\/p>\n\n\n\n<p class=\"wp-block-paragraph\">\u00cen opinia sa, orgoliile liderilor politici au ajuns s\u0103 c\u00e2nt\u0103reasc\u0103 prea mult, \u00een timp ce Rom\u00e2nia are nevoie c\u00e2t mai rapid de un Guvern stabil \u0219i de o majoritate capabil\u0103 s\u0103 func\u021bioneze.<\/p>\n","protected":false},"excerpt":{"rendered":"<p>Pre\u0219edintele UDMR, Kelemen Hunor, respinge informa\u021biile potrivit c\u0103rora parlamentarii forma\u021biunii ar fi gata s\u0103 voteze orice candidat pentru func\u021bia de prim-ministru desemnat de pre\u0219edintele Nicu\u0219or Dan. Liderul Uniunii spune c\u0103 pozi\u021bia partidului nu s-a schimbat \u0219i c\u0103 UDMR continu\u0103 s\u0103 \u00eel sus\u021bin\u0103 pe Siegfried Mure\u0219an, candidatul agreat \u00eempreun\u0103 cu PNL \u0219i USR. Kelemen Hunor a &#8230; <a title=\"Kelemen Hunor \u00ee\u0219i schimb\u0103 pozi\u021bia \u00een negocierile pentru Guvern. Ce spune despre Siegfried Mure\u0219an\" class=\"read-more\" href=\"https:\/\/stiri-faine.com\/?p=5927\" aria-label=\"Read more about Kelemen Hunor \u00ee\u0219i schimb\u0103 pozi\u021bia \u00een negocierile pentru Guvern. Ce spune despre Siegfried Mure\u0219an\">Read more<\/a><\/p>\n","protected":false},"author":1,"featured_media":0,"comment_status":"open","ping_status":"open","sticky":false,"template":"","format":"standard","meta":{"footnotes":""},"categories":[1],"tags":[],"class_list":["post-5927","post","type-post","status-publish","format-standard","hentry","category-uncategorized"],"_links":{"self":[{"href":"https:\/\/stiri-faine.com\/index.php?rest_route=\/wp\/v2\/posts\/5927","targetHints":{"allow":["GET"]}}],"collection":[{"href":"https:\/\/stiri-faine.com\/index.php?rest_route=\/wp\/v2\/posts"}],"about":[{"href":"https:\/\/stiri-faine.com\/index.php?rest_route=\/wp\/v2\/types\/post"}],"author":[{"embeddable":true,"href":"https:\/\/stiri-faine.com\/index.php?rest_route=\/wp\/v2\/users\/1"}],"replies":[{"embeddable":true,"href":"https:\/\/stiri-faine.com\/index.php?rest_route=%2Fwp%2Fv2%2Fcomments&post=5927"}],"version-history":[{"count":1,"href":"https:\/\/stiri-faine.com\/index.php?rest_route=\/wp\/v2\/posts\/5927\/revisions"}],"predecessor-version":[{"id":5928,"href":"https:\/\/stiri-faine.com\/index.php?rest_route=\/wp\/v2\/posts\/5927\/revisions\/5928"}],"wp:attachment":[{"href":"https:\/\/stiri-faine.com\/index.php?rest_route=%2Fwp%2Fv2%2Fmedia&parent=5927"}],"wp:term":[{"taxonomy":"category","embeddable":true,"href":"https:\/\/stiri-faine.com\/index.php?rest_route=%2Fwp%2Fv2%2Fcategories&post=5927"},{"taxonomy":"post_tag","embeddable":true,"href":"https:\/\/stiri-faine.com\/index.php?rest_route=%2Fwp%2Fv2%2Ftags&post=5927"}],"curies":[{"name":"wp","href":"https:\/\/api.w.org\/{rel}","templated":true}]}}