{"id":5924,"date":"2026-09-01T14:10:08","date_gmt":"2026-09-01T14:10:08","guid":{"rendered":"https:\/\/stiri-faine.com\/?p=5924"},"modified":"2026-09-01T14:10:09","modified_gmt":"2026-09-01T14:10:09","slug":"ultima-ora-sorin-oprescu-a-fost","status":"publish","type":"post","link":"https:\/\/stiri-faine.com\/?p=5924","title":{"rendered":"ULTIMA OR\u0102! Sorin Oprescu a fost\u2026"},"content":{"rendered":"\n<p class=\"wp-block-paragraph\">Fostul primar general al Capitalei, Sorin Oprescu, a fost surprins recent la o teras\u0103 de pe o insul\u0103 din Grecia, de\u0219i este condamnat definitiv \u00een Rom\u00e2nia la 9 ani \u0219i 8 luni de \u00eenchisoare pentru fapte de corup\u021bie.<\/p>\n\n\n\n<p class=\"wp-block-paragraph\">Imaginile au fost realizate de turi\u0219ti rom\u00e2ni, care l-au observat \u00een timp ce se afla la mas\u0103, \u00een compania unui cuplu. Fotografiile au ajuns ulterior \u00een pres\u0103 \u0219i au readus \u00een aten\u021bie situa\u021bia juridic\u0103 a fostului edil.<\/p>\n\n\n\n<p class=\"wp-block-paragraph\">Sorin Oprescu, surprins la relaxare \u00een Grecia<br>Fostul primar al Bucure\u0219tiului tr\u0103ie\u0219te de mai mul\u021bi ani \u00een Grecia, unde a ajuns dup\u0103 pronun\u021barea sentin\u021bei definitive \u00een dosarul s\u0103u.<\/p>\n\n\n\n<p class=\"wp-block-paragraph\">Apari\u021bia sa la teras\u0103 a atras aten\u021bia \u00een contextul \u00een care autorit\u0103\u021bile rom\u00e2ne \u00eencearc\u0103 de mai mult timp s\u0103 ob\u021bin\u0103 aducerea lui \u00een \u021bar\u0103 pentru executarea pedepsei.<\/p>\n\n\n\n<p class=\"wp-block-paragraph\">Oprescu a fost condamnat definitiv pentru infrac\u021biuni precum constituirea unui grup infrac\u021bional organizat, luare de mit\u0103 \u0219i sp\u0103lare de bani.<\/p>\n\n\n\n<p class=\"wp-block-paragraph\">Instan\u021ba a re\u021binut, la momentul condamn\u0103rii, c\u0103 fostul edil \u0219i-ar fi folosit func\u021bia public\u0103 \u00een interes personal \u0219i ar fi urm\u0103rit ob\u021binerea unor beneficii materiale.<\/p>\n\n\n\n<p class=\"wp-block-paragraph\">A plecat din Rom\u00e2nia dup\u0103 condamnare<br>Dup\u0103 pronun\u021barea hot\u0103r\u00e2rii definitive, Sorin Oprescu a p\u0103r\u0103sit Rom\u00e2nia \u0219i s-a stabilit \u00een Grecia.<\/p>\n\n\n\n<p class=\"wp-block-paragraph\">De atunci, procedurile privind extr\u0103darea sa au trecut prin mai multe etape. Fostul primar a invocat inclusiv probleme medicale \u0219i condi\u021biile din penitenciarele rom\u00e2ne\u0219ti pentru a se opune revenirii \u00een \u021bar\u0103.<\/p>\n\n\n\n<p class=\"wp-block-paragraph\">Autorit\u0103\u021bile elene au respins \u00een trecut cererile de extr\u0103dare formulate de Rom\u00e2nia.<\/p>\n\n\n\n<p class=\"wp-block-paragraph\">\u00cen noiembrie 2025, Curtea de Apel din Salonic a respins din nou o solicitare de extr\u0103dare, dup\u0103 ce ap\u0103rarea lui Sorin Oprescu a prezentat documente medicale prin care sus\u021binea c\u0103 acesta sufer\u0103 de mai multe afec\u021biuni incompatibile cu deten\u021bia.<\/p>\n\n\n\n<p class=\"wp-block-paragraph\">Situa\u021bia fostului edil r\u0103m\u00e2ne nerezolvat\u0103<br>De\u0219i este condamnat definitiv, Sorin Oprescu nu \u00ee\u0219i execut\u0103 \u00een prezent pedeapsa \u00een Rom\u00e2nia.<\/p>\n\n\n\n<p class=\"wp-block-paragraph\">Cazul s\u0103u r\u0103m\u00e2ne unul dintre cele mai cunoscute exemple de persoane condamnate definitiv \u00een Rom\u00e2nia care au reu\u0219it s\u0103 evite executarea pedepsei dup\u0103 plecarea \u00een str\u0103in\u0103tate.<\/p>\n\n\n\n<p class=\"wp-block-paragraph\">Imaginile recente din Grecia au reaprins discu\u021biile despre eficien\u021ba procedurilor de extr\u0103dare \u0219i despre situa\u021biile \u00een care persoane condamnate definitiv pot r\u0103m\u00e2ne \u00een afara \u021b\u0103rii pentru perioade \u00eendelungate.<\/p>\n\n\n\n<p class=\"wp-block-paragraph\">Deocamdat\u0103, Sorin Oprescu continu\u0103 s\u0103 locuiasc\u0103 \u00een Grecia, \u00een timp ce sentin\u021ba pronun\u021bat\u0103 \u00eempotriva sa r\u0103m\u00e2ne \u00een vigoare.<\/p>\n","protected":false},"excerpt":{"rendered":"<p>Fostul primar general al Capitalei, Sorin Oprescu, a fost surprins recent la o teras\u0103 de pe o insul\u0103 din Grecia, de\u0219i este condamnat definitiv \u00een Rom\u00e2nia la 9 ani \u0219i 8 luni de \u00eenchisoare pentru fapte de corup\u021bie. Imaginile au fost realizate de turi\u0219ti rom\u00e2ni, care l-au observat \u00een timp ce se afla la mas\u0103, &#8230; <a title=\"ULTIMA OR\u0102! Sorin Oprescu a fost\u2026\" class=\"read-more\" href=\"https:\/\/stiri-faine.com\/?p=5924\" aria-label=\"Read more about ULTIMA OR\u0102! Sorin Oprescu a fost\u2026\">Read more<\/a><\/p>\n","protected":false},"author":1,"featured_media":0,"comment_status":"open","ping_status":"open","sticky":false,"template":"","format":"standard","meta":{"footnotes":""},"categories":[1],"tags":[],"class_list":["post-5924","post","type-post","status-publish","format-standard","hentry","category-uncategorized"],"_links":{"self":[{"href":"https:\/\/stiri-faine.com\/index.php?rest_route=\/wp\/v2\/posts\/5924","targetHints":{"allow":["GET"]}}],"collection":[{"href":"https:\/\/stiri-faine.com\/index.php?rest_route=\/wp\/v2\/posts"}],"about":[{"href":"https:\/\/stiri-faine.com\/index.php?rest_route=\/wp\/v2\/types\/post"}],"author":[{"embeddable":true,"href":"https:\/\/stiri-faine.com\/index.php?rest_route=\/wp\/v2\/users\/1"}],"replies":[{"embeddable":true,"href":"https:\/\/stiri-faine.com\/index.php?rest_route=%2Fwp%2Fv2%2Fcomments&post=5924"}],"version-history":[{"count":1,"href":"https:\/\/stiri-faine.com\/index.php?rest_route=\/wp\/v2\/posts\/5924\/revisions"}],"predecessor-version":[{"id":5925,"href":"https:\/\/stiri-faine.com\/index.php?rest_route=\/wp\/v2\/posts\/5924\/revisions\/5925"}],"wp:attachment":[{"href":"https:\/\/stiri-faine.com\/index.php?rest_route=%2Fwp%2Fv2%2Fmedia&parent=5924"}],"wp:term":[{"taxonomy":"category","embeddable":true,"href":"https:\/\/stiri-faine.com\/index.php?rest_route=%2Fwp%2Fv2%2Fcategories&post=5924"},{"taxonomy":"post_tag","embeddable":true,"href":"https:\/\/stiri-faine.com\/index.php?rest_route=%2Fwp%2Fv2%2Ftags&post=5924"}],"curies":[{"name":"wp","href":"https:\/\/api.w.org\/{rel}","templated":true}]}}