{"id":5923,"date":"2026-09-01T14:09:20","date_gmt":"2026-09-01T14:09:20","guid":{"rendered":"https:\/\/stiri-faine.com\/?p=5923"},"modified":"2026-09-01T14:09:20","modified_gmt":"2026-09-01T14:09:20","slug":"george-simion-a-dat-vestea-noul-premier-4","status":"publish","type":"post","link":"https:\/\/stiri-faine.com\/?p=5923","title":{"rendered":"George Simion a dat vestea! Noul premier\u2026"},"content":{"rendered":"<p>George Simion a reac\u021bionat \u00eenaintea unei noi runde de consult\u0103ri pe care pre\u0219edintele Nicu\u0219or Dan ar urma s\u0103 le aib\u0103 cu liderii partidelor \u00eencep\u00e2nd cu 1 septembrie. Pre\u0219edintele AUR sus\u021bine c\u0103 desemnarea unui nou premier ar putea \u00eent\u00e2rzia \u0219i consider\u0103 c\u0103 Rom\u00e2nia nu va avea o propunere oficial\u0103 pentru conducerea Guvernului cel pu\u021bin p\u00e2n\u0103 pe 21 septembrie.<\/p>\n<p>Declara\u021biile liderului AUR vin \u00eentr-un moment \u00een care negocierile pentru formarea unei noi formule de guvernare se afl\u0103 \u00een centrul aten\u021biei. Mai multe variante sunt analizate, iar una dintre cele discutate presupune existen\u021ba unui Executiv format din mini\u0219tri sus\u021binu\u021bi politic, dar condus de un premier independent.<\/p>\n<p>George Simion are \u00eens\u0103 o perspectiv\u0103 diferit\u0103 asupra modului \u00een care ar urma s\u0103 evolueze negocierile \u00een urm\u0103toarele s\u0103pt\u0103m\u00e2ni.<\/p>\n<p>George Simion: \u201eP\u00e2n\u0103 cel pu\u021bin pe 21 septembrie nu va fi desemnat niciun premier\u201dPre\u0219edintele AUR \u0219i-a prezentat pozi\u021bia prin intermediul unui mesaj publicat pe pagina sa de Facebook.<\/p>\n<p>Simion sus\u021bine c\u0103 procesul de desemnare a unui nou prim-ministru va dura mai mult dec\u00e2t indic\u0103 unele dintre scenariile discutate \u00een prezent.<\/p>\n<p>\u201eP\u00e2n\u0103 cel pu\u021bin pe 21 septembrie nu va fi desemnat niciun premier! Ce merit\u0103 cei care au dus \u021bara \u00een aceast\u0103 gaur\u0103? Vrem alegeri libere! L\u0103sa\u021bi-ne s\u0103 guvern\u0103m\u201d, a scris George Simion.<\/p>\n<p>Prin mesajul s\u0103u, liderul AUR solicit\u0103 organizarea unor noi alegeri \u0219i sus\u021bine c\u0103 forma\u021biunea pe care o conduce ar trebui s\u0103 primeasc\u0103 posibilitatea de a participa la formarea viitoarei guvern\u0103ri.<\/p>\n<p>Afirma\u021bia privind data de 21 septembrie reprezint\u0103 estimarea f\u0103cut\u0103 public de George Simion, \u00een timp ce alte informa\u021bii indic\u0103 posibilitatea ca procedurile s\u0103 avanseze mai rapid.<\/p>\n<p>Nicu\u0219or Dan preg\u0103te\u0219te noi consult\u0103ri cu liderii partidelor\u00cencep\u00e2nd cu 1 septembrie, pre\u0219edintele Nicu\u0219or Dan ar urma s\u0103 \u00eei cheme din nou la discu\u021bii pe reprezentan\u021bii principalelor forma\u021biuni politice.<\/p>\n<p>Scopul consult\u0103rilor este identificarea unei formule care s\u0103 poat\u0103 beneficia de sus\u021binerea necesar\u0103 \u00een Parlament \u0219i s\u0103 permit\u0103 formarea unui nou Guvern.<\/p>\n<p>Potrivit informa\u021biilor ap\u0103rute \u00een spa\u021biul public, procesul ar putea avansa suficient de repede \u00eenc\u00e2t \u0219eful statului s\u0103 fac\u0103 o desemnare p\u00e2n\u0103 la sf\u00e2r\u0219itul s\u0103pt\u0103m\u00e2nii urm\u0103toare.<\/p>\n<p>Acest scenariu intr\u0103 \u00een contradic\u021bie cu estimarea f\u0103cut\u0103 de George Simion, care consider\u0103 c\u0103 Rom\u00e2nia va trebui s\u0103 a\u0219tepte cel pu\u021bin p\u00e2n\u0103 \u00een a doua jum\u0103tate a lunii septembrie pentru desemnarea unui candidat la func\u021bia de prim-ministru.<\/p>\n<p>Varianta unui premier independent, luat\u0103 \u00een calculUna dintre formulele discutate \u00een aceast\u0103 perioad\u0103 este cea a unui Guvern care s\u0103 includ\u0103 mini\u0219tri sus\u021binu\u021bi de partide, dar care s\u0103 fie condus de o persoan\u0103 independent\u0103 politic.<\/p>\n<p>O asemenea variant\u0103 ar putea reprezenta o solu\u021bie de compromis dac\u0103 partidele implicate \u00een negocieri nu reu\u0219esc s\u0103 ajung\u0103 la un acord asupra unui premier provenit direct din r\u00e2ndurile unei forma\u021biuni.<\/p>\n<p>Totu\u0219i, pentru ca un nou Executiv s\u0103 poat\u0103 func\u021biona cu puteri depline, viitorul premier \u0219i echipa sa trebuie s\u0103 ob\u021bin\u0103 votul de \u00eencredere al Parlamentului.<\/p>\n<p>Prin urmare, desemnarea f\u0103cut\u0103 de pre\u0219edinte reprezint\u0103 doar una dintre etapele necesare pentru instalarea unei noi formule guvernamentale.<\/p>\n<p>Negocierile continu\u0103Urm\u0103toarele zile ar putea deveni decisive pentru stabilirea direc\u021biei \u00een care vor merge negocierile.<\/p>\n<p>Consult\u0103rile de la Cotroceni vor ar\u0103ta dac\u0103 exist\u0103 suficient teren comun \u00eentre partidele parlamentare pentru formarea unei majorit\u0103\u021bi sau dac\u0103 discu\u021biile se vor prelungi.<\/p>\n<p>\u00cen acest context, fiecare forma\u021biune \u00eencearc\u0103 s\u0103 \u00ee\u0219i consolideze pozi\u021bia \u00eenaintea \u00eent\u00e2lnirilor cu \u0219eful statului.<\/p>\n<p>George Simion transmite deja c\u0103 AUR \u00ee\u0219i dore\u0219te o schimbare major\u0103 \u0219i solicit\u0103 organizarea unor noi alegeri. \u00cen acela\u0219i timp, liderul forma\u021biunii sus\u021bine c\u0103 partidul s\u0103u ar trebui s\u0103 aib\u0103 posibilitatea de a ajunge la guvernare.<\/p>\n<p>De cealalt\u0103 parte, la nivelul celorlalte partide continu\u0103 negocierile pentru g\u0103sirea unei formule capabile s\u0103 ob\u021bin\u0103 sus\u021binerea parlamentar\u0103 necesar\u0103.<\/p>\n<p>R\u0103m\u00e2ne de v\u0103zut dac\u0103 estimarea lui George Simion privind data de 21 septembrie se va confirma sau dac\u0103 Nicu\u0219or Dan va desemna un candidat pentru func\u021bia de premier mai devreme, dup\u0103 noua rund\u0103 de consult\u0103ri.<\/p>\n","protected":false},"excerpt":{"rendered":"<p>George Simion a reac\u021bionat \u00eenaintea unei noi runde de consult\u0103ri pe care pre\u0219edintele Nicu\u0219or Dan ar urma s\u0103 le aib\u0103 cu liderii partidelor \u00eencep\u00e2nd cu 1 septembrie. Pre\u0219edintele AUR sus\u021bine c\u0103 desemnarea unui nou premier ar putea \u00eent\u00e2rzia \u0219i consider\u0103 c\u0103 Rom\u00e2nia nu va avea o propunere oficial\u0103 pentru conducerea Guvernului cel pu\u021bin p\u00e2n\u0103 pe &#8230; <a title=\"George Simion a dat vestea! Noul premier\u2026\" class=\"read-more\" href=\"https:\/\/stiri-faine.com\/?p=5923\" aria-label=\"Read more about George Simion a dat vestea! Noul premier\u2026\">Read more<\/a><\/p>\n","protected":false},"author":1,"featured_media":0,"comment_status":"open","ping_status":"open","sticky":false,"template":"","format":"standard","meta":{"footnotes":""},"categories":[1],"tags":[],"class_list":["post-5923","post","type-post","status-publish","format-standard","hentry","category-uncategorized"],"_links":{"self":[{"href":"https:\/\/stiri-faine.com\/index.php?rest_route=\/wp\/v2\/posts\/5923","targetHints":{"allow":["GET"]}}],"collection":[{"href":"https:\/\/stiri-faine.com\/index.php?rest_route=\/wp\/v2\/posts"}],"about":[{"href":"https:\/\/stiri-faine.com\/index.php?rest_route=\/wp\/v2\/types\/post"}],"author":[{"embeddable":true,"href":"https:\/\/stiri-faine.com\/index.php?rest_route=\/wp\/v2\/users\/1"}],"replies":[{"embeddable":true,"href":"https:\/\/stiri-faine.com\/index.php?rest_route=%2Fwp%2Fv2%2Fcomments&post=5923"}],"version-history":[{"count":0,"href":"https:\/\/stiri-faine.com\/index.php?rest_route=\/wp\/v2\/posts\/5923\/revisions"}],"wp:attachment":[{"href":"https:\/\/stiri-faine.com\/index.php?rest_route=%2Fwp%2Fv2%2Fmedia&parent=5923"}],"wp:term":[{"taxonomy":"category","embeddable":true,"href":"https:\/\/stiri-faine.com\/index.php?rest_route=%2Fwp%2Fv2%2Fcategories&post=5923"},{"taxonomy":"post_tag","embeddable":true,"href":"https:\/\/stiri-faine.com\/index.php?rest_route=%2Fwp%2Fv2%2Ftags&post=5923"}],"curies":[{"name":"wp","href":"https:\/\/api.w.org\/{rel}","templated":true}]}}