{"id":5909,"date":"2026-09-01T14:01:11","date_gmt":"2026-09-01T14:01:11","guid":{"rendered":"https:\/\/stiri-faine.com\/?p=5909"},"modified":"2026-09-01T14:01:12","modified_gmt":"2026-09-01T14:01:12","slug":"m-am-indragostit-de-un-barbat-de-73-de-ani-in-timpul-vacantei","status":"publish","type":"post","link":"https:\/\/stiri-faine.com\/?p=5909","title":{"rendered":"M-am \u00eendr\u0103gostit de un b\u0103rbat de 73 de ani \u00een timpul vacan\u021bei"},"content":{"rendered":"\n<p class=\"wp-block-paragraph\">Nu m-am a\u0219ezat.<\/p>\n\n\n\n<p class=\"wp-block-paragraph\">\u2014 Spune-mi.<\/p>\n\n\n\n<p class=\"wp-block-paragraph\">Henric \u00ee\u0219i trecu palma peste fa\u021b\u0103.<\/p>\n\n\n\n<p class=\"wp-block-paragraph\">Apoi se ridic\u0103, intr\u0103 \u00een camer\u0103 \u0219i deschise sertarul noptierei.<\/p>\n\n\n\n<p class=\"wp-block-paragraph\">Scoase un plic.<\/p>\n\n\n\n<p class=\"wp-block-paragraph\">Era \u00eeng\u0103lbenit u\u0219or la margini.<\/p>\n\n\n\n<p class=\"wp-block-paragraph\">C\u00e2nd l-a pus pe mas\u0103, am recunoscut scrisul \u00eenainte s\u0103 v\u0103d numele.<\/p>\n\n\n\n<p class=\"wp-block-paragraph\">Scrisul lui Matei.<\/p>\n\n\n\n<p class=\"wp-block-paragraph\">Pe plic scria:<\/p>\n\n\n\n<p class=\"wp-block-paragraph\"><strong>\u201ePentru Elena. Numai dac\u0103 e\u0219ti sigur c\u0103 este preg\u0103tit\u0103.\u201d<\/strong><\/p>\n\n\n\n<p class=\"wp-block-paragraph\">Mi-am dus m\u00e2na la gur\u0103.<\/p>\n\n\n\n<p class=\"wp-block-paragraph\">\u2014 De unde ai asta?<\/p>\n\n\n\n<p class=\"wp-block-paragraph\">\u2014 De la Matei.<\/p>\n\n\n\n<p class=\"wp-block-paragraph\">\u2014 Nu se poate.<\/p>\n\n\n\n<p class=\"wp-block-paragraph\">\u2014 L-am cunoscut cu aproape treizeci de ani \u00eenainte s\u0103 te cunosc pe tine.<\/p>\n\n\n\n<p class=\"wp-block-paragraph\">M-am a\u0219ezat atunci.<\/p>\n\n\n\n<p class=\"wp-block-paragraph\">Nu pentru c\u0103 mi-ar fi cerut.<\/p>\n\n\n\n<p class=\"wp-block-paragraph\">Ci pentru c\u0103 picioarele nu m\u0103 mai \u021bineau.<\/p>\n\n\n\n<hr class=\"wp-block-separator has-alpha-channel-opacity\"\/>\n\n\n\n<p class=\"wp-block-paragraph\">Henric \u00eencepu s\u0103 vorbeasc\u0103.<\/p>\n\n\n\n<p class=\"wp-block-paragraph\">El \u0219i Matei se cunoscuser\u0103 prin munc\u0103.<\/p>\n\n\n\n<p class=\"wp-block-paragraph\">Ani \u00eentregi fuseser\u0103 mai degrab\u0103 cuno\u0219tin\u021be dec\u00e2t prieteni, p\u00e2n\u0103 c\u00e2nd o \u00eent\u00e2mplare \u00eei apropiase.<\/p>\n\n\n\n<p class=\"wp-block-paragraph\">\u2014 Acum dou\u0103zeci \u0219i \u0219apte de ani, spuse Henric, so\u021bia mea a murit.<\/p>\n\n\n\n<p class=\"wp-block-paragraph\">Nu \u0219tiam.<\/p>\n\n\n\n<p class=\"wp-block-paragraph\">Henric \u00eemi spusese c\u0103 era v\u0103duv, dar niciodat\u0103 c\u00e2nd sau cum \u00ee\u0219i pierduse so\u021bia.<\/p>\n\n\n\n<p class=\"wp-block-paragraph\">\u2014 Dup\u0103 moartea ei, am fost \u00eentr-un loc foarte r\u0103u. Am v\u00e2ndut firma. M-am izolat. La un moment dat, eram hot\u0103r\u00e2t s\u0103 plec din Rom\u00e2nia \u0219i s\u0103 nu m\u0103 mai \u00eentorc.<\/p>\n\n\n\n<p class=\"wp-block-paragraph\">Se uit\u0103 la plic.<\/p>\n\n\n\n<p class=\"wp-block-paragraph\">\u2014 Matei a fost omul care m-a scos din perioada aceea.<\/p>\n\n\n\n<p class=\"wp-block-paragraph\">\u2014 Matei?<\/p>\n\n\n\n<p class=\"wp-block-paragraph\">\u2014 Da.<\/p>\n\n\n\n<p class=\"wp-block-paragraph\">\u00cencercam s\u0103 \u00eempac omul despre care vorbea cu so\u021bul pe care \u00eel cunoscusem eu.<\/p>\n\n\n\n<p class=\"wp-block-paragraph\">\u2014 Dar de ce nu mi-a spus niciodat\u0103 despre tine?<\/p>\n\n\n\n<p class=\"wp-block-paragraph\">Henric z\u00e2mbi trist.<\/p>\n\n\n\n<p class=\"wp-block-paragraph\">\u2014 Pentru c\u0103, dup\u0103 c\u00e2\u021biva ani, drumurile noastre s-au desp\u0103r\u021bit. Ne mai sunam de dou\u0103-trei ori pe an. Apoi, cu aproximativ opt luni \u00eenainte s\u0103 moar\u0103, m-a c\u0103utat.<\/p>\n\n\n\n<p class=\"wp-block-paragraph\">Mi s-a str\u00e2ns pieptul.<\/p>\n\n\n\n<p class=\"wp-block-paragraph\">\u2014 De ce?<\/p>\n\n\n\n<p class=\"wp-block-paragraph\">Henric \u00eempinse plicul spre mine.<\/p>\n\n\n\n<p class=\"wp-block-paragraph\">\u2014 Pentru tine.<\/p>\n\n\n\n<hr class=\"wp-block-separator has-alpha-channel-opacity\"\/>\n\n\n\n<p class=\"wp-block-paragraph\">Nu l-am atins.<\/p>\n\n\n\n<p class=\"wp-block-paragraph\">\u2014 Nu \u00een\u021beleg.<\/p>\n\n\n\n<p class=\"wp-block-paragraph\">\u2014 Matei \u0219tia c\u0103 va muri.<\/p>\n\n\n\n<p class=\"wp-block-paragraph\">Am \u00eenchis ochii.<\/p>\n\n\n\n<p class=\"wp-block-paragraph\">\u2014 Da.<\/p>\n\n\n\n<p class=\"wp-block-paragraph\">\u2014 \u0218i era \u00eengrozit c\u0103 dup\u0103 moartea lui \u00ee\u021bi vei petrece restul vie\u021bii exact a\u0219a cum \u021bi-o petrecuse\u0219i p\u00e2n\u0103 atunci.<\/p>\n\n\n\n<p class=\"wp-block-paragraph\">Am deschis ochii.<\/p>\n\n\n\n<p class=\"wp-block-paragraph\">\u2014 Cum adic\u0103?<\/p>\n\n\n\n<p class=\"wp-block-paragraph\">\u2014 Av\u00e2nd grij\u0103 de to\u021bi ceilal\u021bi.<\/p>\n\n\n\n<p class=\"wp-block-paragraph\">Cuvintele m-au lovit mai tare dec\u00e2t m\u0103 a\u0219teptam.<\/p>\n\n\n\n<p class=\"wp-block-paragraph\">Henric continu\u0103:<\/p>\n\n\n\n<p class=\"wp-block-paragraph\">\u2014 Mi-a spus despre copii. Despre nepo\u021bi. Despre faptul c\u0103 tu erai cea care \u021binea familia unit\u0103. C\u0103 dac\u0103 cineva avea nevoie de ceva, tu erai prima persoan\u0103 sunat\u0103.<\/p>\n\n\n\n<p class=\"wp-block-paragraph\">A z\u00e2mbit.<\/p>\n\n\n\n<p class=\"wp-block-paragraph\">\u2014 Mi-a spus c\u0103 nici m\u0103car nu \u0219tia dac\u0103 \u00ee\u021bi mai aminte\u0219ti ce-\u021bi place s\u0103 faci atunci c\u00e2nd nu are nimeni nevoie de tine.<\/p>\n\n\n\n<p class=\"wp-block-paragraph\">Am \u00eenceput s\u0103 pl\u00e2ng.<\/p>\n\n\n\n<p class=\"wp-block-paragraph\">Era exact genul de lucru pe care Matei l-ar fi spus.<\/p>\n\n\n\n<p class=\"wp-block-paragraph\">\u2014 \u0218i ce \u021bi-a cerut?<\/p>\n\n\n\n<p class=\"wp-block-paragraph\">Henric ezit\u0103.<\/p>\n\n\n\n<p class=\"wp-block-paragraph\">\u2014 S\u0103-\u021bi trimit plicul dup\u0103 ce va muri.<\/p>\n\n\n\n<p class=\"wp-block-paragraph\">\u2014 At\u00e2t?<\/p>\n\n\n\n<p class=\"wp-block-paragraph\">\u2014 La \u00eenceput, da.<\/p>\n\n\n\n<p class=\"wp-block-paragraph\">Privirea mea se ascu\u021bi.<\/p>\n\n\n\n<p class=\"wp-block-paragraph\">\u2014 La \u00eenceput?<\/p>\n\n\n\n<p class=\"wp-block-paragraph\">Henric oft\u0103.<\/p>\n\n\n\n<p class=\"wp-block-paragraph\">\u2014 Dup\u0103 moartea lui, nu am putut.<\/p>\n\n\n\n<p class=\"wp-block-paragraph\">\u2014 De ce?<\/p>\n\n\n\n<p class=\"wp-block-paragraph\">\u2014 Pentru c\u0103 scrisoarea nu-mi apar\u021binea. \u0218i mi-am spus c\u0103 n-am dreptul s\u0103 intru \u00een via\u021ba unei v\u0103duve pe care n-o cunosc \u0219i s\u0103-i spun cum s\u0103 tr\u0103iasc\u0103.<\/p>\n\n\n\n<p class=\"wp-block-paragraph\">\u2014 Dar ai p\u0103strat-o.<\/p>\n\n\n\n<p class=\"wp-block-paragraph\">\u2014 Da.<\/p>\n\n\n\n<p class=\"wp-block-paragraph\">\u2014 \u0218apte ani?<\/p>\n\n\n\n<p class=\"wp-block-paragraph\">D\u0103du \u00eencet din cap.<\/p>\n\n\n\n<hr class=\"wp-block-separator has-alpha-channel-opacity\"\/>\n\n\n\n<p class=\"wp-block-paragraph\">M-am uitat la el.<\/p>\n\n\n\n<p class=\"wp-block-paragraph\">\u2014 Atunci cum ai ajuns aici?<\/p>\n\n\n\n<p class=\"wp-block-paragraph\">Asta era \u00eentrebarea care m\u0103 speria.<\/p>\n\n\n\n<p class=\"wp-block-paragraph\">Henric scoase telefonul.<\/p>\n\n\n\n<p class=\"wp-block-paragraph\">\u00cemi ar\u0103t\u0103 un e-mail.<\/p>\n\n\n\n<p class=\"wp-block-paragraph\">Era de la Matei, trimis cu pu\u021bin timp \u00eenainte de moarte.<\/p>\n\n\n\n<p class=\"wp-block-paragraph\">Nu con\u021binea adresa mea.<\/p>\n\n\n\n<p class=\"wp-block-paragraph\">Nu con\u021binea vreun plan romantic absurd.<\/p>\n\n\n\n<p class=\"wp-block-paragraph\">Con\u021binea doar o rug\u0103minte:<\/p>\n\n\n\n<p class=\"wp-block-paragraph\"><strong>\u201eDac\u0103 \u00eentr-o zi Elena \u00eencepe din nou s\u0103 tr\u0103iasc\u0103 pentru ea \u00eens\u0103\u0219i \u0219i drumurile voastre se \u00eent\u00e2lnesc vreodat\u0103, nu-i spune c\u0103 eu te-am rugat s\u0103 ai grij\u0103 de ea. Nu vreau s\u0103 simt\u0103 c\u0103 via\u021ba ei a fost aranjat\u0103 de un mort.\u201d<\/strong><\/p>\n\n\n\n<p class=\"wp-block-paragraph\">Am citit de dou\u0103 ori.<\/p>\n\n\n\n<p class=\"wp-block-paragraph\">\u2014 \u201eDac\u0103 drumurile voastre se \u00eent\u00e2lnesc\u201d?<\/p>\n\n\n\n<p class=\"wp-block-paragraph\">\u2014 Matei \u0219tia c\u0103 vin aici \u00een fiecare var\u0103. De aproape dou\u0103zeci de ani.<\/p>\n\n\n\n<p class=\"wp-block-paragraph\">Mi s-a oprit respira\u021bia.<\/p>\n\n\n\n<p class=\"wp-block-paragraph\">\u2014 \u0218tia c\u0103-mi pl\u0103cea litoralul.<\/p>\n\n\n\n<p class=\"wp-block-paragraph\">\u2014 Da.<\/p>\n\n\n\n<p class=\"wp-block-paragraph\">\u2014 Deci \u00eent\u00e2lnirea noastr\u0103\u2026<\/p>\n\n\n\n<p class=\"wp-block-paragraph\">\u2014 Nu.<\/p>\n\n\n\n<p class=\"wp-block-paragraph\">Henric se aplec\u0103 imediat \u00eenainte.<\/p>\n\n\n\n<p class=\"wp-block-paragraph\">\u2014 Elena, nu.<\/p>\n\n\n\n<p class=\"wp-block-paragraph\">\u2014 M-ai urm\u0103rit?<\/p>\n\n\n\n<p class=\"wp-block-paragraph\">\u2014 Nu.<\/p>\n\n\n\n<p class=\"wp-block-paragraph\">\u2014 \u0218tiai c\u0103 vin aici?<\/p>\n\n\n\n<p class=\"wp-block-paragraph\">\u2014 Nu.<\/p>\n\n\n\n<p class=\"wp-block-paragraph\">\u2014 Atunci cum\u2026<\/p>\n\n\n\n<p class=\"wp-block-paragraph\">\u2014 Te-am recunoscut.<\/p>\n\n\n\n<p class=\"wp-block-paragraph\">T\u0103cere.<\/p>\n\n\n\n<p class=\"wp-block-paragraph\">\u2014 Dintr-o fotografie pe care Matei mi-o trimisese cu ani \u00een urm\u0103.<\/p>\n\n\n\n<p class=\"wp-block-paragraph\">M-am ridicat.<\/p>\n\n\n\n<p class=\"wp-block-paragraph\">\u2014 Deci \u00een prima diminea\u021b\u0103 \u0219tiai cine sunt.<\/p>\n\n\n\n<p class=\"wp-block-paragraph\">Henric nu \u00eencerc\u0103 s\u0103 mint\u0103.<\/p>\n\n\n\n<p class=\"wp-block-paragraph\">\u2014 Da.<\/p>\n\n\n\n<p class=\"wp-block-paragraph\">Am sim\u021bit o furie rece.<\/p>\n\n\n\n<p class=\"wp-block-paragraph\">\u2014 \u0218i timp de trei s\u0103pt\u0103m\u00e2ni m-ai l\u0103sat s\u0103 cred c\u0103 suntem doi str\u0103ini care s-au \u00eent\u00e2lnit \u00eent\u00e2mpl\u0103tor.<\/p>\n\n\n\n<p class=\"wp-block-paragraph\">\u2014 Da.<\/p>\n\n\n\n<p class=\"wp-block-paragraph\">\u2014 M-ai l\u0103sat s\u0103 m\u0103 \u00eendr\u0103gostesc de tine.<\/p>\n\n\n\n<p class=\"wp-block-paragraph\">Ochii lui se umplur\u0103 din nou de lacrimi.<\/p>\n\n\n\n<p class=\"wp-block-paragraph\">\u2014 Asta nu f\u0103cea parte din nimic.<\/p>\n\n\n\n<p class=\"wp-block-paragraph\">\u2014 De unde s\u0103 \u0219tiu?<\/p>\n\n\n\n<p class=\"wp-block-paragraph\">Nu r\u0103spunse.<\/p>\n\n\n\n<p class=\"wp-block-paragraph\">\u0218i t\u0103cerea lui m-a durut mai mult dec\u00e2t orice explica\u021bie.<\/p>\n\n\n\n<p class=\"wp-block-paragraph\">Am luat plicul.<\/p>\n\n\n\n<p class=\"wp-block-paragraph\">Apoi am plecat.<\/p>\n\n\n\n<hr class=\"wp-block-separator has-alpha-channel-opacity\"\/>\n\n\n\n<p class=\"wp-block-paragraph\">\u00cen noaptea aceea n-am dormit.<\/p>\n\n\n\n<p class=\"wp-block-paragraph\">Plicul lui Matei a r\u0103mas pe mas\u0103 p\u00e2n\u0103 aproape de patru diminea\u021ba.<\/p>\n\n\n\n<p class=\"wp-block-paragraph\">\u00cen cele din urm\u0103 l-am deschis.<\/p>\n\n\n\n<p class=\"wp-block-paragraph\">Scrisoarea avea trei pagini.<\/p>\n\n\n\n<p class=\"wp-block-paragraph\">Primele dou\u0103 erau pentru mine.<\/p>\n\n\n\n<p class=\"wp-block-paragraph\">Matei \u00eemi mul\u021bumea pentru via\u021ba noastr\u0103.<\/p>\n\n\n\n<p class=\"wp-block-paragraph\">\u00cemi spunea c\u0103 nu-i datoram singur\u0103tate.<\/p>\n\n\n\n<p class=\"wp-block-paragraph\">C\u0103 cei patruzeci \u0219i \u0219ase de ani petrecu\u021bi \u00eempreun\u0103 nu deveneau mai pu\u021bin importan\u021bi dac\u0103 \u00eentr-o zi aveam s\u0103 iubesc pe altcineva.<\/p>\n\n\n\n<p class=\"wp-block-paragraph\">Apoi am ajuns la ultima pagin\u0103.<\/p>\n\n\n\n<p class=\"wp-block-paragraph\"><strong>\u201eElena, dac\u0103 cite\u0219ti asta, probabil copiii te sun\u0103 \u00een continuare pentru orice problem\u0103, iar tu probabil continui s\u0103 spui c\u0103 e\u0219ti bine chiar \u0219i atunci c\u00e2nd nu e\u0219ti.<\/strong><\/p>\n\n\n\n<p class=\"wp-block-paragraph\"><strong>Nu transforma iubirea noastr\u0103 \u00eentr-o camer\u0103 \u00een care s\u0103 te \u00eenchizi dup\u0103 ce eu plec.<\/strong><\/p>\n\n\n\n<p class=\"wp-block-paragraph\"><strong>Ie\u0219i. C\u0103l\u0103tore\u0219te. M\u0103n\u00e2nc\u0103 desert. Dormi p\u00e2n\u0103 t\u00e2rziu. \u00cendr\u0103goste\u0219te-te, dac\u0103 ai noroc.<\/strong><\/p>\n\n\n\n<p class=\"wp-block-paragraph\"><strong>\u0218i dac\u0103 nu te \u00eendr\u0103goste\u0219ti niciodat\u0103, m\u0103car tr\u0103ie\u0219te.<\/strong><\/p>\n\n\n\n<p class=\"wp-block-paragraph\"><strong>Asta este singura promisiune pe care vreau s\u0103 mi-o faci.\u201d<\/strong><\/p>\n\n\n\n<p class=\"wp-block-paragraph\">La final era o propozi\u021bie ad\u0103ugat\u0103 cu alt pix.<\/p>\n\n\n\n<p class=\"wp-block-paragraph\"><strong>\u201eHenric este un om bun. Dar dac\u0103 vreodat\u0103 \u00eel \u00eent\u00e2lne\u0219ti, tu hot\u0103r\u0103\u0219ti ce \u00eenseamn\u0103 asta. Nu el. Nu eu.\u201d<\/strong><\/p>\n\n\n\n<p class=\"wp-block-paragraph\">Am pl\u00e2ns p\u00e2n\u0103 s-a luminat afar\u0103.<\/p>\n\n\n\n<hr class=\"wp-block-separator has-alpha-channel-opacity\"\/>\n\n\n\n<p class=\"wp-block-paragraph\">A doua zi mi-am schimbat zborul.<\/p>\n\n\n\n<p class=\"wp-block-paragraph\">Nu pentru Henric.<\/p>\n\n\n\n<p class=\"wp-block-paragraph\">Pentru mine.<\/p>\n\n\n\n<p class=\"wp-block-paragraph\">Mi-am mai acordat trei zile.<\/p>\n\n\n\n<p class=\"wp-block-paragraph\">\u00cen prima zi n-am vorbit cu el deloc.<\/p>\n\n\n\n<p class=\"wp-block-paragraph\">\u00cen a doua, am mers singur\u0103 pe plaj\u0103.<\/p>\n\n\n\n<p class=\"wp-block-paragraph\">\u00cen a treia diminea\u021b\u0103, l-am g\u0103sit pe aceea\u0219i banc\u0103 unde b\u0103user\u0103m prima cafea.<\/p>\n\n\n\n<p class=\"wp-block-paragraph\">C\u00e2nd m-a v\u0103zut, s-a ridicat.<\/p>\n\n\n\n<p class=\"wp-block-paragraph\">\u2014 Elena\u2026<\/p>\n\n\n\n<p class=\"wp-block-paragraph\">\u2014 Stai.<\/p>\n\n\n\n<p class=\"wp-block-paragraph\">S-a a\u0219ezat.<\/p>\n\n\n\n<p class=\"wp-block-paragraph\">M-am a\u0219ezat l\u00e2ng\u0103 el.<\/p>\n\n\n\n<p class=\"wp-block-paragraph\">\u2014 Ai gre\u0219it.<\/p>\n\n\n\n<p class=\"wp-block-paragraph\">\u2014 \u0218tiu.<\/p>\n\n\n\n<p class=\"wp-block-paragraph\">\u2014 Trebuia s\u0103-mi spui imediat c\u0103 \u0219tiai cine sunt.<\/p>\n\n\n\n<p class=\"wp-block-paragraph\">\u2014 \u0218tiu.<\/p>\n\n\n\n<p class=\"wp-block-paragraph\">\u2014 Matei \u021bi-a cerut s\u0103 nu-mi controlezi via\u021ba. Iar tu, ascunz\u00e2nd adev\u0103rul, ai f\u0103cut exact asta.<\/p>\n\n\n\n<p class=\"wp-block-paragraph\">Henric \u00ee\u0219i cobor\u00ee privirea.<\/p>\n\n\n\n<p class=\"wp-block-paragraph\">\u2014 Ai dreptate.<\/p>\n\n\n\n<p class=\"wp-block-paragraph\">Nicio scuz\u0103.<\/p>\n\n\n\n<p class=\"wp-block-paragraph\">Nicio \u00eencercare s\u0103 dea vina pe promisiunea f\u0103cut\u0103 unui mort.<\/p>\n\n\n\n<p class=\"wp-block-paragraph\">Doar at\u00e2t.<\/p>\n\n\n\n<p class=\"wp-block-paragraph\"><strong>Ai dreptate.<\/strong><\/p>\n\n\n\n<p class=\"wp-block-paragraph\">\u2014 Atunci de ce ai continuat?<\/p>\n\n\n\n<p class=\"wp-block-paragraph\">Se uit\u0103 spre mare.<\/p>\n\n\n\n<p class=\"wp-block-paragraph\">\u2014 Pentru c\u0103 \u00een prima diminea\u021b\u0103 am venit s\u0103-\u021bi dau scrisoarea.<\/p>\n\n\n\n<p class=\"wp-block-paragraph\">Am r\u0103mas nemi\u0219cat\u0103.<\/p>\n\n\n\n<p class=\"wp-block-paragraph\">\u2014 Ce?<\/p>\n\n\n\n<p class=\"wp-block-paragraph\">\u2014 Era \u00een buzunarul meu.<\/p>\n\n\n\n<p class=\"wp-block-paragraph\">\u00ce\u0219i atinse pieptul.<\/p>\n\n\n\n<p class=\"wp-block-paragraph\">\u2014 Apoi ai ridicat scoica aceea ur\u00e2t\u0103 \u0219i ai r\u00e2s c\u00e2nd am f\u0103cut gluma. Am b\u0103ut cafea. \u0218i pentru prima dat\u0103 dup\u0103 foarte mul\u021bi ani nu mai vorbeam cu \u201ev\u0103duva lui Matei\u201d. Vorbeam cu Elena.<\/p>\n\n\n\n<p class=\"wp-block-paragraph\">Vocea i se fr\u00e2nse.<\/p>\n\n\n\n<p class=\"wp-block-paragraph\">\u2014 Iar \u00een fiecare zi mi-am spus c\u0103 m\u00e2ine \u00ee\u021bi voi spune.<\/p>\n\n\n\n<p class=\"wp-block-paragraph\">\u2014 \u0218i \u00een fiecare zi ai ales s\u0103 nu o faci.<\/p>\n\n\n\n<p class=\"wp-block-paragraph\">\u2014 Da.<\/p>\n\n\n\n<hr class=\"wp-block-separator has-alpha-channel-opacity\"\/>\n\n\n\n<p class=\"wp-block-paragraph\">Nu l-am iertat \u00een diminea\u021ba aceea.<\/p>\n\n\n\n<p class=\"wp-block-paragraph\">Via\u021ba adev\u0103rat\u0103 nu func\u021bioneaz\u0103 at\u00e2t de simplu.<\/p>\n\n\n\n<p class=\"wp-block-paragraph\">M-am \u00eentors acas\u0103.<\/p>\n\n\n\n<p class=\"wp-block-paragraph\">Henric nu m-a urm\u0103rit.<\/p>\n\n\n\n<p class=\"wp-block-paragraph\">Nu mi-a trimis flori.<\/p>\n\n\n\n<p class=\"wp-block-paragraph\">Nu m-a bombardat cu mesaje.<\/p>\n\n\n\n<p class=\"wp-block-paragraph\">O dat\u0103 pe s\u0103pt\u0103m\u00e2n\u0103 \u00eemi trimitea c\u00e2te o fotografie.<\/p>\n\n\n\n<p class=\"wp-block-paragraph\">O cafea.<\/p>\n\n\n\n<p class=\"wp-block-paragraph\">O scoic\u0103.<\/p>\n\n\n\n<p class=\"wp-block-paragraph\">O felie de pl\u0103cint\u0103 cu l\u0103m\u00e2ie.<\/p>\n\n\n\n<p class=\"wp-block-paragraph\">F\u0103r\u0103 presiune.<\/p>\n\n\n\n<p class=\"wp-block-paragraph\">Dup\u0103 dou\u0103 luni, l-am sunat eu.<\/p>\n\n\n\n<p class=\"wp-block-paragraph\">\u2014 Mai mergi la mare vara viitoare?<\/p>\n\n\n\n<p class=\"wp-block-paragraph\">A t\u0103cut c\u00e2teva secunde.<\/p>\n\n\n\n<p class=\"wp-block-paragraph\">\u2014 Dac\u0103 m\u0103 invi\u021bi.<\/p>\n\n\n\n<p class=\"wp-block-paragraph\">\u2014 Nu te invit.<\/p>\n\n\n\n<p class=\"wp-block-paragraph\">\u2014 Am \u00een\u021beles.<\/p>\n\n\n\n<p class=\"wp-block-paragraph\">\u2014 Te \u00eentreb dac\u0103 mergi.<\/p>\n\n\n\n<p class=\"wp-block-paragraph\">A \u00eenceput s\u0103 r\u00e2d\u0103.<\/p>\n\n\n\n<p class=\"wp-block-paragraph\">\u0218i am r\u00e2s \u0219i eu.<\/p>\n\n\n\n<hr class=\"wp-block-separator has-alpha-channel-opacity\"\/>\n\n\n\n<p class=\"wp-block-paragraph\">\u00cen vara urm\u0103toare am \u00eenchiriat camere separate.<\/p>\n\n\n\n<p class=\"wp-block-paragraph\">A fost condi\u021bia mea.<\/p>\n\n\n\n<p class=\"wp-block-paragraph\">Am \u00eenceput din nou.<\/p>\n\n\n\n<p class=\"wp-block-paragraph\">De data aceasta f\u0103r\u0103 secrete.<\/p>\n\n\n\n<p class=\"wp-block-paragraph\">Am vorbit despre Matei.<\/p>\n\n\n\n<p class=\"wp-block-paragraph\">Despre so\u021bia lui, Ileana.<\/p>\n\n\n\n<p class=\"wp-block-paragraph\">Despre vinov\u0103\u021bia ciudat\u0103 pe care o sim\u021beam am\u00e2ndoi c\u00e2nd eram ferici\u021bi.<\/p>\n\n\n\n<p class=\"wp-block-paragraph\">Despre faptul c\u0103 iubirea nou\u0103 nu \u0219tergea iubirea veche.<\/p>\n\n\n\n<p class=\"wp-block-paragraph\">La \u0219aptezeci de ani, am descoperit c\u0103 po\u021bi avea fluturi \u00een stomac exact ca la dou\u0103zeci.<\/p>\n\n\n\n<p class=\"wp-block-paragraph\">Doar c\u0103 te ridici ceva mai greu de pe p\u0103tur\u0103 dup\u0103 ce prive\u0219ti apusul.<\/p>\n\n\n\n<hr class=\"wp-block-separator has-alpha-channel-opacity\"\/>\n\n\n\n<p class=\"wp-block-paragraph\">Doi ani mai t\u00e2rziu, Henric m-a dus pe aceea\u0219i plaj\u0103.<\/p>\n\n\n\n<p class=\"wp-block-paragraph\">A scos ceva din buzunar.<\/p>\n\n\n\n<p class=\"wp-block-paragraph\">Nu era un inel.<\/p>\n\n\n\n<p class=\"wp-block-paragraph\">Era o scoic\u0103 ur\u00e2t\u0103.<\/p>\n\n\n\n<p class=\"wp-block-paragraph\">Exact ca aceea din prima zi.<\/p>\n\n\n\n<p class=\"wp-block-paragraph\">\u2014 P\u0103streaz-o, spuse.<\/p>\n\n\n\n<p class=\"wp-block-paragraph\">Am \u00eenceput s\u0103 r\u00e2d.<\/p>\n\n\n\n<p class=\"wp-block-paragraph\">\u2014 De ce?<\/p>\n\n\n\n<p class=\"wp-block-paragraph\">\u2014 Pentru c\u0103 cele mai ur\u00e2te au cele mai bune pove\u0219ti.<\/p>\n\n\n\n<p class=\"wp-block-paragraph\">Apoi deveni serios.<\/p>\n\n\n\n<p class=\"wp-block-paragraph\">\u2014 Nu vreau s\u0103-\u021bi cer s\u0103-mi dai restul vie\u021bii tale. Vreau doar s\u0103 te \u00eentreb dac\u0103 pot s\u0103-mi petrec restul vie\u021bii mele l\u00e2ng\u0103 tine.<\/p>\n\n\n\n<p class=\"wp-block-paragraph\">Am \u00eenceput s\u0103 pl\u00e2ng \u00eenainte s\u0103 pot r\u0103spunde.<\/p>\n\n\n\n<p class=\"wp-block-paragraph\">\u2014 Da.<\/p>\n\n\n\n<hr class=\"wp-block-separator has-alpha-channel-opacity\"\/>\n\n\n\n<p class=\"wp-block-paragraph\">\u00cen ziua \u00een care ne-am c\u0103s\u0103torit, n-am purtat alb.<\/p>\n\n\n\n<p class=\"wp-block-paragraph\">N-am avut o ceremonie mare.<\/p>\n\n\n\n<p class=\"wp-block-paragraph\">Copiii \u0219i nepo\u021bii mei au fost acolo.<\/p>\n\n\n\n<p class=\"wp-block-paragraph\">Fiica lui Henric a fost acolo.<\/p>\n\n\n\n<p class=\"wp-block-paragraph\">Pe un scaun gol am pus dou\u0103 fotografii.<\/p>\n\n\n\n<p class=\"wp-block-paragraph\">Una cu Matei.<\/p>\n\n\n\n<p class=\"wp-block-paragraph\">Una cu Ileana.<\/p>\n\n\n\n<p class=\"wp-block-paragraph\">Nu pentru c\u0103 tr\u0103iam \u00een trecut.<\/p>\n\n\n\n<p class=\"wp-block-paragraph\">Ci pentru c\u0103 nu trebuia s\u0103 \u0219tergem trecutul pentru a ne permite un viitor.<\/p>\n\n\n\n<p class=\"wp-block-paragraph\">\u00cen seara aceea, c\u00e2nd muzica se terminase \u0219i toat\u0103 lumea plecase, am recitit ultima propozi\u021bie din scrisoarea lui Matei:<\/p>\n\n\n\n<p class=\"wp-block-paragraph\"><strong>\u201eTu hot\u0103r\u0103\u0219ti ce \u00eenseamn\u0103 asta. Nu el. Nu eu.\u201d<\/strong><\/p>\n\n\n\n<p class=\"wp-block-paragraph\">\u0218i abia atunci am \u00een\u021beles cu adev\u0103rat ultimul lui cadou.<\/p>\n\n\n\n<p class=\"wp-block-paragraph\">Matei nu \u00eencercase s\u0103-mi aleag\u0103 urm\u0103torul b\u0103rbat.<\/p>\n\n\n\n<p class=\"wp-block-paragraph\">\u00cencercase s\u0103-mi dea permisiunea pe care eu \u00eens\u0103mi nu \u0219tiam s\u0103 mi-o dau.<\/p>\n\n\n\n<p class=\"wp-block-paragraph\"><strong>Permisiunea de a continua s\u0103 tr\u0103iesc f\u0103r\u0103 s\u0103 simt c\u0103, f\u0103c\u00e2nd asta, tr\u0103dez via\u021ba pe care o avusesem deja.<\/strong><\/p>\n","protected":false},"excerpt":{"rendered":"<p>Nu m-am a\u0219ezat. \u2014 Spune-mi. Henric \u00ee\u0219i trecu palma peste fa\u021b\u0103. Apoi se ridic\u0103, intr\u0103 \u00een camer\u0103 \u0219i deschise sertarul noptierei. Scoase un plic. Era \u00eeng\u0103lbenit u\u0219or la margini. C\u00e2nd l-a pus pe mas\u0103, am recunoscut scrisul \u00eenainte s\u0103 v\u0103d numele. Scrisul lui Matei. Pe plic scria: \u201ePentru Elena. Numai dac\u0103 e\u0219ti sigur c\u0103 este &#8230; <a title=\"M-am \u00eendr\u0103gostit de un b\u0103rbat de 73 de ani \u00een timpul vacan\u021bei\" class=\"read-more\" href=\"https:\/\/stiri-faine.com\/?p=5909\" aria-label=\"Read more about M-am \u00eendr\u0103gostit de un b\u0103rbat de 73 de ani \u00een timpul vacan\u021bei\">Read more<\/a><\/p>\n","protected":false},"author":1,"featured_media":0,"comment_status":"open","ping_status":"open","sticky":false,"template":"","format":"standard","meta":{"footnotes":""},"categories":[1],"tags":[],"class_list":["post-5909","post","type-post","status-publish","format-standard","hentry","category-uncategorized"],"_links":{"self":[{"href":"https:\/\/stiri-faine.com\/index.php?rest_route=\/wp\/v2\/posts\/5909","targetHints":{"allow":["GET"]}}],"collection":[{"href":"https:\/\/stiri-faine.com\/index.php?rest_route=\/wp\/v2\/posts"}],"about":[{"href":"https:\/\/stiri-faine.com\/index.php?rest_route=\/wp\/v2\/types\/post"}],"author":[{"embeddable":true,"href":"https:\/\/stiri-faine.com\/index.php?rest_route=\/wp\/v2\/users\/1"}],"replies":[{"embeddable":true,"href":"https:\/\/stiri-faine.com\/index.php?rest_route=%2Fwp%2Fv2%2Fcomments&post=5909"}],"version-history":[{"count":1,"href":"https:\/\/stiri-faine.com\/index.php?rest_route=\/wp\/v2\/posts\/5909\/revisions"}],"predecessor-version":[{"id":5910,"href":"https:\/\/stiri-faine.com\/index.php?rest_route=\/wp\/v2\/posts\/5909\/revisions\/5910"}],"wp:attachment":[{"href":"https:\/\/stiri-faine.com\/index.php?rest_route=%2Fwp%2Fv2%2Fmedia&parent=5909"}],"wp:term":[{"taxonomy":"category","embeddable":true,"href":"https:\/\/stiri-faine.com\/index.php?rest_route=%2Fwp%2Fv2%2Fcategories&post=5909"},{"taxonomy":"post_tag","embeddable":true,"href":"https:\/\/stiri-faine.com\/index.php?rest_route=%2Fwp%2Fv2%2Ftags&post=5909"}],"curies":[{"name":"wp","href":"https:\/\/api.w.org\/{rel}","templated":true}]}}