{"id":5897,"date":"2026-09-01T13:41:00","date_gmt":"2026-09-01T13:41:00","guid":{"rendered":"https:\/\/stiri-faine.com\/?p=5897"},"modified":"2026-09-01T13:41:00","modified_gmt":"2026-09-01T13:41:00","slug":"in-ajun-rudele-au-venit-neinvitate-si-au-inceput-s-o-judece-pe-fiica-mea-de-14-ani-chiar-la-masa-noastra-uite-la-fata-mioarei-numai-9-si-10-daca-mara-ar-sta-jumatate-din-cat-sta-pe","status":"publish","type":"post","link":"https:\/\/stiri-faine.com\/?p=5897","title":{"rendered":"\u201e\u00cen Ajun, rudele au venit neinvitate \u0219i au \u00eenceput s-o judece pe fiica mea de 14 ani chiar la masa noastr\u0103: \u00abUite la fata Mioarei, numai 9 \u0219i 10. Dac\u0103 Mara ar sta jum\u0103tate din c\u00e2t st\u0103 pe telefon cu nasul \u00een c\u0103r\u021bi\u2026\u00bb Am suportat ani \u00eentregi asemenea remarci ca s\u0103 nu stric s\u0103rb\u0103torile."},"content":{"rendered":"\n<p class=\"wp-block-paragraph\">Partea a 2-a \u2013 Continuarea pove\u0219tii \ud83d\udc49<br>\u2014 Spune-mi, am zis.<\/p>\n\n\n\n<p class=\"wp-block-paragraph\">Mara \u0219i-a str\u00e2ns p\u0103tura \u00een jurul ei.<\/p>\n\n\n\n<p class=\"wp-block-paragraph\">\u2014 Anul trecut, la bunica, dup\u0103 ce ai ie\u0219it din buc\u0103t\u0103rie, m\u0103tu\u0219a Viorica a venit dup\u0103 mine.<\/p>\n\n\n\n<p class=\"wp-block-paragraph\">\u2014 \u0218i ce \u021bi-a spus?<\/p>\n\n\n\n<p class=\"wp-block-paragraph\">A ezitat.<\/p>\n\n\n\n<p class=\"wp-block-paragraph\">\u2014 M-a \u00eentrebat ce note am.<\/p>\n\n\n\n<p class=\"wp-block-paragraph\">Exact ca \u00een seara aceea.<\/p>\n\n\n\n<p class=\"wp-block-paragraph\">\u2014 I-am spus c\u0103 luasem un \u0219apte la matematic\u0103.<\/p>\n\n\n\n<p class=\"wp-block-paragraph\">Am sim\u021bit cum mi se str\u00e2nge stomacul.<\/p>\n\n\n\n<p class=\"wp-block-paragraph\">\u2014 \u0218i?<\/p>\n\n\n\n<p class=\"wp-block-paragraph\">\u2014 Mi-a zis: \u201eMara, mama ta te ap\u0103r\u0103 prea mult. De asta n-o s\u0103 \u00eenve\u021bi niciodat\u0103 s\u0103 fii ca lumea.\u201d<\/p>\n\n\n\n<p class=\"wp-block-paragraph\">Am r\u0103mas nemi\u0219cat\u0103.<\/p>\n\n\n\n<p class=\"wp-block-paragraph\">Mara a continuat:<\/p>\n\n\n\n<p class=\"wp-block-paragraph\">\u2014 Apoi mi-a spus s\u0103 m\u0103 uit la ceilal\u021bi copii din familie. C\u0103 ei fac sport, au note mai bune, sunt mai sociabili\u2026 \u0219i c\u0103 eu m\u0103 ascund mereu dup\u0103 tine.<\/p>\n\n\n\n<p class=\"wp-block-paragraph\">\u2014 De ce nu mi-ai spus?<\/p>\n\n\n\n<p class=\"wp-block-paragraph\">Mara m-a privit.<\/p>\n\n\n\n<p class=\"wp-block-paragraph\">\u2014 Pentru c\u0103 \u0219tiam ce o s\u0103 spui.<\/p>\n\n\n\n<p class=\"wp-block-paragraph\">\u2014 Ce?<\/p>\n\n\n\n<p class=\"wp-block-paragraph\">\u2014 \u201eLas\u0103, puiule, a\u0219a e m\u0103tu\u0219a Viorica. Nu pune la suflet.\u201d<\/p>\n\n\n\n<p class=\"wp-block-paragraph\">Mi-am cobor\u00e2t privirea.<\/p>\n\n\n\n<p class=\"wp-block-paragraph\">Pentru c\u0103 exact asta a\u0219 fi spus.<\/p>\n\n\n\n<p class=\"wp-block-paragraph\">Nu din nep\u0103sare.<\/p>\n\n\n\n<p class=\"wp-block-paragraph\">Din obi\u0219nuin\u021b\u0103.<\/p>\n\n\n\n<p class=\"wp-block-paragraph\">Ani \u00eentregi, de fiecare dat\u0103 c\u00e2nd Viorica f\u0103cea o observa\u021bie nepotrivit\u0103, eu traduceam pentru ceilal\u021bi.<\/p>\n\n\n\n<p class=\"wp-block-paragraph\">\u201eNu asta a vrut s\u0103 spun\u0103.\u201d<\/p>\n\n\n\n<p class=\"wp-block-paragraph\">\u201eA\u0219a vorbe\u0219te ea.\u201d<\/p>\n\n\n\n<p class=\"wp-block-paragraph\">\u201eNu o lua personal.\u201d<\/p>\n\n\n\n<p class=\"wp-block-paragraph\">\u201eHai s\u0103 nu stric\u0103m ziua pentru at\u00e2ta lucru.\u201d<\/p>\n\n\n\n<p class=\"wp-block-paragraph\">Credeam c\u0103 p\u0103strez pacea.<\/p>\n\n\n\n<p class=\"wp-block-paragraph\">Nu-mi trecuse niciodat\u0103 prin minte s\u0103 m\u0103 \u00eentreb cine pl\u0103tea pentru pacea aceea.<\/p>\n\n\n\n<p class=\"wp-block-paragraph\">\u2014 Au mai fost \u0219i alte d\u0103\u021bi? am \u00eentrebat.<\/p>\n\n\n\n<p class=\"wp-block-paragraph\">Mara a dat \u00eencet din cap.<\/p>\n\n\n\n<p class=\"wp-block-paragraph\">\u2014 Ce \u021bi-a mai spus?<\/p>\n\n\n\n<p class=\"wp-block-paragraph\">\u2014 Nu doar ea.<\/p>\n\n\n\n<p class=\"wp-block-paragraph\">M-am uitat la fiica mea \u0219i, pentru prima dat\u0103, mi-a fost team\u0103 de r\u0103spuns.<\/p>\n\n\n\n<p class=\"wp-block-paragraph\">\u2014 La ziua bunicii, unchiul Sandu a zis c\u0103 sunt \u201eprea moale\u201d \u0219i c\u0103 tu m\u0103 cre\u0219ti \u00eentr-un glob de sticl\u0103.<\/p>\n\n\n\n<p class=\"wp-block-paragraph\">\u00cemi aminteam.<\/p>\n\n\n\n<p class=\"wp-block-paragraph\">Fusesem acolo.<\/p>\n\n\n\n<p class=\"wp-block-paragraph\">R\u00e2sesem st\u00e2njenit\u0103 \u0219i schimbasem subiectul.<\/p>\n\n\n\n<p class=\"wp-block-paragraph\">\u2014 \u0218i vara trecut\u0103, Mioara m-a \u00eentrebat de ce nu sunt \u0219i eu \u201emai descurc\u0103rea\u021b\u0103\u201d ca fata ei.<\/p>\n\n\n\n<p class=\"wp-block-paragraph\">\u00cemi aminteam \u0219i asta.<\/p>\n\n\n\n<p class=\"wp-block-paragraph\">\u2014 Iar tu ce-ai f\u0103cut?<\/p>\n\n\n\n<p class=\"wp-block-paragraph\">\u2014 Nimic.<\/p>\n\n\n\n<p class=\"wp-block-paragraph\">\u2014 De ce?<\/p>\n\n\n\n<p class=\"wp-block-paragraph\">Mara a ridicat din umeri.<\/p>\n\n\n\n<p class=\"wp-block-paragraph\">\u2014 Pentru c\u0103 voi, adul\u021bii, mereu spune\u021bi c\u0103 sunt glume.<\/p>\n\n\n\n<p class=\"wp-block-paragraph\">M-a lovit direct.<\/p>\n\n\n\n<p class=\"wp-block-paragraph\">Nu pentru c\u0103 era nedreapt\u0103.<\/p>\n\n\n\n<p class=\"wp-block-paragraph\">Ci pentru c\u0103 avea dreptate.<\/p>\n\n\n\n<p class=\"wp-block-paragraph\">M-am apropiat \u0219i am luat-o \u00een bra\u021be.<\/p>\n\n\n\n<p class=\"wp-block-paragraph\">\u2014 Ascult\u0103-m\u0103 bine. Am gre\u0219it.<\/p>\n\n\n\n<p class=\"wp-block-paragraph\">\u2014 Nu tu ai spus lucrurile alea.<\/p>\n\n\n\n<p class=\"wp-block-paragraph\">\u2014 Nu. Dar eu eram mama ta \u0219i trebuia s\u0103 opresc lucrurile \u00eenainte s\u0103 ajungi s\u0103 crezi c\u0103 trebuie s\u0103 le supor\u021bi.<\/p>\n\n\n\n<p class=\"wp-block-paragraph\">Mara a \u00eenceput s\u0103 pl\u00e2ng\u0103.<\/p>\n\n\n\n<p class=\"wp-block-paragraph\">\u2014 Eu nu voiam s\u0103 v\u0103 certa\u021bi din cauza mea.<\/p>\n\n\n\n<p class=\"wp-block-paragraph\">\u2014 Nu tu ne-ai fi certat.<\/p>\n\n\n\n<p class=\"wp-block-paragraph\">I-am ridicat b\u0103rbia.<\/p>\n\n\n\n<p class=\"wp-block-paragraph\">\u2014 \u0218i nici \u00een seara asta nu tu ai stricat nimic.<\/p>\n\n\n\n<p class=\"wp-block-paragraph\">Am stat cu ea p\u00e2n\u0103 s-a lini\u0219tit.<\/p>\n\n\n\n<p class=\"wp-block-paragraph\">C\u00e2nd am ie\u0219it din camer\u0103, Ionu\u021b terminase de str\u00e2ns masa.<\/p>\n\n\n\n<p class=\"wp-block-paragraph\">Pe blat l\u0103sase doar cozonacul.<\/p>\n\n\n\n<p class=\"wp-block-paragraph\">\u2014 Ce s-a \u00eent\u00e2mplat? m-a \u00eentrebat.<\/p>\n\n\n\n<p class=\"wp-block-paragraph\">I-am povestit.<\/p>\n\n\n\n<p class=\"wp-block-paragraph\">La jum\u0103tatea pove\u0219tii s-a a\u0219ezat.<\/p>\n\n\n\n<p class=\"wp-block-paragraph\">\u2014 \u0218i noi n-am \u0219tiut nimic?<\/p>\n\n\n\n<p class=\"wp-block-paragraph\">\u2014 N-am vrut s\u0103 \u0219tim.<\/p>\n\n\n\n<p class=\"wp-block-paragraph\">S-a uitat la mine.<\/p>\n\n\n\n<p class=\"wp-block-paragraph\">\u2014 Cum adic\u0103?<\/p>\n\n\n\n<p class=\"wp-block-paragraph\">\u2014 Am auzit destule. Numai c\u0103 de fiecare dat\u0103 ne-am spus c\u0103 nu merit\u0103 scandalul.<\/p>\n\n\n\n<p class=\"wp-block-paragraph\">Ionu\u021b a r\u0103mas c\u00e2teva secunde t\u0103cut.<\/p>\n\n\n\n<p class=\"wp-block-paragraph\">\u2014 \u0218i eu am f\u0103cut asta.<\/p>\n\n\n\n<p class=\"wp-block-paragraph\">\u2014 \u0218tiu.<\/p>\n\n\n\n<p class=\"wp-block-paragraph\">\u2014 Credeam c\u0103 dac\u0103 nu r\u0103spund, sunt matur.<\/p>\n\n\n\n<p class=\"wp-block-paragraph\">\u2014 \u0218i eu.<\/p>\n\n\n\n<p class=\"wp-block-paragraph\">Am z\u00e2mbit amar.<\/p>\n\n\n\n<p class=\"wp-block-paragraph\">\u2014 Se pare c\u0103 noi eram maturi, iar copilul trebuia s\u0103 \u00eenghit\u0103.<\/p>\n\n\n\n<p class=\"wp-block-paragraph\">\u00cen noaptea aceea n-am mai pus filmul.<\/p>\n\n\n\n<p class=\"wp-block-paragraph\">Nici colinde.<\/p>\n\n\n\n<p class=\"wp-block-paragraph\">Am stat noi trei \u00een buc\u0103t\u0103rie \u0219i am m\u00e2ncat cozonac cu m\u00e2na.<\/p>\n\n\n\n<p class=\"wp-block-paragraph\">La un moment dat, Mara a \u00eenceput s\u0103 r\u00e2d\u0103 pentru c\u0103 Ionu\u021b t\u0103iase o felie at\u00e2t de groas\u0103 \u00eenc\u00e2t nu putea s-o bage \u00een can\u0103.<\/p>\n\n\n\n<p class=\"wp-block-paragraph\">A fost primul moment \u00een care am sim\u021bit din nou c\u0103 era Ajunul.<\/p>\n\n\n\n<p class=\"wp-block-paragraph\">Diminea\u021ba, telefonul meu avea paisprezece mesaje.<\/p>\n\n\n\n<p class=\"wp-block-paragraph\">Primul era de la sora mea.<\/p>\n\n\n\n<p class=\"wp-block-paragraph\">\u201ePuteai s\u0103 gestionezi altfel.\u201d<\/p>\n\n\n\n<p class=\"wp-block-paragraph\">Altul de la Mioara:<\/p>\n\n\n\n<p class=\"wp-block-paragraph\">\u201eMama a pl\u00e2ns toat\u0103 noaptea. Orice ar fi, rudele nu se dau afar\u0103 \u00een Ajun.\u201d<\/p>\n\n\n\n<p class=\"wp-block-paragraph\">Apoi de la o veri\u0219oar\u0103:<\/p>\n\n\n\n<p class=\"wp-block-paragraph\">\u201eAm auzit ce-ai f\u0103cut. Ur\u00e2t.\u201d<\/p>\n\n\n\n<p class=\"wp-block-paragraph\">\u0218i, \u00een sf\u00e2r\u0219it, de la mama:<\/p>\n\n\n\n<p class=\"wp-block-paragraph\">\u201eLiliana, m-ai f\u0103cut de ru\u0219ine. Sun-o pe Viorica \u0219i cere-\u021bi scuze. E sora mea.\u201d<\/p>\n\n\n\n<p class=\"wp-block-paragraph\">Am citit mesajul de dou\u0103 ori.<\/p>\n\n\n\n<p class=\"wp-block-paragraph\">Alt\u0103dat\u0103 a\u0219 fi sunat.<\/p>\n\n\n\n<p class=\"wp-block-paragraph\">Nu pentru c\u0103 a\u0219 fi crezut c\u0103 gre\u0219isem.<\/p>\n\n\n\n<p class=\"wp-block-paragraph\">Ci ca s\u0103 se termine.<\/p>\n\n\n\n<p class=\"wp-block-paragraph\">Ca s\u0103 nu mai vorbeasc\u0103 lumea.<\/p>\n\n\n\n<p class=\"wp-block-paragraph\">Ca s\u0103 nu fie mama sup\u0103rat\u0103.<\/p>\n\n\n\n<p class=\"wp-block-paragraph\">Ca s\u0103 nu vin\u0103 Pa\u0219tele \u0219i s\u0103 st\u0103m la mese diferite.<\/p>\n\n\n\n<p class=\"wp-block-paragraph\">Ionu\u021b a venit l\u00e2ng\u0103 mine.<\/p>\n\n\n\n<p class=\"wp-block-paragraph\">\u2014 Ce faci?<\/p>\n\n\n\n<p class=\"wp-block-paragraph\">\u2014 M\u0103 g\u00e2ndesc dac\u0103 s-o sun.<\/p>\n\n\n\n<p class=\"wp-block-paragraph\">\u2014 Tu ce vrei?<\/p>\n\n\n\n<p class=\"wp-block-paragraph\">\u00centrebarea era at\u00e2t de simpl\u0103, \u00eenc\u00e2t aproape m-a enervat.<\/p>\n\n\n\n<p class=\"wp-block-paragraph\">\u2014 Vreau s\u0103 nu mai fiu eu persoana care repar\u0103 ce stric\u0103 al\u021bii.<\/p>\n\n\n\n<p class=\"wp-block-paragraph\">Am luat telefonul.<\/p>\n\n\n\n<p class=\"wp-block-paragraph\">N-am sunat.<\/p>\n\n\n\n<p class=\"wp-block-paragraph\">Am scris un singur mesaj \u00een grupul familiei:<\/p>\n\n\n\n<p class=\"wp-block-paragraph\">\u201e\u00cemi pare r\u0103u c\u0103 seara de Ajun s-a terminat a\u0219a. Nu-mi pare r\u0103u c\u0103 mi-am ap\u0103rat copilul. \u00cen casa noastr\u0103 sunte\u021bi bineveni\u021bi c\u00e2t timp Mara nu este comparat\u0103, ironizat\u0103 sau judecat\u0103. Dac\u0103 ave\u021bi ceva de spus despre felul \u00een care ne cre\u0219tem copilul, vorbi\u021bi cu mine \u0219i cu Ionu\u021b, nu cu ea. Nu mai accept \u00aba\u0219a suntem noi\u00bb drept scuz\u0103 pentru lucruri care r\u0103nesc.\u201d<\/p>\n\n\n\n<p class=\"wp-block-paragraph\">Am ap\u0103sat trimite.<\/p>\n\n\n\n<p class=\"wp-block-paragraph\">Telefonul a \u00eenceput s\u0103 vibreze aproape imediat.<\/p>\n\n\n\n<p class=\"wp-block-paragraph\">L-am pus cu ecranul \u00een jos.<\/p>\n\n\n\n<p class=\"wp-block-paragraph\">\u2014 Nu cite\u0219ti? m-a \u00eentrebat Ionu\u021b.<\/p>\n\n\n\n<p class=\"wp-block-paragraph\">\u2014 Nu azi.<\/p>\n\n\n\n<p class=\"wp-block-paragraph\">\u0218i n-am citit.<\/p>\n\n\n\n<p class=\"wp-block-paragraph\">Urm\u0103toarele s\u0103pt\u0103m\u00e2ni au fost ciudate.<\/p>\n\n\n\n<p class=\"wp-block-paragraph\">Unii n-au mai vorbit cu noi.<\/p>\n\n\n\n<p class=\"wp-block-paragraph\">Mama m\u0103 suna \u0219i \u00eencerca s\u0103 m\u0103 conving\u0103 s\u0103 \u201efac eu primul pas\u201d.<\/p>\n\n\n\n<p class=\"wp-block-paragraph\">\u2014 Liliana, e p\u0103cat s\u0103 strica\u021bi familia pentru ni\u0219te vorbe.<\/p>\n\n\n\n<p class=\"wp-block-paragraph\">\u00centr-o zi am \u00eentrebat-o:<\/p>\n\n\n\n<p class=\"wp-block-paragraph\">\u2014 Mam\u0103, de ce \u00eentotdeauna trebuie s\u0103 fac\u0103 primul pas cel care a fost r\u0103nit?<\/p>\n\n\n\n<p class=\"wp-block-paragraph\">A t\u0103cut.<\/p>\n\n\n\n<p class=\"wp-block-paragraph\">\u2014 Pentru c\u0103 tu e\u0219ti mai \u00een\u021beleapt\u0103.<\/p>\n\n\n\n<p class=\"wp-block-paragraph\">\u2014 Atunci poate e timpul s\u0103 fie \u0219i ceilal\u021bi.<\/p>\n\n\n\n<p class=\"wp-block-paragraph\">N-a mai avut ce s\u0103 spun\u0103.<\/p>\n\n\n\n<p class=\"wp-block-paragraph\">Mara, \u00een schimb, se schimbase.<\/p>\n\n\n\n<p class=\"wp-block-paragraph\">Nu spectaculos.<\/p>\n\n\n\n<p class=\"wp-block-paragraph\">Dar observam lucruri mici.<\/p>\n\n\n\n<p class=\"wp-block-paragraph\">La telefon cu rudele nu mai st\u0103tea cu ochii \u00een p\u0103m\u00e2nt.<\/p>\n\n\n\n<p class=\"wp-block-paragraph\">Dac\u0103 cineva \u00eei punea o \u00eentrebare care o deranja, spunea:<\/p>\n\n\n\n<p class=\"wp-block-paragraph\">\u2014 Nu vreau s\u0103 vorbesc despre asta.<\/p>\n\n\n\n<p class=\"wp-block-paragraph\">Prima dat\u0103 c\u00e2nd am auzit-o, aproape am intervenit din reflex s\u0103 \u00eendulcesc r\u0103spunsul.<\/p>\n\n\n\n<p class=\"wp-block-paragraph\">M-am oprit.<\/p>\n\n\n\n<p class=\"wp-block-paragraph\">Era limita ei.<\/p>\n\n\n\n<p class=\"wp-block-paragraph\">Nu trebuia s-o fac mai pl\u0103cut\u0103 pentru ceilal\u021bi.<\/p>\n\n\n\n<p class=\"wp-block-paragraph\">Au trecut aproape dou\u0103 luni.<\/p>\n\n\n\n<p class=\"wp-block-paragraph\">\u00centr-o s\u00e2mb\u0103t\u0103 dup\u0103-amiaz\u0103 s-a auzit soneria.<\/p>\n\n\n\n<p class=\"wp-block-paragraph\">M-am uitat pe vizor.<\/p>\n\n\n\n<p class=\"wp-block-paragraph\">Viorica.<\/p>\n\n\n\n<p class=\"wp-block-paragraph\">Avea o tav\u0103 acoperit\u0103 \u00een m\u00e2ini.<\/p>\n\n\n\n<p class=\"wp-block-paragraph\">Am deschis.<\/p>\n\n\n\n<p class=\"wp-block-paragraph\">\u2014 Bun\u0103.<\/p>\n\n\n\n<p class=\"wp-block-paragraph\">\u2014 Bun\u0103.<\/p>\n\n\n\n<p class=\"wp-block-paragraph\">A r\u0103mas \u00een prag.<\/p>\n\n\n\n<p class=\"wp-block-paragraph\">Nu mai intrase ca furtuna.<\/p>\n\n\n\n<p class=\"wp-block-paragraph\">\u2014 Am f\u0103cut pr\u0103jituri.<\/p>\n\n\n\n<p class=\"wp-block-paragraph\">\u2014 Am v\u0103zut.<\/p>\n\n\n\n<p class=\"wp-block-paragraph\">\u2014 Pot s\u0103 intru?<\/p>\n\n\n\n<p class=\"wp-block-paragraph\">Am ezitat.<\/p>\n\n\n\n<p class=\"wp-block-paragraph\">\u2014 Mara e acas\u0103.<\/p>\n\n\n\n<p class=\"wp-block-paragraph\">Viorica \u0219i-a cobor\u00e2t privirea.<\/p>\n\n\n\n<p class=\"wp-block-paragraph\">\u2014 \u0218tiu.<\/p>\n\n\n\n<p class=\"wp-block-paragraph\">Atunci am \u00een\u021beles c\u0103 nu venise pentru mine.<\/p>\n\n\n\n<p class=\"wp-block-paragraph\">Am l\u0103sat-o s\u0103 intre.<\/p>\n\n\n\n<p class=\"wp-block-paragraph\">Ionu\u021b era \u00een buc\u0103t\u0103rie, iar Mara \u00een camera ei.<\/p>\n\n\n\n<p class=\"wp-block-paragraph\">Viorica \u0219i-a scos paltonul \u0219i a pus tava pe mas\u0103.<\/p>\n\n\n\n<p class=\"wp-block-paragraph\">\u2014 Liliana\u2026<\/p>\n\n\n\n<p class=\"wp-block-paragraph\">\u2014 Da?<\/p>\n\n\n\n<p class=\"wp-block-paragraph\">\u2014 Poate am \u00eentrecut m\u0103sura.<\/p>\n\n\n\n<p class=\"wp-block-paragraph\">Era probabil cea mai apropiat\u0103 form\u0103 de \u201eam gre\u0219it\u201d pe care o auzisem vreodat\u0103 de la ea.<\/p>\n\n\n\n<p class=\"wp-block-paragraph\">Dar nu era suficient.<\/p>\n\n\n\n<p class=\"wp-block-paragraph\">\u2014 Nu cu mine trebuie s\u0103 \u00eencepi.<\/p>\n\n\n\n<p class=\"wp-block-paragraph\">Viorica a \u00een\u021beles.<\/p>\n\n\n\n<p class=\"wp-block-paragraph\">\u2014 Pot s\u0103 vorbesc cu ea?<\/p>\n\n\n\n<p class=\"wp-block-paragraph\">\u2014 O \u00eentreb.<\/p>\n\n\n\n<p class=\"wp-block-paragraph\">M-am dus la Mara.<\/p>\n\n\n\n<p class=\"wp-block-paragraph\">\u2014 E m\u0103tu\u0219a Viorica.<\/p>\n\n\n\n<p class=\"wp-block-paragraph\">Fa\u021ba i s-a schimbat.<\/p>\n\n\n\n<p class=\"wp-block-paragraph\">\u2014 Ce vrea?<\/p>\n\n\n\n<p class=\"wp-block-paragraph\">\u2014 S\u0103 vorbeasc\u0103 cu tine.<\/p>\n\n\n\n<p class=\"wp-block-paragraph\">\u2014 Trebuie?<\/p>\n\n\n\n<p class=\"wp-block-paragraph\">\u2014 Nu.<\/p>\n\n\n\n<p class=\"wp-block-paragraph\">Am v\u0103zut surprinderea din ochii ei.<\/p>\n\n\n\n<p class=\"wp-block-paragraph\">\u2014 Dac\u0103 nu vrei, \u00eei spun s\u0103 plece.<\/p>\n\n\n\n<p class=\"wp-block-paragraph\">Mara s-a g\u00e2ndit.<\/p>\n\n\n\n<p class=\"wp-block-paragraph\">\u2014 Vreau s\u0103 aud ce spune.<\/p>\n\n\n\n<p class=\"wp-block-paragraph\">Am chemat-o pe Viorica.<\/p>\n\n\n\n<p class=\"wp-block-paragraph\">Eu am r\u0103mas aproape de u\u0219\u0103, dar Mara mi-a f\u0103cut semn c\u0103 e bine.<\/p>\n\n\n\n<p class=\"wp-block-paragraph\">Viorica s-a a\u0219ezat pe marginea scaunului.<\/p>\n\n\n\n<p class=\"wp-block-paragraph\">\u2014 Mara, eu\u2026<\/p>\n\n\n\n<p class=\"wp-block-paragraph\">Pentru prima dat\u0103 de c\u00e2nd o cuno\u0219team, m\u0103tu\u0219a mea p\u0103rea c\u0103 nu \u0219tie ce s\u0103 spun\u0103.<\/p>\n\n\n\n<p class=\"wp-block-paragraph\">\u2014 Am avut obiceiul prost s\u0103 cred c\u0103 dac\u0103 sunt mai \u00een v\u00e2rst\u0103 am voie s\u0103-mi dau cu p\u0103rerea despre orice.<\/p>\n\n\n\n<p class=\"wp-block-paragraph\">Mara nu spunea nimic.<\/p>\n\n\n\n<p class=\"wp-block-paragraph\">\u2014 \u0218i am zis lucruri pe care n-ar fi trebuit s\u0103 le spun.<\/p>\n\n\n\n<p class=\"wp-block-paragraph\">A inspirat ad\u00e2nc.<\/p>\n\n\n\n<p class=\"wp-block-paragraph\">\u2014 \u00cemi pare r\u0103u.<\/p>\n\n\n\n<p class=\"wp-block-paragraph\">Mara a privit-o c\u00e2teva secunde.<\/p>\n\n\n\n<p class=\"wp-block-paragraph\">\u2014 \u0218i pentru anul trecut?<\/p>\n\n\n\n<p class=\"wp-block-paragraph\">Viorica a \u00eencremenit.<\/p>\n\n\n\n<p class=\"wp-block-paragraph\">S-a uitat spre mine.<\/p>\n\n\n\n<p class=\"wp-block-paragraph\">Eu n-am intervenit.<\/p>\n\n\n\n<p class=\"wp-block-paragraph\">\u2014 Da, a spus \u00een cele din urm\u0103. \u0218i pentru anul trecut.<\/p>\n\n\n\n<p class=\"wp-block-paragraph\">\u2014 M-a f\u0103cut s\u0103 m\u0103 simt de parc\u0103 e ceva gre\u0219it cu mine.<\/p>\n\n\n\n<p class=\"wp-block-paragraph\">Viorica \u0219i-a cobor\u00e2t ochii.<\/p>\n\n\n\n<p class=\"wp-block-paragraph\">\u2014 N-ar fi trebuit.<\/p>\n\n\n\n<p class=\"wp-block-paragraph\">Mara a dat din cap.<\/p>\n\n\n\n<p class=\"wp-block-paragraph\">Nu s-a repezit s-o \u00eembr\u0103\u021bi\u0219eze.<\/p>\n\n\n\n<p class=\"wp-block-paragraph\">Nici Viorica n-a cerut asta.<\/p>\n\n\n\n<p class=\"wp-block-paragraph\">\u0218i mi-a pl\u0103cut c\u0103 a fost a\u0219a.<\/p>\n\n\n\n<p class=\"wp-block-paragraph\">Pentru c\u0103 o scuz\u0103 nu \u0219terge automat ce s-a \u00eent\u00e2mplat.<\/p>\n\n\n\n<p class=\"wp-block-paragraph\">Doar deschide o u\u0219\u0103 pe care cel r\u0103nit decide dac\u0103 \u0219i c\u00e2t o las\u0103 deschis\u0103.<\/p>\n\n\n\n<p class=\"wp-block-paragraph\">\u00cenainte s\u0103 plece, Viorica s-a \u00eentors spre mine.<\/p>\n\n\n\n<p class=\"wp-block-paragraph\">\u2014 Sper c\u0103 acum e\u0219ti mul\u021bumit\u0103.<\/p>\n\n\n\n<p class=\"wp-block-paragraph\">Alt\u0103dat\u0103 m-a\u0219 fi enervat.<\/p>\n\n\n\n<p class=\"wp-block-paragraph\">De data aceea am z\u00e2mbit.<\/p>\n\n\n\n<p class=\"wp-block-paragraph\">\u2014 Nu despre mine era vorba.<\/p>\n\n\n\n<p class=\"wp-block-paragraph\">\u0218i cred c\u0103 atunci a \u00een\u021beles.<\/p>\n\n\n\n<p class=\"wp-block-paragraph\">Poate nu complet.<\/p>\n\n\n\n<p class=\"wp-block-paragraph\">Poate nu pentru totdeauna.<\/p>\n\n\n\n<p class=\"wp-block-paragraph\">Dar suficient c\u00e2t s\u0103 plece f\u0103r\u0103 alt\u0103 observa\u021bie.<\/p>\n\n\n\n<p class=\"wp-block-paragraph\">\u00cen seara aceea, Mara a venit l\u00e2ng\u0103 mine pe canapea.<\/p>\n\n\n\n<p class=\"wp-block-paragraph\">\u2014 Mami?<\/p>\n\n\n\n<p class=\"wp-block-paragraph\">\u2014 Da?<\/p>\n\n\n\n<p class=\"wp-block-paragraph\">\u2014 \u0218tii ce mi-a pl\u0103cut cel mai mult?<\/p>\n\n\n\n<p class=\"wp-block-paragraph\">\u2014 C\u0103 \u0219i-a cerut scuze?<\/p>\n\n\n\n<p class=\"wp-block-paragraph\">A dat din cap.<\/p>\n\n\n\n<p class=\"wp-block-paragraph\">\u2014 Nu.<\/p>\n\n\n\n<p class=\"wp-block-paragraph\">\u2014 Atunci?<\/p>\n\n\n\n<p class=\"wp-block-paragraph\">\u2014 C\u00e2nd m-ai \u00eentrebat dac\u0103 vreau s\u0103 vorbesc cu ea.<\/p>\n\n\n\n<p class=\"wp-block-paragraph\">Am sim\u021bit un nod \u00een g\u00e2t.<\/p>\n\n\n\n<p class=\"wp-block-paragraph\">\u2014 De ce?<\/p>\n\n\n\n<p class=\"wp-block-paragraph\">\u2014 Pentru c\u0103 \u00eenainte cred c\u0103 mi-ai fi spus: \u201eHai, Mara, e familie.\u201d<\/p>\n\n\n\n<p class=\"wp-block-paragraph\">N-am putut s-o contrazic.<\/p>\n\n\n\n<p class=\"wp-block-paragraph\">Ani \u00eentregi crezusem c\u0103 a \u021bine familia unit\u0103 \u00eenseamn\u0103 s\u0103-i conving pe cei r\u0103ni\u021bi s\u0103 treac\u0103 peste.<\/p>\n\n\n\n<p class=\"wp-block-paragraph\">S\u0103 fie ei mai \u00een\u021belep\u021bi.<\/p>\n\n\n\n<p class=\"wp-block-paragraph\">Mai r\u0103bd\u0103tori.<\/p>\n\n\n\n<p class=\"wp-block-paragraph\">Mai t\u0103cu\u021bi.<\/p>\n\n\n\n<p class=\"wp-block-paragraph\">\u00cen Ajunul acela am \u00een\u021beles c\u0103 uneori faci exact invers.<\/p>\n\n\n\n<p class=\"wp-block-paragraph\">Nu-i ceri celui r\u0103nit s\u0103 tac\u0103 pentru ca ceilal\u021bi s\u0103 poat\u0103 r\u0103m\u00e2ne confortabil la mas\u0103.<\/p>\n\n\n\n<p class=\"wp-block-paragraph\">\u00cei ceri celui care r\u0103ne\u0219te s\u0103 se opreasc\u0103.<\/p>\n\n\n\n<p class=\"wp-block-paragraph\">Chiar dac\u0103 se sup\u0103r\u0103.<\/p>\n\n\n\n<p class=\"wp-block-paragraph\">Chiar dac\u0103 pleac\u0103.<\/p>\n\n\n\n<p class=\"wp-block-paragraph\">Chiar dac\u0103, pentru o vreme, masa r\u0103m\u00e2ne cu c\u00e2teva scaune goale.<\/p>\n\n\n\n<p class=\"wp-block-paragraph\">Pentru c\u0103 o familie nu se \u021bine unit\u0103 num\u0103r\u00e2nd c\u00e2\u021bi oameni au r\u0103mas la mas\u0103.<\/p>\n\n\n\n<p class=\"wp-block-paragraph\">Se \u021bine unit\u0103 f\u0103c\u00e2ndu-i pe cei de la mas\u0103 s\u0103 se simt\u0103 \u00een siguran\u021b\u0103.<\/p>\n","protected":false},"excerpt":{"rendered":"<p>Partea a 2-a \u2013 Continuarea pove\u0219tii \ud83d\udc49\u2014 Spune-mi, am zis. Mara \u0219i-a str\u00e2ns p\u0103tura \u00een jurul ei. \u2014 Anul trecut, la bunica, dup\u0103 ce ai ie\u0219it din buc\u0103t\u0103rie, m\u0103tu\u0219a Viorica a venit dup\u0103 mine. \u2014 \u0218i ce \u021bi-a spus? A ezitat. \u2014 M-a \u00eentrebat ce note am. Exact ca \u00een seara aceea. \u2014 I-am spus &#8230; <a title=\"\u201e\u00cen Ajun, rudele au venit neinvitate \u0219i au \u00eenceput s-o judece pe fiica mea de 14 ani chiar la masa noastr\u0103: \u00abUite la fata Mioarei, numai 9 \u0219i 10. Dac\u0103 Mara ar sta jum\u0103tate din c\u00e2t st\u0103 pe telefon cu nasul \u00een c\u0103r\u021bi\u2026\u00bb Am suportat ani \u00eentregi asemenea remarci ca s\u0103 nu stric s\u0103rb\u0103torile.\" class=\"read-more\" href=\"https:\/\/stiri-faine.com\/?p=5897\" aria-label=\"Read more about \u201e\u00cen Ajun, rudele au venit neinvitate \u0219i au \u00eenceput s-o judece pe fiica mea de 14 ani chiar la masa noastr\u0103: \u00abUite la fata Mioarei, numai 9 \u0219i 10. Dac\u0103 Mara ar sta jum\u0103tate din c\u00e2t st\u0103 pe telefon cu nasul \u00een c\u0103r\u021bi\u2026\u00bb Am suportat ani \u00eentregi asemenea remarci ca s\u0103 nu stric s\u0103rb\u0103torile.\">Read more<\/a><\/p>\n","protected":false},"author":1,"featured_media":0,"comment_status":"open","ping_status":"open","sticky":false,"template":"","format":"standard","meta":{"footnotes":""},"categories":[1],"tags":[],"class_list":["post-5897","post","type-post","status-publish","format-standard","hentry","category-uncategorized"],"_links":{"self":[{"href":"https:\/\/stiri-faine.com\/index.php?rest_route=\/wp\/v2\/posts\/5897","targetHints":{"allow":["GET"]}}],"collection":[{"href":"https:\/\/stiri-faine.com\/index.php?rest_route=\/wp\/v2\/posts"}],"about":[{"href":"https:\/\/stiri-faine.com\/index.php?rest_route=\/wp\/v2\/types\/post"}],"author":[{"embeddable":true,"href":"https:\/\/stiri-faine.com\/index.php?rest_route=\/wp\/v2\/users\/1"}],"replies":[{"embeddable":true,"href":"https:\/\/stiri-faine.com\/index.php?rest_route=%2Fwp%2Fv2%2Fcomments&post=5897"}],"version-history":[{"count":1,"href":"https:\/\/stiri-faine.com\/index.php?rest_route=\/wp\/v2\/posts\/5897\/revisions"}],"predecessor-version":[{"id":5898,"href":"https:\/\/stiri-faine.com\/index.php?rest_route=\/wp\/v2\/posts\/5897\/revisions\/5898"}],"wp:attachment":[{"href":"https:\/\/stiri-faine.com\/index.php?rest_route=%2Fwp%2Fv2%2Fmedia&parent=5897"}],"wp:term":[{"taxonomy":"category","embeddable":true,"href":"https:\/\/stiri-faine.com\/index.php?rest_route=%2Fwp%2Fv2%2Fcategories&post=5897"},{"taxonomy":"post_tag","embeddable":true,"href":"https:\/\/stiri-faine.com\/index.php?rest_route=%2Fwp%2Fv2%2Ftags&post=5897"}],"curies":[{"name":"wp","href":"https:\/\/api.w.org\/{rel}","templated":true}]}}