{"id":5888,"date":"2026-09-01T13:37:26","date_gmt":"2026-09-01T13:37:26","guid":{"rendered":"https:\/\/stiri-faine.com\/?p=5888"},"modified":"2026-09-01T13:37:27","modified_gmt":"2026-09-01T13:37:27","slug":"la-68-de-ani-dupa-ce-mi-petrecusem-aproape-toata-viata-fiind-sotie-mama-si-bunica-m-am-indragostit-din-nou-intr-o-vacanta-la-mare-henric-avea-73-de-ani-si-ma-facea-sa-rad-cum-nu-mai-rases","status":"publish","type":"post","link":"https:\/\/stiri-faine.com\/?p=5888","title":{"rendered":"\u201eLa 68 de ani, dup\u0103 ce-mi petrecusem aproape toat\u0103 via\u021ba fiind so\u021bie, mam\u0103 \u0219i bunic\u0103, m-am \u00eendr\u0103gostit din nou \u00eentr-o vacan\u021b\u0103 la mare. Henric avea 73 de ani \u0219i m\u0103 f\u0103cea s\u0103 r\u00e2d cum nu mai r\u00e2sesem de c\u00e2nd murise so\u021bul meu."},"content":{"rendered":"\n<p class=\"wp-block-paragraph\"><em>Partea a 2-a \u2013 Continuarea pove\u0219tii&nbsp;<img decoding=\"async\" alt=\"\ud83d\udc49\" src=\"https:\/\/s.w.org\/images\/core\/emoji\/11.2.0\/svg\/1f449.svg\"><\/em><br>Am r\u0103mas cu ochii la plic.<\/p>\n\n\n\n<p class=\"wp-block-paragraph\">\u2014 De la Matei?<\/p>\n\n\n\n<p class=\"wp-block-paragraph\">Henric a dat \u00eencet din cap.<\/p>\n\n\n\n<p class=\"wp-block-paragraph\">\u2014 L-am cunoscut cu aproape treizeci de ani \u00eenainte s\u0103 te cunosc pe tine.<\/p>\n\n\n\n<p class=\"wp-block-paragraph\">M-am a\u0219ezat.<\/p>\n\n\n\n<p class=\"wp-block-paragraph\">Nu pentru c\u0103 mi-ar fi cerut.<\/p>\n\n\n\n<p class=\"wp-block-paragraph\">Ci pentru c\u0103 picioarele nu m\u0103 mai \u021bineau.<\/p>\n\n\n\n<p class=\"wp-block-paragraph\">\u2014 Cum?<\/p>\n\n\n\n<p class=\"wp-block-paragraph\">Henric \u0219i-a l\u0103sat telefonul pe mas\u0103.<\/p>\n\n\n\n<p class=\"wp-block-paragraph\">\u2014 Prin munc\u0103. La \u00eenceput am fost doar cuno\u0219tin\u021be. Ne vedeam de c\u00e2teva ori pe an. Apoi, dup\u0103 ce a murit so\u021bia mea, Ileana, am trecut printr-o perioad\u0103 foarte grea.<\/p>\n\n\n\n<p class=\"wp-block-paragraph\">\u0218tiam c\u0103 fusese c\u0103s\u0103torit.<\/p>\n\n\n\n<p class=\"wp-block-paragraph\">Nu \u0219tiam mai mult.<\/p>\n\n\n\n<p class=\"wp-block-paragraph\">\u2014 Matei a fost unul dintre pu\u021binii oameni care n-au disp\u0103rut atunci, a continuat. M\u0103 suna. Venea la mine. M-a ajutat s\u0103-mi pun via\u021ba din nou \u00een ordine.<\/p>\n\n\n\n<p class=\"wp-block-paragraph\">Mi-am privit m\u00e2inile.<\/p>\n\n\n\n<p class=\"wp-block-paragraph\">Era at\u00e2t de ciudat s\u0103 aud despre o parte din via\u021ba so\u021bului meu despre care nu \u0219tiusem nimic.<\/p>\n\n\n\n<p class=\"wp-block-paragraph\">\u2014 De ce nu mi-a spus niciodat\u0103 despre tine?<\/p>\n\n\n\n<p class=\"wp-block-paragraph\">\u2014 Dup\u0103 c\u00e2\u021biva ani, drumurile noastre s-au desp\u0103r\u021bit. Eu am plecat din Bucure\u0219ti. Ne mai sunam rar. De dou\u0103-trei ori pe an.<\/p>\n\n\n\n<p class=\"wp-block-paragraph\">Henric s-a uitat la plic.<\/p>\n\n\n\n<p class=\"wp-block-paragraph\">\u2014 Apoi, cu c\u00e2teva luni \u00eenainte s\u0103 moar\u0103, m-a c\u0103utat.<\/p>\n\n\n\n<p class=\"wp-block-paragraph\">Mi s-a str\u00e2ns stomacul.<\/p>\n\n\n\n<p class=\"wp-block-paragraph\">\u2014 \u0218i \u021bi-a dat asta?<\/p>\n\n\n\n<p class=\"wp-block-paragraph\">\u2014 Da.<\/p>\n\n\n\n<p class=\"wp-block-paragraph\">\u2014 De ce?<\/p>\n\n\n\n<p class=\"wp-block-paragraph\">\u2014 Pentru tine.<\/p>\n\n\n\n<p class=\"wp-block-paragraph\">Am \u00eentins m\u00e2na spre plic, apoi m-am oprit.<\/p>\n\n\n\n<p class=\"wp-block-paragraph\">\u2014 Ce \u021bi-a cerut s\u0103 faci?<\/p>\n\n\n\n<p class=\"wp-block-paragraph\">Henric a ezitat.<\/p>\n\n\n\n<p class=\"wp-block-paragraph\">\u2014 S\u0103 \u021bi-l dau dup\u0103 ce el nu va mai fi.<\/p>\n\n\n\n<p class=\"wp-block-paragraph\">M-am uitat la el.<\/p>\n\n\n\n<p class=\"wp-block-paragraph\">\u2014 Matei a murit acum c\u00e2\u021biva ani.<\/p>\n\n\n\n<p class=\"wp-block-paragraph\">\u2014 \u0218tiu.<\/p>\n\n\n\n<p class=\"wp-block-paragraph\">\u2014 \u0218i tu ai \u021binut scrisoarea?<\/p>\n\n\n\n<p class=\"wp-block-paragraph\">\u2014 Da.<\/p>\n\n\n\n<p class=\"wp-block-paragraph\">Furia a venit imediat.<\/p>\n\n\n\n<p class=\"wp-block-paragraph\">\u2014 Cu ce drept?<\/p>\n\n\n\n<p class=\"wp-block-paragraph\">\u2014 Cu niciunul.<\/p>\n\n\n\n<p class=\"wp-block-paragraph\">R\u0103spunsul m-a oprit.<\/p>\n\n\n\n<p class=\"wp-block-paragraph\">Henric nu \u00eencerca s\u0103 se apere.<\/p>\n\n\n\n<p class=\"wp-block-paragraph\">\u2014 Trebuia s\u0103 \u021bi-o trimit, a spus. Aveam adresa. Dar dup\u0103 ce Matei a murit, am citit iar ce-mi scrisese \u0219i am \u00eenceput s\u0103 m\u0103 \u00eentreb dac\u0103 am dreptul s\u0103 apar \u00een via\u021ba unei femei care nu m\u0103 cuno\u0219tea.<\/p>\n\n\n\n<p class=\"wp-block-paragraph\">\u2014 Scrisoarea era pentru mine, Henric. Nu pentru tine.<\/p>\n\n\n\n<p class=\"wp-block-paragraph\">\u2014 \u0218tiu.<\/p>\n\n\n\n<p class=\"wp-block-paragraph\">\u2014 Atunci trebuia s\u0103 m\u0103 la\u0219i pe mine s\u0103 hot\u0103r\u0103sc.<\/p>\n\n\n\n<p class=\"wp-block-paragraph\">\u2014 Ai dreptate.<\/p>\n\n\n\n<p class=\"wp-block-paragraph\">Am ridicat plicul.<\/p>\n\n\n\n<p class=\"wp-block-paragraph\">\u2014 \u0218i \u00eent\u00e2lnirea noastr\u0103?<\/p>\n\n\n\n<p class=\"wp-block-paragraph\">A t\u0103cut.<\/p>\n\n\n\n<p class=\"wp-block-paragraph\">Asta m-a speriat mai mult dec\u00e2t orice.<\/p>\n\n\n\n<p class=\"wp-block-paragraph\">\u2014 Henric, m-ai c\u0103utat?<\/p>\n\n\n\n<p class=\"wp-block-paragraph\">\u2014 Nu.<\/p>\n\n\n\n<p class=\"wp-block-paragraph\">\u2014 \u0218tiai c\u0103 sunt aici?<\/p>\n\n\n\n<p class=\"wp-block-paragraph\">\u2014 Nu.<\/p>\n\n\n\n<p class=\"wp-block-paragraph\">\u2014 Atunci cum ai \u0219tiut cine sunt?<\/p>\n\n\n\n<p class=\"wp-block-paragraph\">A inspirat ad\u00e2nc.<\/p>\n\n\n\n<p class=\"wp-block-paragraph\">\u2014 Te-am recunoscut.<\/p>\n\n\n\n<p class=\"wp-block-paragraph\">\u2014 De unde?<\/p>\n\n\n\n<p class=\"wp-block-paragraph\">\u2014 Dintr-o fotografie.<\/p>\n\n\n\n<p class=\"wp-block-paragraph\">Am sim\u021bit cum mi se r\u0103ce\u0219te tot corpul.<\/p>\n\n\n\n<p class=\"wp-block-paragraph\">\u2014 Ce fotografie?<\/p>\n\n\n\n<p class=\"wp-block-paragraph\">\u2014 Una pe care Matei mi-o trimisese cu mul\u021bi ani \u00een urm\u0103. Era\u021bi am\u00e2ndoi la mare.<\/p>\n\n\n\n<p class=\"wp-block-paragraph\">M-am ridicat.<\/p>\n\n\n\n<p class=\"wp-block-paragraph\">\u2014 Deci \u00een diminea\u021ba \u00een care ai venit la mine pe plaj\u0103 \u0219tiai cine sunt.<\/p>\n\n\n\n<p class=\"wp-block-paragraph\">\u2014 Da.<\/p>\n\n\n\n<p class=\"wp-block-paragraph\">\u2014 \u0218i n-ai spus nimic.<\/p>\n\n\n\n<p class=\"wp-block-paragraph\">\u2014 Nu.<\/p>\n\n\n\n<p class=\"wp-block-paragraph\">\u2014 Trei s\u0103pt\u0103m\u00e2ni, Henric.<\/p>\n\n\n\n<p class=\"wp-block-paragraph\">\u2014 \u0218tiu.<\/p>\n\n\n\n<p class=\"wp-block-paragraph\">\u2014 Am stat cu tine. \u021ai-am povestit despre mine. Am \u00eenceput s\u0103\u2026<\/p>\n\n\n\n<p class=\"wp-block-paragraph\">N-am putut termina.<\/p>\n\n\n\n<p class=\"wp-block-paragraph\">El a f\u0103cut-o.<\/p>\n\n\n\n<p class=\"wp-block-paragraph\">\u2014 S\u0103 te \u00eendr\u0103goste\u0219ti de mine.<\/p>\n\n\n\n<p class=\"wp-block-paragraph\">Mi-au dat lacrimile.<\/p>\n\n\n\n<p class=\"wp-block-paragraph\">\u2014 \u0218i eu de unde s\u0103 \u0219tiu ce a fost adev\u0103rat?<\/p>\n\n\n\n<p class=\"wp-block-paragraph\">Henric a f\u0103cut un pas spre mine, apoi s-a oprit.<\/p>\n\n\n\n<p class=\"wp-block-paragraph\">\u2014 Tot ce s-a \u00eent\u00e2mplat \u00eentre noi a fost adev\u0103rat.<\/p>\n\n\n\n<p class=\"wp-block-paragraph\">\u2014 Dar tu \u0219tiai cine sunt.<\/p>\n\n\n\n<p class=\"wp-block-paragraph\">\u2014 Da.<\/p>\n\n\n\n<p class=\"wp-block-paragraph\">\u2014 Atunci nu am \u00eenceput din acela\u0219i loc.<\/p>\n\n\n\n<p class=\"wp-block-paragraph\">N-a mai spus nimic.<\/p>\n\n\n\n<p class=\"wp-block-paragraph\">Am luat plicul \u0219i am plecat.<\/p>\n\n\n\n<p class=\"wp-block-paragraph\">\u00cen noaptea aceea n-am dormit.<\/p>\n\n\n\n<p class=\"wp-block-paragraph\">Plicul a stat ore \u00eentregi pe m\u0103su\u021ba din camera mea.<\/p>\n\n\n\n<p class=\"wp-block-paragraph\">\u00cel luam.<\/p>\n\n\n\n<p class=\"wp-block-paragraph\">\u00cel puneam la loc.<\/p>\n\n\n\n<p class=\"wp-block-paragraph\">Mi-era fric\u0103 de ce putea s\u0103 fie \u00een\u0103untru.<\/p>\n\n\n\n<p class=\"wp-block-paragraph\">Pu\u021bin dup\u0103 patru diminea\u021ba l-am deschis.<\/p>\n\n\n\n<p class=\"wp-block-paragraph\">Scrisul lui Matei m-a f\u0103cut s\u0103 pl\u00e2ng \u00eenainte s\u0103 termin primul r\u00e2nd.<\/p>\n\n\n\n<p class=\"wp-block-paragraph\">\u00cemi mul\u021bumea pentru cei 46 de ani ai no\u0219tri.<\/p>\n\n\n\n<p class=\"wp-block-paragraph\">Pentru copii.<\/p>\n\n\n\n<p class=\"wp-block-paragraph\">Pentru casa noastr\u0103.<\/p>\n\n\n\n<p class=\"wp-block-paragraph\">Pentru toate lucrurile mici pe care numai noi le \u0219tiam.<\/p>\n\n\n\n<p class=\"wp-block-paragraph\">Apoi scria:<\/p>\n\n\n\n<p class=\"wp-block-paragraph\">\u201eElena, te cunosc.<\/p>\n\n\n\n<p class=\"wp-block-paragraph\">Dup\u0103 ce eu nu voi mai fi, copiii vor avea nevoie de tine. Nepo\u021bii vor avea nevoie de tine. \u0218i tu vei face ce ai f\u0103cut \u00eentotdeauna: vei avea grij\u0103 de toat\u0103 lumea \u0219i vei spune c\u0103 e\u0219ti bine.<\/p>\n\n\n\n<p class=\"wp-block-paragraph\">Dar vreau s\u0103-mi promi\u021bi ceva.<\/p>\n\n\n\n<p class=\"wp-block-paragraph\">Nu transforma iubirea noastr\u0103 \u00eentr-o camer\u0103 \u00een care s\u0103 te \u00eenchizi dup\u0103 ce eu plec.<\/p>\n\n\n\n<p class=\"wp-block-paragraph\">Ie\u0219i.<\/p>\n\n\n\n<p class=\"wp-block-paragraph\">C\u0103l\u0103tore\u0219te.<\/p>\n\n\n\n<p class=\"wp-block-paragraph\">M\u0103n\u00e2nc\u0103 desert.<\/p>\n\n\n\n<p class=\"wp-block-paragraph\">Dormit p\u00e2n\u0103 t\u00e2rziu dac\u0103 ai chef.<\/p>\n\n\n\n<p class=\"wp-block-paragraph\">R\u00e2zi f\u0103r\u0103 s\u0103 te sim\u021bi vinovat\u0103.<\/p>\n\n\n\n<p class=\"wp-block-paragraph\">\u0218i dac\u0103 \u00eentr-o zi \u00eent\u00e2lne\u0219ti un om l\u00e2ng\u0103 care \u00ee\u021bi bate din nou inima, nu-mi datora singur\u0103tate.<\/p>\n\n\n\n<p class=\"wp-block-paragraph\">Cei 46 de ani ai no\u0219tri nu vor deveni mai pu\u021bin adev\u0103ra\u021bi pentru c\u0103 tu continui s\u0103 tr\u0103ie\u0219ti.<\/p>\n\n\n\n<p class=\"wp-block-paragraph\">Iar dac\u0103 nu te \u00eendr\u0103goste\u0219ti niciodat\u0103 din nou, m\u0103car tr\u0103ie\u0219te.<\/p>\n\n\n\n<p class=\"wp-block-paragraph\">Asta e tot ce vreau.\u201d<\/p>\n\n\n\n<p class=\"wp-block-paragraph\">Am pl\u00e2ns p\u00e2n\u0103 s-a luminat afar\u0103.<\/p>\n\n\n\n<p class=\"wp-block-paragraph\">Dar mai era ceva.<\/p>\n\n\n\n<p class=\"wp-block-paragraph\">\u00cen partea de jos, Matei ad\u0103ugase c\u00e2teva r\u00e2nduri.<\/p>\n\n\n\n<p class=\"wp-block-paragraph\">\u201eScrisoarea aceasta am l\u0103sat-o la Henric pentru c\u0103 este unul dintre pu\u021binii oameni \u00een care am \u00eencredere.<\/p>\n\n\n\n<p class=\"wp-block-paragraph\">Este un om bun.<\/p>\n\n\n\n<p class=\"wp-block-paragraph\">Dar dac\u0103 vreodat\u0103 drumurile voastre se \u00eent\u00e2lnesc, tu hot\u0103r\u0103\u0219ti ce \u00eenseamn\u0103 asta.<\/p>\n\n\n\n<p class=\"wp-block-paragraph\">Nu el.<\/p>\n\n\n\n<p class=\"wp-block-paragraph\">Nu eu.\u201d<\/p>\n\n\n\n<p class=\"wp-block-paragraph\">Am citit ultima propozi\u021bie de trei ori.<\/p>\n\n\n\n<p class=\"wp-block-paragraph\">\u0218i atunci m-am \u00eenfuriat din nou.<\/p>\n\n\n\n<p class=\"wp-block-paragraph\">Pentru c\u0103 Matei \u00eei spusese lui Henric exact ce trebuia s\u0103 fac\u0103.<\/p>\n\n\n\n<p class=\"wp-block-paragraph\">S\u0103 m\u0103 lase pe mine s\u0103 aleg.<\/p>\n\n\n\n<p class=\"wp-block-paragraph\">Iar Henric, ascunz\u00e2ndu-mi adev\u0103rul, \u00eemi luase tocmai alegerea aceea.<\/p>\n\n\n\n<p class=\"wp-block-paragraph\">A doua zi trebuia s\u0103 plec acas\u0103.<\/p>\n\n\n\n<p class=\"wp-block-paragraph\">Mi-am schimbat rezervarea.<\/p>\n\n\n\n<p class=\"wp-block-paragraph\">Am mai r\u0103mas trei zile.<\/p>\n\n\n\n<p class=\"wp-block-paragraph\">Nu pentru Henric.<\/p>\n\n\n\n<p class=\"wp-block-paragraph\">Pentru mine.<\/p>\n\n\n\n<p class=\"wp-block-paragraph\">\u00cen prima zi nu l-am c\u0103utat.<\/p>\n\n\n\n<p class=\"wp-block-paragraph\">\u00cen a doua am mers singur\u0103 pe plaj\u0103.<\/p>\n\n\n\n<p class=\"wp-block-paragraph\">\u00cen a treia diminea\u021b\u0103 l-am g\u0103sit pe banca unde b\u0103user\u0103m prima cafea \u00eempreun\u0103.<\/p>\n\n\n\n<p class=\"wp-block-paragraph\">C\u00e2nd m-a v\u0103zut, s-a ridicat.<\/p>\n\n\n\n<p class=\"wp-block-paragraph\">\u2014 Elena\u2026<\/p>\n\n\n\n<p class=\"wp-block-paragraph\">\u2014 Stai jos.<\/p>\n\n\n\n<p class=\"wp-block-paragraph\">S-a a\u0219ezat.<\/p>\n\n\n\n<p class=\"wp-block-paragraph\">M-am a\u0219ezat l\u00e2ng\u0103 el.<\/p>\n\n\n\n<p class=\"wp-block-paragraph\">\u2014 Am citit scrisoarea.<\/p>\n\n\n\n<p class=\"wp-block-paragraph\">A \u00eenchis ochii pentru o clip\u0103.<\/p>\n\n\n\n<p class=\"wp-block-paragraph\">\u2014 Ai gre\u0219it, Henric.<\/p>\n\n\n\n<p class=\"wp-block-paragraph\">\u2014 \u0218tiu.<\/p>\n\n\n\n<p class=\"wp-block-paragraph\">\u2014 Trebuia s\u0103-mi spui din prima diminea\u021b\u0103 c\u0103 \u0219tiai cine sunt.<\/p>\n\n\n\n<p class=\"wp-block-paragraph\">\u2014 \u0218tiu.<\/p>\n\n\n\n<p class=\"wp-block-paragraph\">\u2014 Matei \u021bi-a cerut s\u0103 nu-mi hot\u0103r\u0103\u0219ti via\u021ba. Iar tu, ascunz\u00e2nd adev\u0103rul, ai f\u0103cut exact asta.<\/p>\n\n\n\n<p class=\"wp-block-paragraph\">\u0218i-a cobor\u00e2t privirea.<\/p>\n\n\n\n<p class=\"wp-block-paragraph\">\u2014 Ai dreptate.<\/p>\n\n\n\n<p class=\"wp-block-paragraph\">At\u00e2t.<\/p>\n\n\n\n<p class=\"wp-block-paragraph\">Nicio scuz\u0103.<\/p>\n\n\n\n<p class=\"wp-block-paragraph\">Nici \u201eam f\u0103cut-o pentru binele t\u0103u\u201d.<\/p>\n\n\n\n<p class=\"wp-block-paragraph\">Nici \u201ei-am promis lui Matei\u201d.<\/p>\n\n\n\n<p class=\"wp-block-paragraph\">Doar:<\/p>\n\n\n\n<p class=\"wp-block-paragraph\">\u2014 Ai dreptate.<\/p>\n\n\n\n<p class=\"wp-block-paragraph\">\u2014 Atunci de ce n-ai spus nimic?<\/p>\n\n\n\n<p class=\"wp-block-paragraph\">Henric s-a uitat spre mare.<\/p>\n\n\n\n<p class=\"wp-block-paragraph\">\u2014 Pentru c\u0103 \u00een diminea\u021ba aceea aveam plicul la mine.<\/p>\n\n\n\n<p class=\"wp-block-paragraph\">Am \u00eentors capul spre el.<\/p>\n\n\n\n<p class=\"wp-block-paragraph\">\u2014 Ce?<\/p>\n\n\n\n<p class=\"wp-block-paragraph\">\u2014 Te-am recunoscut \u0219i am venit s\u0103 \u021bi-l dau.<\/p>\n\n\n\n<p class=\"wp-block-paragraph\">\u2014 \u0218i?<\/p>\n\n\n\n<p class=\"wp-block-paragraph\">\u2014 Ai ridicat scoica aia ur\u00e2t\u0103.<\/p>\n\n\n\n<p class=\"wp-block-paragraph\">\u00cen ciuda furiei, aproape c\u0103 am z\u00e2mbit.<\/p>\n\n\n\n<p class=\"wp-block-paragraph\">\u2014 \u0218i ai r\u00e2s la gluma mea. Apoi am b\u0103ut o cafea.<\/p>\n\n\n\n<p class=\"wp-block-paragraph\">A f\u0103cut o pauz\u0103.<\/p>\n\n\n\n<p class=\"wp-block-paragraph\">\u2014 Pentru prima dat\u0103 nu mai st\u0103team \u00een fa\u021ba \u201ev\u0103duvei lui Matei\u201d. St\u0103team \u00een fa\u021ba Elenei. \u0218i mi-a pl\u0103cut Elena.<\/p>\n\n\n\n<p class=\"wp-block-paragraph\">Vocea i s-a fr\u00e2nt.<\/p>\n\n\n\n<p class=\"wp-block-paragraph\">\u2014 Mi-am spus c\u0103 \u00ee\u021bi spun a doua zi. Apoi urm\u0103toarea. \u0218i cu fiecare zi devenea mai greu.<\/p>\n\n\n\n<p class=\"wp-block-paragraph\">\u2014 Dar tot trebuia s\u0103-mi spui.<\/p>\n\n\n\n<p class=\"wp-block-paragraph\">\u2014 Da.<\/p>\n\n\n\n<p class=\"wp-block-paragraph\">Nu l-am iertat \u00een diminea\u021ba aceea.<\/p>\n\n\n\n<p class=\"wp-block-paragraph\">Via\u021ba nu func\u021bioneaz\u0103 a\u0219a.<\/p>\n\n\n\n<p class=\"wp-block-paragraph\">M-am \u00eentors acas\u0103.<\/p>\n\n\n\n<p class=\"wp-block-paragraph\">Henric nu a venit dup\u0103 mine.<\/p>\n\n\n\n<p class=\"wp-block-paragraph\">Nu mi-a trimis buchete.<\/p>\n\n\n\n<p class=\"wp-block-paragraph\">Nu m-a sunat \u00een fiecare sear\u0103 cer\u00e2ndu-mi s\u0103-l iert.<\/p>\n\n\n\n<p class=\"wp-block-paragraph\">Din c\u00e2nd \u00een c\u00e2nd \u00eemi trimitea c\u00e2te o fotografie.<\/p>\n\n\n\n<p class=\"wp-block-paragraph\">O cafea.<\/p>\n\n\n\n<p class=\"wp-block-paragraph\">Marea.<\/p>\n\n\n\n<p class=\"wp-block-paragraph\">O felie de pl\u0103cint\u0103 cu l\u0103m\u00e2ie.<\/p>\n\n\n\n<p class=\"wp-block-paragraph\">F\u0103r\u0103 explica\u021bii.<\/p>\n\n\n\n<p class=\"wp-block-paragraph\">F\u0103r\u0103 presiune.<\/p>\n\n\n\n<p class=\"wp-block-paragraph\">Dup\u0103 aproape dou\u0103 luni, l-am sunat eu.<\/p>\n\n\n\n<p class=\"wp-block-paragraph\">A r\u0103spuns imediat.<\/p>\n\n\n\n<p class=\"wp-block-paragraph\">\u2014 Elena?<\/p>\n\n\n\n<p class=\"wp-block-paragraph\">\u2014 Mai mergi la mare vara viitoare?<\/p>\n\n\n\n<p class=\"wp-block-paragraph\">A t\u0103cut.<\/p>\n\n\n\n<p class=\"wp-block-paragraph\">\u2014 Dac\u0103 m\u0103 invi\u021bi.<\/p>\n\n\n\n<p class=\"wp-block-paragraph\">\u2014 Nu te invit.<\/p>\n\n\n\n<p class=\"wp-block-paragraph\">Alt\u0103 pauz\u0103.<\/p>\n\n\n\n<p class=\"wp-block-paragraph\">\u2014 Am \u00een\u021beles.<\/p>\n\n\n\n<p class=\"wp-block-paragraph\">\u2014 Te-am \u00eentrebat dac\u0103 mergi.<\/p>\n\n\n\n<p class=\"wp-block-paragraph\">A \u00eenceput s\u0103 r\u00e2d\u0103.<\/p>\n\n\n\n<p class=\"wp-block-paragraph\">\u0218i, f\u0103r\u0103 s\u0103 vreau, am r\u00e2s \u0219i eu.<\/p>\n\n\n\n<p class=\"wp-block-paragraph\">\u00cen vara urm\u0103toare ne-am \u00eentors la Eforie.<\/p>\n\n\n\n<p class=\"wp-block-paragraph\">Camere separate.<\/p>\n\n\n\n<p class=\"wp-block-paragraph\">A fost condi\u021bia mea.<\/p>\n\n\n\n<p class=\"wp-block-paragraph\">Am \u00eenceput din nou.<\/p>\n\n\n\n<p class=\"wp-block-paragraph\">De data aceasta f\u0103r\u0103 secrete.<\/p>\n\n\n\n<p class=\"wp-block-paragraph\">Am vorbit despre Matei.<\/p>\n\n\n\n<p class=\"wp-block-paragraph\">Despre Ileana.<\/p>\n\n\n\n<p class=\"wp-block-paragraph\">Despre copiii no\u0219tri.<\/p>\n\n\n\n<p class=\"wp-block-paragraph\">Despre vinov\u0103\u021bia absurd\u0103 pe care o sim\u021beam uneori c\u00e2nd eram ferici\u021bi.<\/p>\n\n\n\n<p class=\"wp-block-paragraph\">\u0218i despre faptul c\u0103 o iubire nou\u0103 nu trebuie s\u0103 \u0219tearg\u0103 iubirea care a existat \u00eenainte.<\/p>\n\n\n\n<p class=\"wp-block-paragraph\">Doi ani mai t\u00e2rziu, Henric m-a dus pe aceea\u0219i plaj\u0103 unde ne cunoscuser\u0103m.<\/p>\n\n\n\n<p class=\"wp-block-paragraph\">A b\u0103gat m\u00e2na \u00een buzunar.<\/p>\n\n\n\n<p class=\"wp-block-paragraph\">\u2014 S\u0103 nu \u00eendr\u0103zne\u0219ti, i-am spus.<\/p>\n\n\n\n<p class=\"wp-block-paragraph\">\u2014 Ce?<\/p>\n\n\n\n<p class=\"wp-block-paragraph\">\u2014 S\u0103 sco\u021bi un inel.<\/p>\n\n\n\n<p class=\"wp-block-paragraph\">A \u00eenceput s\u0103 r\u00e2d\u0103.<\/p>\n\n\n\n<p class=\"wp-block-paragraph\">\u2014 La 75 de ani \u00eenc\u0103 mai reu\u0219e\u0219ti s\u0103 strici surprize.<\/p>\n\n\n\n<p class=\"wp-block-paragraph\">Dar n-a scos un inel.<\/p>\n\n\n\n<p class=\"wp-block-paragraph\">A scos o scoic\u0103.<\/p>\n\n\n\n<p class=\"wp-block-paragraph\">Ciobit\u0103 \u00eentr-o parte.<\/p>\n\n\n\n<p class=\"wp-block-paragraph\">Aproape la fel de ur\u00e2t\u0103 ca prima.<\/p>\n\n\n\n<p class=\"wp-block-paragraph\">\u2014 P\u0103streaz-o, mi-a spus.<\/p>\n\n\n\n<p class=\"wp-block-paragraph\">\u2014 De ce?<\/p>\n\n\n\n<p class=\"wp-block-paragraph\">\u2014 Pentru c\u0103 cele mai ur\u00e2te au, de obicei, cele mai frumoase pove\u0219ti.<\/p>\n\n\n\n<p class=\"wp-block-paragraph\">Am r\u00e2s.<\/p>\n\n\n\n<p class=\"wp-block-paragraph\">Apoi Henric a devenit serios.<\/p>\n\n\n\n<p class=\"wp-block-paragraph\">\u2014 Nu vreau s\u0103-\u021bi cer s\u0103-mi dai restul vie\u021bii tale, Elena.<\/p>\n\n\n\n<p class=\"wp-block-paragraph\">Mi-a luat m\u00e2na.<\/p>\n\n\n\n<p class=\"wp-block-paragraph\">\u2014 Vreau doar s\u0103 te \u00eentreb dac\u0103 m\u0103 la\u0219i s\u0103-mi petrec restul vie\u021bii mele l\u00e2ng\u0103 tine.<\/p>\n\n\n\n<p class=\"wp-block-paragraph\">Am \u00eenceput s\u0103 pl\u00e2ng \u00eenainte s\u0103 pot r\u0103spunde.<\/p>\n\n\n\n<p class=\"wp-block-paragraph\">\u2014 Da.<\/p>\n\n\n\n<p class=\"wp-block-paragraph\">Ne-am c\u0103s\u0103torit c\u00e2teva luni mai t\u00e2rziu.<\/p>\n\n\n\n<p class=\"wp-block-paragraph\">Simplu.<\/p>\n\n\n\n<p class=\"wp-block-paragraph\">Cu copiii \u0219i nepo\u021bii aproape.<\/p>\n\n\n\n<p class=\"wp-block-paragraph\">F\u0103r\u0103 s\u0103 \u00eencerc\u0103m s\u0103 ne prefacem c\u0103 vie\u021bile noastre \u00eencepuser\u0103 \u00een ziua aceea.<\/p>\n\n\n\n<p class=\"wp-block-paragraph\">Matei fusese o parte uria\u0219\u0103 din via\u021ba mea.<\/p>\n\n\n\n<p class=\"wp-block-paragraph\">Ileana fusese o parte uria\u0219\u0103 din via\u021ba lui Henric.<\/p>\n\n\n\n<p class=\"wp-block-paragraph\">Niciunul dintre ei nu trebuia \u0219ters pentru ca noi s\u0103 putem merge \u00eenainte.<\/p>\n\n\n\n<p class=\"wp-block-paragraph\">\u00cen seara de dup\u0103 cununie am recitit scrisoarea lui Matei.<\/p>\n\n\n\n<p class=\"wp-block-paragraph\">M-am oprit din nou la ultima propozi\u021bie:<\/p>\n\n\n\n<p class=\"wp-block-paragraph\">\u201eTu hot\u0103r\u0103\u0219ti ce \u00eenseamn\u0103 asta. Nu el. Nu eu.\u201d<\/p>\n\n\n\n<p class=\"wp-block-paragraph\">\u0218i atunci am \u00een\u021beles ce \u00eencercase so\u021bul meu s\u0103-mi lase.<\/p>\n\n\n\n<p class=\"wp-block-paragraph\">Nu un alt b\u0103rbat.<\/p>\n\n\n\n<p class=\"wp-block-paragraph\">Nu o poveste de dragoste preg\u0103tit\u0103 dinainte.<\/p>\n\n\n\n<p class=\"wp-block-paragraph\">\u0218i nici un \u00eenlocuitor pentru cei 46 de ani petrecu\u021bi \u00eempreun\u0103.<\/p>\n\n\n\n<p class=\"wp-block-paragraph\">Matei \u00eencercase doar s\u0103-mi dea ceva ce eu nu \u0219tiam dac\u0103 am voie s\u0103-mi dau singur\u0103:<\/p>\n\n\n\n<p class=\"wp-block-paragraph\">permisiunea de a continua s\u0103 tr\u0103iesc f\u0103r\u0103 s\u0103 simt c\u0103, fiind din nou fericit\u0103, \u00eel iubisem pe el mai pu\u021bin.<\/p>\n","protected":false},"excerpt":{"rendered":"<p>Partea a 2-a \u2013 Continuarea pove\u0219tii&nbsp;Am r\u0103mas cu ochii la plic. \u2014 De la Matei? Henric a dat \u00eencet din cap. \u2014 L-am cunoscut cu aproape treizeci de ani \u00eenainte s\u0103 te cunosc pe tine. M-am a\u0219ezat. Nu pentru c\u0103 mi-ar fi cerut. Ci pentru c\u0103 picioarele nu m\u0103 mai \u021bineau. \u2014 Cum? Henric \u0219i-a &#8230; <a title=\"\u201eLa 68 de ani, dup\u0103 ce-mi petrecusem aproape toat\u0103 via\u021ba fiind so\u021bie, mam\u0103 \u0219i bunic\u0103, m-am \u00eendr\u0103gostit din nou \u00eentr-o vacan\u021b\u0103 la mare. Henric avea 73 de ani \u0219i m\u0103 f\u0103cea s\u0103 r\u00e2d cum nu mai r\u00e2sesem de c\u00e2nd murise so\u021bul meu.\" class=\"read-more\" href=\"https:\/\/stiri-faine.com\/?p=5888\" aria-label=\"Read more about \u201eLa 68 de ani, dup\u0103 ce-mi petrecusem aproape toat\u0103 via\u021ba fiind so\u021bie, mam\u0103 \u0219i bunic\u0103, m-am \u00eendr\u0103gostit din nou \u00eentr-o vacan\u021b\u0103 la mare. Henric avea 73 de ani \u0219i m\u0103 f\u0103cea s\u0103 r\u00e2d cum nu mai r\u00e2sesem de c\u00e2nd murise so\u021bul meu.\">Read more<\/a><\/p>\n","protected":false},"author":1,"featured_media":0,"comment_status":"open","ping_status":"open","sticky":false,"template":"","format":"standard","meta":{"footnotes":""},"categories":[1],"tags":[],"class_list":["post-5888","post","type-post","status-publish","format-standard","hentry","category-uncategorized"],"_links":{"self":[{"href":"https:\/\/stiri-faine.com\/index.php?rest_route=\/wp\/v2\/posts\/5888","targetHints":{"allow":["GET"]}}],"collection":[{"href":"https:\/\/stiri-faine.com\/index.php?rest_route=\/wp\/v2\/posts"}],"about":[{"href":"https:\/\/stiri-faine.com\/index.php?rest_route=\/wp\/v2\/types\/post"}],"author":[{"embeddable":true,"href":"https:\/\/stiri-faine.com\/index.php?rest_route=\/wp\/v2\/users\/1"}],"replies":[{"embeddable":true,"href":"https:\/\/stiri-faine.com\/index.php?rest_route=%2Fwp%2Fv2%2Fcomments&post=5888"}],"version-history":[{"count":1,"href":"https:\/\/stiri-faine.com\/index.php?rest_route=\/wp\/v2\/posts\/5888\/revisions"}],"predecessor-version":[{"id":5889,"href":"https:\/\/stiri-faine.com\/index.php?rest_route=\/wp\/v2\/posts\/5888\/revisions\/5889"}],"wp:attachment":[{"href":"https:\/\/stiri-faine.com\/index.php?rest_route=%2Fwp%2Fv2%2Fmedia&parent=5888"}],"wp:term":[{"taxonomy":"category","embeddable":true,"href":"https:\/\/stiri-faine.com\/index.php?rest_route=%2Fwp%2Fv2%2Fcategories&post=5888"},{"taxonomy":"post_tag","embeddable":true,"href":"https:\/\/stiri-faine.com\/index.php?rest_route=%2Fwp%2Fv2%2Ftags&post=5888"}],"curies":[{"name":"wp","href":"https:\/\/api.w.org\/{rel}","templated":true}]}}