{"id":5885,"date":"2026-09-01T13:36:15","date_gmt":"2026-09-01T13:36:15","guid":{"rendered":"https:\/\/stiri-faine.com\/?p=5885"},"modified":"2026-09-01T13:36:15","modified_gmt":"2026-09-01T13:36:15","slug":"cu-o-zi-inainte-de-nunta-logodnicul-meu-mi-a-spus-ca-sora-mea-vitrega-este-insarcinata-cu-copilul-lui-si-ca-se-va-insura-cu-ea-in-locul-meu","status":"publish","type":"post","link":"https:\/\/stiri-faine.com\/?p=5885","title":{"rendered":"\u201eCu o zi \u00eenainte de nunt\u0103, logodnicul meu mi-a spus c\u0103 sora mea vitreg\u0103 este \u00eens\u0103rcinat\u0103 cu copilul lui \u0219i c\u0103 se va \u00eensura cu ea \u00een locul meu."},"content":{"rendered":"\n<p class=\"wp-block-paragraph\">Partea a 2-a \u2013 Continuarea pove\u0219tii \ud83d\udc49 \u2014 Mami!<\/p>\n\n\n\n<p class=\"wp-block-paragraph\">Vocea feti\u021bei a r\u0103sunat prin biseric\u0103.<\/p>\n\n\n\n<p class=\"wp-block-paragraph\">Am uitat pentru o clip\u0103 c\u0103 Iulian \u0219i Vanessa erau l\u00e2ng\u0103 mine.<\/p>\n\n\n\n<p class=\"wp-block-paragraph\">M-am aplecat \u0219i am deschis bra\u021bele.<\/p>\n\n\n\n<p class=\"wp-block-paragraph\">Sofia a venit direct la mine.<\/p>\n\n\n\n<p class=\"wp-block-paragraph\">\u2014 Bun\u0103, iubita mea.<\/p>\n\n\n\n<p class=\"wp-block-paragraph\">Am ridicat-o \u0219i am s\u0103rutat-o pe frunte.<\/p>\n\n\n\n<p class=\"wp-block-paragraph\">\u2014 Ai venit.<\/p>\n\n\n\n<p class=\"wp-block-paragraph\">\u2014 Cu tati.<\/p>\n\n\n\n<p class=\"wp-block-paragraph\">Am sim\u021bit privirea lui Iulian \u00eenainte s\u0103 m\u0103 \u00eentorc.<\/p>\n\n\n\n<p class=\"wp-block-paragraph\">B\u0103rbatul care intrase cu Sofia se apropia de noi.<\/p>\n\n\n\n<p class=\"wp-block-paragraph\">Andrei Petrescu.<\/p>\n\n\n\n<p class=\"wp-block-paragraph\">So\u021bul meu.<\/p>\n\n\n\n<p class=\"wp-block-paragraph\">\u00cenalt, sobru, \u00eembr\u0103cat \u00een negru, cu buchetul de flori pe care Sofia refuzase s\u0103-l lase acas\u0103.<\/p>\n\n\n\n<p class=\"wp-block-paragraph\">Andrei conducea un grup de investi\u021bii \u0219i dezvoltase mai multe afaceri \u00een ultimii ani. Numele lui era cunoscut mai ales \u00een mediul de afaceri, motiv pentru care Iulian \u00eel recunoscuse imediat.<\/p>\n\n\n\n<p class=\"wp-block-paragraph\">Dar pentru mine era doar omul care se trezea noaptea c\u00e2nd Sofia avea febr\u0103 \u0219i care, \u00een diminea\u021ba aceea, petrecuse dou\u0103zeci de minute \u00eencerc\u00e2nd s\u0103-i explice unei feti\u021be de doi ani de ce la \u00eenmorm\u00e2ntare nu putea veni cu rochi\u021ba ei galben\u0103 preferat\u0103.<\/p>\n\n\n\n<p class=\"wp-block-paragraph\">S-a oprit l\u00e2ng\u0103 mine.<\/p>\n\n\n\n<p class=\"wp-block-paragraph\">\u2014 \u00cemi pare r\u0103u c\u0103 am \u00eent\u00e2rziat.<\/p>\n\n\n\n<p class=\"wp-block-paragraph\">Mi-a s\u0103rutat u\u0219or obrazul.<\/p>\n\n\n\n<p class=\"wp-block-paragraph\">\u2014 Sofia a insistat s\u0103 aleag\u0103 singur\u0103 florile pentru bunicul.<\/p>\n\n\n\n<p class=\"wp-block-paragraph\">Iulian se uita c\u00e2nd la mine, c\u00e2nd la Andrei.<\/p>\n\n\n\n<p class=\"wp-block-paragraph\">\u2014 Voi\u2026 v\u0103 cunoa\u0219te\u021bi?<\/p>\n\n\n\n<p class=\"wp-block-paragraph\">M-am uitat la el.<\/p>\n\n\n\n<p class=\"wp-block-paragraph\">\u2014 Este so\u021bul meu.<\/p>\n\n\n\n<p class=\"wp-block-paragraph\">Vanessa a clipit.<\/p>\n\n\n\n<p class=\"wp-block-paragraph\">\u2014 So\u021bul t\u0103u?<\/p>\n\n\n\n<p class=\"wp-block-paragraph\">\u2014 Da.<\/p>\n\n\n\n<p class=\"wp-block-paragraph\">Iulian \u0219i-a cobor\u00e2t privirea spre Sofia.<\/p>\n\n\n\n<p class=\"wp-block-paragraph\">Nu mai era nimic din z\u00e2mbetul de c\u00e2teva minute \u00eenainte.<\/p>\n\n\n\n<p class=\"wp-block-paragraph\">\u2014 \u0218i feti\u021ba\u2026<\/p>\n\n\n\n<p class=\"wp-block-paragraph\">\u2014 Este fiica noastr\u0103.<\/p>\n\n\n\n<p class=\"wp-block-paragraph\">Sofia \u00ee\u0219i sprijinise capul pe um\u0103rul meu.<\/p>\n\n\n\n<p class=\"wp-block-paragraph\">Nu \u00een\u021belegea nimic din discu\u021bie \u0219i nici nu trebuia.<\/p>\n\n\n\n<p class=\"wp-block-paragraph\">Andrei a sim\u021bit probabil tensiunea.<\/p>\n\n\n\n<p class=\"wp-block-paragraph\">\u2014 Evelina, eu o duc pu\u021bin mai \u00een fa\u021b\u0103.<\/p>\n\n\n\n<p class=\"wp-block-paragraph\">Am dat din cap.<\/p>\n\n\n\n<p class=\"wp-block-paragraph\">\u00cenainte s\u0103 plece, mi-a str\u00e2ns m\u00e2na.<\/p>\n\n\n\n<p class=\"wp-block-paragraph\">At\u00e2t.<\/p>\n\n\n\n<p class=\"wp-block-paragraph\">F\u0103r\u0103 demonstra\u021bii.<\/p>\n\n\n\n<p class=\"wp-block-paragraph\">F\u0103r\u0103 \u00eentreb\u0103ri.<\/p>\n\n\n\n<p class=\"wp-block-paragraph\">Dup\u0103 ce s-a \u00eendep\u0103rtat cu Sofia, m-am \u00eentors spre Iulian.<\/p>\n\n\n\n<p class=\"wp-block-paragraph\">\u2014 Spuneai ceva despre faptul c\u0103 sunt singur\u0103?<\/p>\n\n\n\n<p class=\"wp-block-paragraph\">Vanessa \u0219i-a cobor\u00e2t ochii.<\/p>\n\n\n\n<p class=\"wp-block-paragraph\">Iulian a \u00eencercat s\u0103 z\u00e2mbeasc\u0103.<\/p>\n\n\n\n<p class=\"wp-block-paragraph\">\u2014 N-am \u0219tiut.<\/p>\n\n\n\n<p class=\"wp-block-paragraph\">\u2014 Evident.<\/p>\n\n\n\n<p class=\"wp-block-paragraph\">\u2014 De c\u00e2nd e\u0219ti c\u0103s\u0103torit\u0103?<\/p>\n\n\n\n<p class=\"wp-block-paragraph\">\u2014 De aproape patru ani.<\/p>\n\n\n\n<p class=\"wp-block-paragraph\">\u2014 \u0218i n-a aflat nimeni?<\/p>\n\n\n\n<p class=\"wp-block-paragraph\">\u2014 Au aflat oamenii care trebuiau s\u0103 afle.<\/p>\n\n\n\n<p class=\"wp-block-paragraph\">Adev\u0103rul era c\u0103 dup\u0103 ceea ce se \u00eent\u00e2mplase cu nunta mea nu mai sim\u021bisem nevoia s\u0103-mi expun via\u021ba.<\/p>\n\n\n\n<p class=\"wp-block-paragraph\">Nu m\u0103 ascunsesem.<\/p>\n\n\n\n<p class=\"wp-block-paragraph\">Pur \u0219i simplu Iulian nu mai f\u0103cea parte dintre oamenii c\u0103rora le datoram explica\u021bii.<\/p>\n\n\n\n<p class=\"wp-block-paragraph\">Slujba a \u00eenceput \u00eenainte s\u0103 mai poat\u0103 spune ceva.<\/p>\n\n\n\n<p class=\"wp-block-paragraph\">Dup\u0103 \u00eenmorm\u00e2ntare, avocatul tat\u0103lui meu ne-a rugat pe mine \u0219i pe c\u00e2\u021biva membri ai familiei s\u0103 r\u0103m\u00e2nem pentru o discu\u021bie.<\/p>\n\n\n\n<p class=\"wp-block-paragraph\">Vanessa era acolo.<\/p>\n\n\n\n<p class=\"wp-block-paragraph\">\u0218i Iulian.<\/p>\n\n\n\n<p class=\"wp-block-paragraph\">Tata fusese un om prosper. Construise \u00een peste treizeci de ani o companie de componente industriale \u0219i investise \u00een c\u00e2teva propriet\u0103\u021bi.<\/p>\n\n\n\n<p class=\"wp-block-paragraph\">Nu era un \u201eimperiu\u201d.<\/p>\n\n\n\n<p class=\"wp-block-paragraph\">Dar era suficient c\u00e2t s\u0103 fi ap\u0103rut de mult discu\u021bii despre ce se va \u00eent\u00e2mpla \u00eentr-o zi cu tot ce construise.<\/p>\n\n\n\n<p class=\"wp-block-paragraph\">Vanessa p\u0103rea convins\u0103 c\u0103 va primi o parte important\u0103.<\/p>\n\n\n\n<p class=\"wp-block-paragraph\">Tata o ajutase ani \u00eentregi, de\u0219i nu era fiica lui biologic\u0103 \u0219i nu o adoptase niciodat\u0103.<\/p>\n\n\n\n<p class=\"wp-block-paragraph\">Avocatul a deschis dosarul.<\/p>\n\n\n\n<p class=\"wp-block-paragraph\">\u2014 Domnul Dumitrescu a l\u0103sat lucrurile foarte clar stabilite.<\/p>\n\n\n\n<p class=\"wp-block-paragraph\">Participa\u021bia principal\u0103 \u00een companie \u00eemi revenea mie.<\/p>\n\n\n\n<p class=\"wp-block-paragraph\">Casa \u00een care locuise tata urma s\u0103 fie v\u00e2ndut\u0103, iar o parte din bani mergea c\u0103tre so\u021bia lui.<\/p>\n\n\n\n<p class=\"wp-block-paragraph\">Pentru Vanessa exista un apartament pe care tata \u00eel cump\u0103rase cu c\u00e2\u021biva ani \u00eenainte \u0219i \u00eel trecuse deja \u00een testament.<\/p>\n\n\n\n<p class=\"wp-block-paragraph\">Nu era pu\u021bin.<\/p>\n\n\n\n<p class=\"wp-block-paragraph\">Deloc.<\/p>\n\n\n\n<p class=\"wp-block-paragraph\">Dar Vanessa a \u00eentrebat:<\/p>\n\n\n\n<p class=\"wp-block-paragraph\">\u2014 \u0218i din firm\u0103?<\/p>\n\n\n\n<p class=\"wp-block-paragraph\">Avocatul a privit-o.<\/p>\n\n\n\n<p class=\"wp-block-paragraph\">\u2014 Nu exist\u0103 alte prevederi pentru dumneavoastr\u0103.<\/p>\n\n\n\n<p class=\"wp-block-paragraph\">Am v\u0103zut dezam\u0103girea pe fa\u021ba ei.<\/p>\n\n\n\n<p class=\"wp-block-paragraph\">Apoi avocatul a scos un al doilea dosar.<\/p>\n\n\n\n<p class=\"wp-block-paragraph\">\u2014 Mai exist\u0103 \u00eens\u0103 o situa\u021bie pe care doamna Evelina trebuie s\u0103 o cunoasc\u0103 \u00eenainte de preluarea companiei.<\/p>\n\n\n\n<p class=\"wp-block-paragraph\">S-a uitat spre Iulian.<\/p>\n\n\n\n<p class=\"wp-block-paragraph\">Iulian s-a \u00eencordat.<\/p>\n\n\n\n<p class=\"wp-block-paragraph\">\u2014 Firma domnului Vancea are un contract de \u00eemprumut comercial cu societatea.<\/p>\n\n\n\n<p class=\"wp-block-paragraph\">M-am \u00eentors spre el.<\/p>\n\n\n\n<p class=\"wp-block-paragraph\">\u2014 Ce?<\/p>\n\n\n\n<p class=\"wp-block-paragraph\">Era prima dat\u0103 c\u00e2nd auzeam.<\/p>\n\n\n\n<p class=\"wp-block-paragraph\">Avocatul mi-a explicat.<\/p>\n\n\n\n<p class=\"wp-block-paragraph\">Cu c\u00e2\u021biva ani \u00eenainte, firma de logistic\u0103 a lui Iulian trecuse printr-o perioad\u0103 dificil\u0103.<\/p>\n\n\n\n<p class=\"wp-block-paragraph\">Tata intervenise.<\/p>\n\n\n\n<p class=\"wp-block-paragraph\">Nu ca s\u0103-i fac\u0103 un cadou.<\/p>\n\n\n\n<p class=\"wp-block-paragraph\">Companiile lor lucrau \u00eempreun\u0103, iar pr\u0103bu\u0219irea firmei lui Iulian i-ar fi creat \u0219i lui probleme.<\/p>\n\n\n\n<p class=\"wp-block-paragraph\">\u00cemprumutul fusese f\u0103cut legal.<\/p>\n\n\n\n<p class=\"wp-block-paragraph\">Cu rate.<\/p>\n\n\n\n<p class=\"wp-block-paragraph\">Termene.<\/p>\n\n\n\n<p class=\"wp-block-paragraph\">Garan\u021bii.<\/p>\n\n\n\n<p class=\"wp-block-paragraph\">\u0218i \u00eenc\u0103 exista o sum\u0103 important\u0103 de rambursat.<\/p>\n\n\n\n<p class=\"wp-block-paragraph\">\u2014 Tat\u0103l t\u0103u \u0219i cu mine aveam o \u00een\u021belegere, a spus Iulian.<\/p>\n\n\n\n<p class=\"wp-block-paragraph\">Avocatul a dat din cap.<\/p>\n\n\n\n<p class=\"wp-block-paragraph\">\u2014 Corect. Este aici.<\/p>\n\n\n\n<p class=\"wp-block-paragraph\">A \u00eempins contractul spre mine.<\/p>\n\n\n\n<p class=\"wp-block-paragraph\">\u2014 Compania este creditorul. Odat\u0103 cu preluarea participa\u021biei \u0219i a conducerii, doamna Evelina va decide \u00een limitele contractului cum va fi administrat\u0103 crean\u021ba.<\/p>\n\n\n\n<p class=\"wp-block-paragraph\">Iulian s-a uitat la mine.<\/p>\n\n\n\n<p class=\"wp-block-paragraph\">Pentru prima dat\u0103 dup\u0103 \u0219apte ani, nu mai p\u0103rea omul care credea c\u0103 de\u021bine controlul \u00eenc\u0103perii.<\/p>\n\n\n\n<p class=\"wp-block-paragraph\">Dup\u0103 \u00eent\u00e2lnire m-a prins pe hol.<\/p>\n\n\n\n<p class=\"wp-block-paragraph\">\u2014 Evelina, putem vorbi?<\/p>\n\n\n\n<p class=\"wp-block-paragraph\">\u2014 Vorbe\u0219te.<\/p>\n\n\n\n<p class=\"wp-block-paragraph\">Vanessa era l\u00e2ng\u0103 el.<\/p>\n\n\n\n<p class=\"wp-block-paragraph\">\u2014 Despre \u00eemprumut.<\/p>\n\n\n\n<p class=\"wp-block-paragraph\">\u2014 Ce-i cu el?<\/p>\n\n\n\n<p class=\"wp-block-paragraph\">\u2014 \u0218tii cum merg lucrurile \u00een afaceri. Tata t\u0103u era flexibil cu termenele.<\/p>\n\n\n\n<p class=\"wp-block-paragraph\">\u2014 Atunci presupun c\u0103 exist\u0103 acte care arat\u0103 asta.<\/p>\n\n\n\n<p class=\"wp-block-paragraph\">\u2014 Nu totul se pune pe h\u00e2rtie.<\/p>\n\n\n\n<p class=\"wp-block-paragraph\">Am z\u00e2mbit.<\/p>\n\n\n\n<p class=\"wp-block-paragraph\">Aceea\u0219i voce.<\/p>\n\n\n\n<p class=\"wp-block-paragraph\">Aceea\u0219i siguran\u021b\u0103 cu care, cu \u0219apte ani \u00eenainte, \u00eemi spusese c\u0103 nunta mea va avea loc cu alt\u0103 mireas\u0103.<\/p>\n\n\n\n<p class=\"wp-block-paragraph\">\u2014 Ce vrei de la mine, Iulian?<\/p>\n\n\n\n<p class=\"wp-block-paragraph\">\u2014 Pu\u021bin timp.<\/p>\n\n\n\n<p class=\"wp-block-paragraph\">Vanessa a intervenit:<\/p>\n\n\n\n<p class=\"wp-block-paragraph\">\u2014 Evelina, p\u00e2n\u0103 la urm\u0103 suntem familie.<\/p>\n\n\n\n<p class=\"wp-block-paragraph\">M-am uitat la ea.<\/p>\n\n\n\n<p class=\"wp-block-paragraph\">\u2014 De c\u00e2nd?<\/p>\n\n\n\n<p class=\"wp-block-paragraph\">A t\u0103cut.<\/p>\n\n\n\n<p class=\"wp-block-paragraph\">\u2014 Dinainte sau dup\u0103 momentul \u00een care mi-ai luat locul la nunt\u0103?<\/p>\n\n\n\n<p class=\"wp-block-paragraph\">\u2014 Au trecut \u0219apte ani.<\/p>\n\n\n\n<p class=\"wp-block-paragraph\">\u2014 \u0218tiu.<\/p>\n\n\n\n<p class=\"wp-block-paragraph\">\u2014 Eram mai tineri.<\/p>\n\n\n\n<p class=\"wp-block-paragraph\">\u2014 Aveam 32 de ani, Vanessa. Nu eram copii.<\/p>\n\n\n\n<p class=\"wp-block-paragraph\">Iulian \u0219i-a pierdut r\u0103bdarea.<\/p>\n\n\n\n<p class=\"wp-block-paragraph\">\u2014 Ce vrei? S\u0103 ne distrugi acum?<\/p>\n\n\n\n<p class=\"wp-block-paragraph\">\u2014 Nu.<\/p>\n\n\n\n<p class=\"wp-block-paragraph\">A r\u0103mas surprins.<\/p>\n\n\n\n<p class=\"wp-block-paragraph\">\u2014 Nu vreau s\u0103 v\u0103 distrug.<\/p>\n\n\n\n<p class=\"wp-block-paragraph\">\u2014 Atunci ajut\u0103-ne.<\/p>\n\n\n\n<p class=\"wp-block-paragraph\">\u2014 O s\u0103 fac exact ce ar face orice om responsabil care preia o companie. O s\u0103 verific contractul, situa\u021bia firmei tale \u0219i capacitatea de plat\u0103. Dac\u0103 exist\u0103 motive comerciale pentru o ree\u0219alonare, o vom discuta.<\/p>\n\n\n\n<p class=\"wp-block-paragraph\">\u2014 At\u00e2t?<\/p>\n\n\n\n<p class=\"wp-block-paragraph\">\u2014 At\u00e2t.<\/p>\n\n\n\n<p class=\"wp-block-paragraph\">Probabil se a\u0219teptase la r\u0103zbunare.<\/p>\n\n\n\n<p class=\"wp-block-paragraph\">Nu aveam nevoie de ea.<\/p>\n\n\n\n<p class=\"wp-block-paragraph\">Firma lui Iulian avea probleme, dar era o afacere real\u0103, cu angaja\u021bi care nu aveau nicio vin\u0103 pentru ceea ce \u00eemi f\u0103cuse el.<\/p>\n\n\n\n<p class=\"wp-block-paragraph\">Am acceptat ulterior o restructurare a datoriei recomandat\u0103 de oamenii care administrau compania.<\/p>\n\n\n\n<p class=\"wp-block-paragraph\">Cu garan\u021bii.<\/p>\n\n\n\n<p class=\"wp-block-paragraph\">Cu termene clare.<\/p>\n\n\n\n<p class=\"wp-block-paragraph\">F\u0103r\u0103 favoruri.<\/p>\n\n\n\n<p class=\"wp-block-paragraph\">Dar nici f\u0103r\u0103 cruzime.<\/p>\n\n\n\n<p class=\"wp-block-paragraph\">C\u00e2teva luni mai t\u00e2rziu, Vanessa m-a sunat.<\/p>\n\n\n\n<p class=\"wp-block-paragraph\">\u2014 Putem s\u0103 ne vedem?<\/p>\n\n\n\n<p class=\"wp-block-paragraph\">Am fost tentat\u0103 s\u0103 refuz.<\/p>\n\n\n\n<p class=\"wp-block-paragraph\">P\u00e2n\u0103 la urm\u0103 am acceptat.<\/p>\n\n\n\n<p class=\"wp-block-paragraph\">Ne-am \u00eent\u00e2lnit \u00eentr-o cafenea.<\/p>\n\n\n\n<p class=\"wp-block-paragraph\">Venise singur\u0103.<\/p>\n\n\n\n<p class=\"wp-block-paragraph\">\u2014 Eu \u0219i Iulian ne desp\u0103r\u021bim, mi-a spus.<\/p>\n\n\n\n<p class=\"wp-block-paragraph\">N-am \u00eentrebat de ce.<\/p>\n\n\n\n<p class=\"wp-block-paragraph\">Nu era problema mea.<\/p>\n\n\n\n<p class=\"wp-block-paragraph\">Dar apoi Vanessa a spus:<\/p>\n\n\n\n<p class=\"wp-block-paragraph\">\u2014 Vreau s\u0103-\u021bi spun ceva despre copil.<\/p>\n\n\n\n<p class=\"wp-block-paragraph\">Am ridicat privirea.<\/p>\n\n\n\n<p class=\"wp-block-paragraph\">\u2014 Ce copil?<\/p>\n\n\n\n<p class=\"wp-block-paragraph\">\u2014 Sarcina de atunci.<\/p>\n\n\n\n<p class=\"wp-block-paragraph\">A f\u0103cut o pauz\u0103.<\/p>\n\n\n\n<p class=\"wp-block-paragraph\">\u2014 Am pierdut-o.<\/p>\n\n\n\n<p class=\"wp-block-paragraph\">N-am spus nimic.<\/p>\n\n\n\n<p class=\"wp-block-paragraph\">\u2014 La c\u00e2teva luni dup\u0103 nunt\u0103.<\/p>\n\n\n\n<p class=\"wp-block-paragraph\">\u0218apte ani nu f\u0103cuser\u0103 acea veste mai pu\u021bin trist\u0103.<\/p>\n\n\n\n<p class=\"wp-block-paragraph\">\u2014 \u00cemi pare r\u0103u.<\/p>\n\n\n\n<p class=\"wp-block-paragraph\">Vanessa s-a uitat surprins\u0103 la mine.<\/p>\n\n\n\n<p class=\"wp-block-paragraph\">\u2014 Serios?<\/p>\n\n\n\n<p class=\"wp-block-paragraph\">\u2014 De ce n-ar fi serios?<\/p>\n\n\n\n<p class=\"wp-block-paragraph\">\u2014 Dup\u0103 ce \u021bi-am f\u0103cut\u2026<\/p>\n\n\n\n<p class=\"wp-block-paragraph\">\u2014 Faptul c\u0103 m-ai r\u0103nit nu \u00eenseamn\u0103 c\u0103 trebuie s\u0103 m\u0103 bucur c\u0103 \u021bi-ai pierdut copilul.<\/p>\n\n\n\n<p class=\"wp-block-paragraph\">Ochii i s-au umplut de lacrimi.<\/p>\n\n\n\n<p class=\"wp-block-paragraph\">\u2014 Dup\u0103 aceea am \u00eencercat ani \u00eentregi.<\/p>\n\n\n\n<p class=\"wp-block-paragraph\">Am \u00een\u021beles atunci de ce expresia ei se schimbase at\u00e2t de tare c\u00e2nd Sofia strigase \u201eMami\u201d \u00een biseric\u0103.<\/p>\n\n\n\n<p class=\"wp-block-paragraph\">Nu fusese doar surpriz\u0103.<\/p>\n\n\n\n<p class=\"wp-block-paragraph\">Fusese \u0219i durere.<\/p>\n\n\n\n<p class=\"wp-block-paragraph\">\u2014 C\u00e2nd te-am v\u0103zut cu ea, a spus Vanessa, mi-am dat seama c\u00e2t de mult m-am min\u021bit.<\/p>\n\n\n\n<p class=\"wp-block-paragraph\">\u2014 Despre ce?<\/p>\n\n\n\n<p class=\"wp-block-paragraph\">\u2014 Despre tine.<\/p>\n\n\n\n<p class=\"wp-block-paragraph\">\u0218i-a \u0219ters obrazul.<\/p>\n\n\n\n<p class=\"wp-block-paragraph\">\u2014 Ani \u00eentregi mi-am spus c\u0103 tu ai pierdut. C\u0103 ai r\u0103mas singur\u0103. C\u0103 Iulian m-a ales pe mine pentru c\u0103 eu aveam ceva ce tu nu aveai.<\/p>\n\n\n\n<p class=\"wp-block-paragraph\">Am l\u0103sat-o s\u0103 continue.<\/p>\n\n\n\n<p class=\"wp-block-paragraph\">\u2014 \u0218i apoi te-am v\u0103zut acolo cu so\u021bul t\u0103u \u0219i cu Sofia\u2026<\/p>\n\n\n\n<p class=\"wp-block-paragraph\">\u2014 Vanessa, opre\u0219te-te.<\/p>\n\n\n\n<p class=\"wp-block-paragraph\">M-a privit.<\/p>\n\n\n\n<p class=\"wp-block-paragraph\">\u2014 Nu ai pierdut tu pentru c\u0103 eu am o familie.<\/p>\n\n\n\n<p class=\"wp-block-paragraph\">\u2014 \u0218tiu.<\/p>\n\n\n\n<p class=\"wp-block-paragraph\">\u2014 \u0218i nici eu n-am c\u00e2\u0219tigat pentru c\u0103 tu te despar\u021bi de Iulian.<\/p>\n\n\n\n<p class=\"wp-block-paragraph\">A \u00eenceput s\u0103 pl\u00e2ng\u0103.<\/p>\n\n\n\n<p class=\"wp-block-paragraph\">\u2014 Atunci ce am f\u0103cut noi?<\/p>\n\n\n\n<p class=\"wp-block-paragraph\">M-am g\u00e2ndit c\u00e2teva secunde.<\/p>\n\n\n\n<p class=\"wp-block-paragraph\">\u2014 Mi-a\u021bi f\u0103cut foarte mult r\u0103u.<\/p>\n\n\n\n<p class=\"wp-block-paragraph\">Am spus-o f\u0103r\u0103 s\u0103 ridic vocea.<\/p>\n\n\n\n<p class=\"wp-block-paragraph\">\u2014 Dar via\u021ba pe care o am acum n-am luat-o de la voi.<\/p>\n\n\n\n<p class=\"wp-block-paragraph\">Pe Andrei \u00eel cunoscusem la aproape doi ani dup\u0103 nunta anulat\u0103.<\/p>\n\n\n\n<p class=\"wp-block-paragraph\">La o \u00eent\u00e2lnire de afaceri.<\/p>\n\n\n\n<p class=\"wp-block-paragraph\">Ne contraziseser\u0103m aproape o or\u0103 asupra unui proiect.<\/p>\n\n\n\n<p class=\"wp-block-paragraph\">La urm\u0103toarea \u00eent\u00e2lnire, din nou.<\/p>\n\n\n\n<p class=\"wp-block-paragraph\">A treia oar\u0103 m-a invitat la cin\u0103.<\/p>\n\n\n\n<p class=\"wp-block-paragraph\">L-am refuzat.<\/p>\n\n\n\n<p class=\"wp-block-paragraph\">Dou\u0103 luni mai t\u00e2rziu a \u00eencercat din nou.<\/p>\n\n\n\n<p class=\"wp-block-paragraph\">Atunci am acceptat.<\/p>\n\n\n\n<p class=\"wp-block-paragraph\">Nu m\u0103 salvase.<\/p>\n\n\n\n<p class=\"wp-block-paragraph\">C\u00e2nd ap\u0103ruse el, eu deja m\u0103 ridicasem.<\/p>\n\n\n\n<p class=\"wp-block-paragraph\">Aveam serviciul meu.<\/p>\n\n\n\n<p class=\"wp-block-paragraph\">Casa mea.<\/p>\n\n\n\n<p class=\"wp-block-paragraph\">Prietenii mei.<\/p>\n\n\n\n<p class=\"wp-block-paragraph\">Via\u021ba mea.<\/p>\n\n\n\n<p class=\"wp-block-paragraph\">Andrei nu venise s\u0103 umple un gol l\u0103sat de Iulian.<\/p>\n\n\n\n<p class=\"wp-block-paragraph\">Venise \u00eentr-o via\u021b\u0103 \u00een care exista deja loc pentru ceva nou.<\/p>\n\n\n\n<p class=\"wp-block-paragraph\">La un an dup\u0103 moartea tatei, am mers \u00eempreun\u0103 cu Andrei \u0219i Sofia la cimitir.<\/p>\n\n\n\n<p class=\"wp-block-paragraph\">Sofia a pus o floare pe morm\u00e2nt.<\/p>\n\n\n\n<p class=\"wp-block-paragraph\">\u2014 Bunicul m\u0103 vede? m-a \u00eentrebat.<\/p>\n\n\n\n<p class=\"wp-block-paragraph\">\u2014 Nu \u0219tiu, iubita mea.<\/p>\n\n\n\n<p class=\"wp-block-paragraph\">S-a g\u00e2ndit pu\u021bin.<\/p>\n\n\n\n<p class=\"wp-block-paragraph\">\u2014 Eu cred c\u0103 da.<\/p>\n\n\n\n<p class=\"wp-block-paragraph\">Andrei mi-a luat m\u00e2na.<\/p>\n\n\n\n<p class=\"wp-block-paragraph\">\u0218i pentru c\u00e2teva secunde m-am g\u00e2ndit la femeia de 32 de ani care st\u0103tuse \u00eentr-un apartament \u0219i \u00ee\u0219i privise logodnicul pun\u00e2ndu-i inelul pe degetul altei femei.<\/p>\n\n\n\n<p class=\"wp-block-paragraph\">\u00cen ziua aceea eram convins\u0103 c\u0103 \u00eemi pierdusem viitorul.<\/p>\n\n\n\n<p class=\"wp-block-paragraph\">\u0218apte ani mai t\u00e2rziu \u00een\u021belegeam c\u00e2t de mult gre\u0219isem.<\/p>\n\n\n\n<p class=\"wp-block-paragraph\">Iulian nu-mi luase \u0219ansa la familie.<\/p>\n\n\n\n<p class=\"wp-block-paragraph\">Vanessa nu-mi luase locul.<\/p>\n\n\n\n<p class=\"wp-block-paragraph\">Iar Andrei nu venise s\u0103 m\u0103 salveze.<\/p>\n\n\n\n<p class=\"wp-block-paragraph\">Pur \u0219i simplu, \u00eentr-o singur\u0103 zi, pierdusem doi oameni care nu meritau locul pe care \u00eel aveau \u00een via\u021ba mea.<\/p>\n\n\n\n<p class=\"wp-block-paragraph\">\u0218i abia dup\u0103 ce au plecat am putut s\u0103 v\u0103d c\u00e2t de mult loc r\u0103m\u0103sese pentru oamenii care aveau s\u0103 merite s\u0103 intre.<\/p>\n","protected":false},"excerpt":{"rendered":"<p>Partea a 2-a \u2013 Continuarea pove\u0219tii \ud83d\udc49 \u2014 Mami! Vocea feti\u021bei a r\u0103sunat prin biseric\u0103. Am uitat pentru o clip\u0103 c\u0103 Iulian \u0219i Vanessa erau l\u00e2ng\u0103 mine. M-am aplecat \u0219i am deschis bra\u021bele. Sofia a venit direct la mine. \u2014 Bun\u0103, iubita mea. Am ridicat-o \u0219i am s\u0103rutat-o pe frunte. \u2014 Ai venit. \u2014 Cu &#8230; <a title=\"\u201eCu o zi \u00eenainte de nunt\u0103, logodnicul meu mi-a spus c\u0103 sora mea vitreg\u0103 este \u00eens\u0103rcinat\u0103 cu copilul lui \u0219i c\u0103 se va \u00eensura cu ea \u00een locul meu.\" class=\"read-more\" href=\"https:\/\/stiri-faine.com\/?p=5885\" aria-label=\"Read more about \u201eCu o zi \u00eenainte de nunt\u0103, logodnicul meu mi-a spus c\u0103 sora mea vitreg\u0103 este \u00eens\u0103rcinat\u0103 cu copilul lui \u0219i c\u0103 se va \u00eensura cu ea \u00een locul meu.\">Read more<\/a><\/p>\n","protected":false},"author":1,"featured_media":0,"comment_status":"open","ping_status":"open","sticky":false,"template":"","format":"standard","meta":{"footnotes":""},"categories":[1],"tags":[],"class_list":["post-5885","post","type-post","status-publish","format-standard","hentry","category-uncategorized"],"_links":{"self":[{"href":"https:\/\/stiri-faine.com\/index.php?rest_route=\/wp\/v2\/posts\/5885","targetHints":{"allow":["GET"]}}],"collection":[{"href":"https:\/\/stiri-faine.com\/index.php?rest_route=\/wp\/v2\/posts"}],"about":[{"href":"https:\/\/stiri-faine.com\/index.php?rest_route=\/wp\/v2\/types\/post"}],"author":[{"embeddable":true,"href":"https:\/\/stiri-faine.com\/index.php?rest_route=\/wp\/v2\/users\/1"}],"replies":[{"embeddable":true,"href":"https:\/\/stiri-faine.com\/index.php?rest_route=%2Fwp%2Fv2%2Fcomments&post=5885"}],"version-history":[{"count":1,"href":"https:\/\/stiri-faine.com\/index.php?rest_route=\/wp\/v2\/posts\/5885\/revisions"}],"predecessor-version":[{"id":5886,"href":"https:\/\/stiri-faine.com\/index.php?rest_route=\/wp\/v2\/posts\/5885\/revisions\/5886"}],"wp:attachment":[{"href":"https:\/\/stiri-faine.com\/index.php?rest_route=%2Fwp%2Fv2%2Fmedia&parent=5885"}],"wp:term":[{"taxonomy":"category","embeddable":true,"href":"https:\/\/stiri-faine.com\/index.php?rest_route=%2Fwp%2Fv2%2Fcategories&post=5885"},{"taxonomy":"post_tag","embeddable":true,"href":"https:\/\/stiri-faine.com\/index.php?rest_route=%2Fwp%2Fv2%2Ftags&post=5885"}],"curies":[{"name":"wp","href":"https:\/\/api.w.org\/{rel}","templated":true}]}}