{"id":5861,"date":"2026-09-01T13:04:26","date_gmt":"2026-09-01T13:04:26","guid":{"rendered":"https:\/\/stiri-faine.com\/?p=5861"},"modified":"2026-09-01T13:04:26","modified_gmt":"2026-09-01T13:04:26","slug":"daca-nu-ti-convine-cum-se-traieste-in-casa-mea-iti-faci-bagajele-si-pleci-mi-a-spus-soacra-mea-dupa-zece-ani-in-care-hotarase-aproape-totul-sub-acoperisul-nostru","status":"publish","type":"post","link":"https:\/\/stiri-faine.com\/?p=5861","title":{"rendered":"\u201eDac\u0103 nu-\u021bi convine cum se tr\u0103ie\u0219te \u00een casa mea, \u00ee\u021bi faci bagajele \u0219i pleci\u201d, mi-a spus soacra mea dup\u0103 zece ani \u00een care hot\u0103r\u00e2se aproape totul sub acoperi\u0219ul nostru"},"content":{"rendered":"\n<p class=\"wp-block-paragraph\">Partea a 2-a \u2013 Continuarea pove\u0219tii \ud83d\udc49 \u2014 Doamn\u0103, cine v-a spus c\u0103 Elena este singura proprietar\u0103 a acestei case?<\/p>\n\n\n\n<p class=\"wp-block-paragraph\">M-am uitat din nou la document.<\/p>\n\n\n\n<p class=\"wp-block-paragraph\">\u2014 Ea. Soacra mea. De zece ani.<\/p>\n\n\n\n<p class=\"wp-block-paragraph\">B\u0103rbatul a apropiat foaia.<\/p>\n\n\n\n<p class=\"wp-block-paragraph\">\u2014 Din situa\u021bia actual\u0103 rezult\u0103 c\u0103 doamna Elena de\u021bine o cot\u0103 din imobil. Nu \u00eentregul imobil.<\/p>\n\n\n\n<p class=\"wp-block-paragraph\">Am sim\u021bit c\u0103 nu \u00een\u021beleg.<\/p>\n\n\n\n<p class=\"wp-block-paragraph\">\u2014 \u0218i restul?<\/p>\n\n\n\n<p class=\"wp-block-paragraph\">Mi-a ar\u0103tat al doilea nume.<\/p>\n\n\n\n<p class=\"wp-block-paragraph\">\u2014 Mihai.<\/p>\n\n\n\n<p class=\"wp-block-paragraph\">\u2014 Fratele ei.<\/p>\n\n\n\n<p class=\"wp-block-paragraph\">\u2014 Din documentele acestea, da. Drepturile asupra propriet\u0103\u021bii sunt \u00eemp\u0103r\u021bite.<\/p>\n\n\n\n<p class=\"wp-block-paragraph\">Am r\u0103mas cu m\u00e2inile pe genunchi.<\/p>\n\n\n\n<p class=\"wp-block-paragraph\">Nu era casa mea.<\/p>\n\n\n\n<p class=\"wp-block-paragraph\">Asta nu se schimbase.<\/p>\n\n\n\n<p class=\"wp-block-paragraph\">Dar nu era nici \u00eemp\u0103r\u0103\u021bia \u00een care doamna Elena putea hot\u0103r\u00ee singur\u0103 cine are voie s\u0103 respire.<\/p>\n\n\n\n<p class=\"wp-block-paragraph\">\u2014 Deci nu poate decide singur\u0103 c\u0103 ne d\u0103 afar\u0103?<\/p>\n\n\n\n<p class=\"wp-block-paragraph\">\u2014 Situa\u021biile de proprietate \u0219i folosin\u021b\u0103 pot fi mai complicate dec\u00e2t at\u00e2t. Dac\u0103 ave\u021bi un conflict real, discuta\u021bi cu un avocat \u00eenainte s\u0103 lua\u021bi vreo decizie.<\/p>\n\n\n\n<p class=\"wp-block-paragraph\">Am dat din cap.<\/p>\n\n\n\n<p class=\"wp-block-paragraph\">Nu venisem s\u0103 g\u0103sesc o metod\u0103 prin care s-o dau eu afar\u0103 pe soacra mea.<\/p>\n\n\n\n<p class=\"wp-block-paragraph\">Voiam doar s\u0103 \u0219tiu adev\u0103rul.<\/p>\n\n\n\n<p class=\"wp-block-paragraph\">Iar adev\u0103rul era suficient.<\/p>\n\n\n\n<p class=\"wp-block-paragraph\">\u00cen drum spre cas\u0103 m-am g\u00e2ndit la toate d\u0103\u021bile c\u00e2nd auzisem:<\/p>\n\n\n\n<p class=\"wp-block-paragraph\">\u201eCasa mea.\u201d<\/p>\n\n\n\n<p class=\"wp-block-paragraph\">C\u00e2nd mama mea venise \u00een vizit\u0103 \u0219i fusese f\u0103cut\u0103 s\u0103 se simt\u0103 prost.<\/p>\n\n\n\n<p class=\"wp-block-paragraph\">C\u00e2nd schimbasem perdelele \u0219i le g\u0103sisem a doua zi \u00eempachetate.<\/p>\n\n\n\n<p class=\"wp-block-paragraph\">C\u00e2nd voiam s\u0103 cump\u0103r\u0103m mobil\u0103 nou\u0103 \u0219i doamna Elena spusese:<\/p>\n\n\n\n<p class=\"wp-block-paragraph\">\u2014 Nu schimba\u021bi nimic f\u0103r\u0103 mine. Eu hot\u0103r\u0103sc aici.<\/p>\n\n\n\n<p class=\"wp-block-paragraph\">\u0218i mai ales la toate serile \u00een care Andrei \u00eemi spusese:<\/p>\n\n\n\n<p class=\"wp-block-paragraph\">\u2014 Ce vrei s\u0103 fac, Elena? E casa ei.<\/p>\n\n\n\n<p class=\"wp-block-paragraph\">C\u00e2nd am intrat, el era \u00een buc\u0103t\u0103rie.<\/p>\n\n\n\n<p class=\"wp-block-paragraph\">Am pus geanta jos.<\/p>\n\n\n\n<p class=\"wp-block-paragraph\">\u2014 Trebuie s\u0103 vorbim.<\/p>\n\n\n\n<p class=\"wp-block-paragraph\">\u2014 Ce s-a \u00eent\u00e2mplat?<\/p>\n\n\n\n<p class=\"wp-block-paragraph\">Am scos documentele.<\/p>\n\n\n\n<p class=\"wp-block-paragraph\">C\u00e2nd le-a v\u0103zut, expresia lui s-a schimbat.<\/p>\n\n\n\n<p class=\"wp-block-paragraph\">\u2014 Ai fost s\u0103 verifici?<\/p>\n\n\n\n<p class=\"wp-block-paragraph\">\u2014 Da.<\/p>\n\n\n\n<p class=\"wp-block-paragraph\">A r\u0103mas t\u0103cut.<\/p>\n\n\n\n<p class=\"wp-block-paragraph\">\u2014 Casa nu este doar a mamei tale.<\/p>\n\n\n\n<p class=\"wp-block-paragraph\">\u2014 Elena\u2026<\/p>\n\n\n\n<p class=\"wp-block-paragraph\">Tonul lui mi-a ridicat imediat un semn de \u00eentrebare.<\/p>\n\n\n\n<p class=\"wp-block-paragraph\">\u2014 Ce?<\/p>\n\n\n\n<p class=\"wp-block-paragraph\">\u2014 \u0218tiam c\u0103 unchiul Mihai ap\u0103ruse la succesiune.<\/p>\n\n\n\n<p class=\"wp-block-paragraph\">Am sim\u021bit cum mi se str\u00e2nge stomacul.<\/p>\n\n\n\n<p class=\"wp-block-paragraph\">\u2014 \u0218tiai?<\/p>\n\n\n\n<p class=\"wp-block-paragraph\">\u2014 Nu exact.<\/p>\n\n\n\n<p class=\"wp-block-paragraph\">\u2014 Andrei, ori \u0219tiai, ori nu \u0219tiai.<\/p>\n\n\n\n<p class=\"wp-block-paragraph\">\u0218i-a trecut m\u00e2na prin p\u0103r.<\/p>\n\n\n\n<p class=\"wp-block-paragraph\">\u2014 C\u00e2nd au murit bunicii, mama \u0219i unchiul Mihai au mo\u0219tenit casa. Asta \u0219tiam.<\/p>\n\n\n\n<p class=\"wp-block-paragraph\">Am r\u0103mas cu ochii la el.<\/p>\n\n\n\n<p class=\"wp-block-paragraph\">\u2014 \u0218i dup\u0103 aceea?<\/p>\n\n\n\n<p class=\"wp-block-paragraph\">\u2014 Mama mi-a spus c\u0103 a rezolvat lucrurile cu el.<\/p>\n\n\n\n<p class=\"wp-block-paragraph\">\u2014 Ce \u00eenseamn\u0103 \u201ea rezolvat\u201d?<\/p>\n\n\n\n<p class=\"wp-block-paragraph\">\u2014 Nu \u0219tiu. Am presupus c\u0103 partea lui a r\u0103mas mamei.<\/p>\n\n\n\n<p class=\"wp-block-paragraph\">\u2014 Ai v\u0103zut vreun act?<\/p>\n\n\n\n<p class=\"wp-block-paragraph\">\u2014 Nu.<\/p>\n\n\n\n<p class=\"wp-block-paragraph\">\u2014 Ai \u00eentrebat vreodat\u0103?<\/p>\n\n\n\n<p class=\"wp-block-paragraph\">\u2014 Nu.<\/p>\n\n\n\n<p class=\"wp-block-paragraph\">Mi-a venit s\u0103 r\u00e2d.<\/p>\n\n\n\n<p class=\"wp-block-paragraph\">Dar eram prea furioas\u0103.<\/p>\n\n\n\n<p class=\"wp-block-paragraph\">\u2014 Zece ani, Andrei.<\/p>\n\n\n\n<p class=\"wp-block-paragraph\">\u2014 \u0218tiu.<\/p>\n\n\n\n<p class=\"wp-block-paragraph\">\u2014 Zece ani mi-ai spus \u201ee casa mamei\u201d.<\/p>\n\n\n\n<p class=\"wp-block-paragraph\">\u2014 Pentru c\u0103 asta am crezut.<\/p>\n\n\n\n<p class=\"wp-block-paragraph\">\u2014 Nu. Ai presupus.<\/p>\n\n\n\n<p class=\"wp-block-paragraph\">A t\u0103cut.<\/p>\n\n\n\n<p class=\"wp-block-paragraph\">\u2014 \u0218i de fiecare dat\u0103 c\u00e2nd m\u0103 amenin\u021ba c\u0103 m\u0103 d\u0103 afar\u0103, nici m\u0103car nu te-ai obosit s\u0103 afli dac\u0103 ceea ce spune este adev\u0103rat.<\/p>\n\n\n\n<p class=\"wp-block-paragraph\">\u2014 Nu credeam c\u0103 vorbe\u0219te serios.<\/p>\n\n\n\n<p class=\"wp-block-paragraph\">\u2014 Eu trebuia s\u0103 cred.<\/p>\n\n\n\n<p class=\"wp-block-paragraph\">A ridicat privirea.<\/p>\n\n\n\n<p class=\"wp-block-paragraph\">\u2014 Ce vrei s\u0103 fac acum?<\/p>\n\n\n\n<p class=\"wp-block-paragraph\">\u00centrebarea aceea m-a enervat aproape la fel de tare ca tot restul.<\/p>\n\n\n\n<p class=\"wp-block-paragraph\">\u2014 Pentru prima dat\u0103, Andrei, vreau s\u0103 nu-mi mai ceri mie s\u0103-\u021bi spun ce trebuie s\u0103 faci.<\/p>\n\n\n\n<p class=\"wp-block-paragraph\">\u00cen seara aceea n-am confruntat-o pe doamna Elena.<\/p>\n\n\n\n<p class=\"wp-block-paragraph\">Am vrut s\u0103 v\u0103d dac\u0103 Andrei avea s\u0103 fac\u0103 ceva singur.<\/p>\n\n\n\n<p class=\"wp-block-paragraph\">A doua zi, la cin\u0103, n-a fost nevoie s\u0103 a\u0219tept\u0103m mult.<\/p>\n\n\n\n<p class=\"wp-block-paragraph\">Mama lui a observat c\u0103 mutasem un fotoliu mai aproape de fereastr\u0103.<\/p>\n\n\n\n<p class=\"wp-block-paragraph\">\u2014 Cine a mutat asta?<\/p>\n\n\n\n<p class=\"wp-block-paragraph\">\u2014 Eu, am spus.<\/p>\n\n\n\n<p class=\"wp-block-paragraph\">\u2014 De ce?<\/p>\n\n\n\n<p class=\"wp-block-paragraph\">\u2014 Pentru c\u0103 acolo \u00eemi place.<\/p>\n\n\n\n<p class=\"wp-block-paragraph\">S-a uitat la mine.<\/p>\n\n\n\n<p class=\"wp-block-paragraph\">\u2014 Elena, de c\u00e2te ori trebuie s\u0103 spun c\u0103 nu vreau s\u0103 schimba\u021bi casa dup\u0103 capul vostru?<\/p>\n\n\n\n<p class=\"wp-block-paragraph\">N-am r\u0103spuns.<\/p>\n\n\n\n<p class=\"wp-block-paragraph\">M-am uitat la Andrei.<\/p>\n\n\n\n<p class=\"wp-block-paragraph\">\u0218i el a \u00een\u021beles.<\/p>\n\n\n\n<p class=\"wp-block-paragraph\">\u2014 Mam\u0103, a spus.<\/p>\n\n\n\n<p class=\"wp-block-paragraph\">Doamna Elena s-a \u00eentors spre el.<\/p>\n\n\n\n<p class=\"wp-block-paragraph\">\u2014 Ce?<\/p>\n\n\n\n<p class=\"wp-block-paragraph\">\u2014 Las\u0103 fotoliul acolo.<\/p>\n\n\n\n<p class=\"wp-block-paragraph\">\u2014 Nu despre fotoliu este vorba.<\/p>\n\n\n\n<p class=\"wp-block-paragraph\">\u2014 \u0218tiu.<\/p>\n\n\n\n<p class=\"wp-block-paragraph\">A l\u0103sat furculi\u021ba jos.<\/p>\n\n\n\n<p class=\"wp-block-paragraph\">\u2014 Trebuie s\u0103 discut\u0103m despre cas\u0103.<\/p>\n\n\n\n<p class=\"wp-block-paragraph\">Am v\u0103zut pentru prima dat\u0103 o urm\u0103 de nelini\u0219te pe chipul ei.<\/p>\n\n\n\n<p class=\"wp-block-paragraph\">\u2014 Ce s\u0103 discut\u0103m?<\/p>\n\n\n\n<p class=\"wp-block-paragraph\">Andrei a pus documentul pe mas\u0103.<\/p>\n\n\n\n<p class=\"wp-block-paragraph\">Nu peste farfuria ei.<\/p>\n\n\n\n<p class=\"wp-block-paragraph\">Nu teatral.<\/p>\n\n\n\n<p class=\"wp-block-paragraph\">Pur \u0219i simplu \u00een fa\u021ba ei.<\/p>\n\n\n\n<p class=\"wp-block-paragraph\">\u2014 Despre unchiul Mihai.<\/p>\n\n\n\n<p class=\"wp-block-paragraph\">Doamna Elena a \u00eencremenit.<\/p>\n\n\n\n<p class=\"wp-block-paragraph\">At\u00e2t a fost nevoie.<\/p>\n\n\n\n<p class=\"wp-block-paragraph\">Am \u0219tiut c\u0103 \u0219tia.<\/p>\n\n\n\n<p class=\"wp-block-paragraph\">\u2014 Ce leg\u0103tur\u0103 are Mihai?<\/p>\n\n\n\n<p class=\"wp-block-paragraph\">\u2014 Apare \u00een continuare \u00een acte.<\/p>\n\n\n\n<p class=\"wp-block-paragraph\">A urmat o t\u0103cere lung\u0103.<\/p>\n\n\n\n<p class=\"wp-block-paragraph\">\u2014 Cine v-a dat voie s\u0103 umbla\u021bi prin actele mele?<\/p>\n\n\n\n<p class=\"wp-block-paragraph\">Am sim\u021bit cum furia \u00eemi urc\u0103 din nou.<\/p>\n\n\n\n<p class=\"wp-block-paragraph\">Dar Andrei a r\u0103spuns \u00eenaintea mea.<\/p>\n\n\n\n<p class=\"wp-block-paragraph\">\u2014 Nu schimba subiectul, mam\u0103.<\/p>\n\n\n\n<p class=\"wp-block-paragraph\">M-am uitat la el.<\/p>\n\n\n\n<p class=\"wp-block-paragraph\">Era prima dat\u0103 c\u00e2nd \u00eel auzeam vorbindu-i a\u0219a.<\/p>\n\n\n\n<p class=\"wp-block-paragraph\">\u2014 Este sau nu este \u0219i Mihai proprietar?<\/p>\n\n\n\n<p class=\"wp-block-paragraph\">Doamna Elena \u0219i-a str\u00e2ns buzele.<\/p>\n\n\n\n<p class=\"wp-block-paragraph\">\u2014 Este o situa\u021bie veche.<\/p>\n\n\n\n<p class=\"wp-block-paragraph\">\u2014 Asta nu este un r\u0103spuns.<\/p>\n\n\n\n<p class=\"wp-block-paragraph\">\u2014 Fratele meu a plecat de aici acum aproape treizeci de ani. N-a pus un leu \u00een casa asta. Eu am r\u0103mas. Eu am reparat acoperi\u0219ul. Eu am pl\u0103tit impozitele. Eu am avut grij\u0103 de p\u0103rin\u021bi.<\/p>\n\n\n\n<p class=\"wp-block-paragraph\">\u2014 Nu te-am \u00eentrebat cine a muncit mai mult, a spus Andrei. Te-am \u00eentrebat dac\u0103 \u0219i el are o parte din cas\u0103.<\/p>\n\n\n\n<p class=\"wp-block-paragraph\">\u00cen cele din urm\u0103, a r\u0103spuns:<\/p>\n\n\n\n<p class=\"wp-block-paragraph\">\u2014 Da.<\/p>\n\n\n\n<p class=\"wp-block-paragraph\">Un singur cuv\u00e2nt.<\/p>\n\n\n\n<p class=\"wp-block-paragraph\">Zece ani de \u201ecasa mea\u201d s-au pr\u0103bu\u0219it \u00eentr-un \u201eda\u201d.<\/p>\n\n\n\n<p class=\"wp-block-paragraph\">\u2014 De ce nu ne-ai spus? am \u00eentrebat.<\/p>\n\n\n\n<p class=\"wp-block-paragraph\">\u2014 Pentru c\u0103 nu era treaba ta.<\/p>\n\n\n\n<p class=\"wp-block-paragraph\">\u2014 Dar era treaba mea c\u00e2nd \u00eemi ar\u0103tai u\u0219a.<\/p>\n\n\n\n<p class=\"wp-block-paragraph\">\u2014 Eu locuiesc aici de o via\u021b\u0103!<\/p>\n\n\n\n<p class=\"wp-block-paragraph\">\u2014 \u0218i eu de zece ani.<\/p>\n\n\n\n<p class=\"wp-block-paragraph\">\u2014 Nu compara.<\/p>\n\n\n\n<p class=\"wp-block-paragraph\">\u2014 Nu compar. \u00cencerc s\u0103 \u00een\u021beleg de ce ai avut nevoie s\u0103 m\u0103 faci s\u0103 cred c\u0103 po\u021bi decide singur\u0103 dac\u0103 m\u00e2ine mai am voie s\u0103 locuiesc aici.<\/p>\n\n\n\n<p class=\"wp-block-paragraph\">A ridicat vocea.<\/p>\n\n\n\n<p class=\"wp-block-paragraph\">\u2014 Pentru c\u0103 dac\u0103 nu \u021bineam eu casa asta \u00een m\u00e2n\u0103, se alegea praful!<\/p>\n\n\n\n<p class=\"wp-block-paragraph\">\u2014 Mam\u0103, ajunge, a spus Andrei.<\/p>\n\n\n\n<p class=\"wp-block-paragraph\">\u2014 Tu s\u0103 nu-mi vorbe\u0219ti mie a\u0219a!<\/p>\n\n\n\n<p class=\"wp-block-paragraph\">\u2014 Atunci cum s\u0103-\u021bi vorbesc?<\/p>\n\n\n\n<p class=\"wp-block-paragraph\">Vocea lui nu era ridicat\u0103.<\/p>\n\n\n\n<p class=\"wp-block-paragraph\">\u0218i tocmai de aceea am sim\u021bit c\u0103, pentru prima dat\u0103, vorbe\u0219te serios.<\/p>\n\n\n\n<p class=\"wp-block-paragraph\">\u2014 Ani \u00eentregi ai folosit casa ca s\u0103-i \u00eenchizi gura Elenei. Iar eu te-am l\u0103sat.<\/p>\n\n\n\n<p class=\"wp-block-paragraph\">Doamna Elena s-a uitat la fiul ei de parc\u0103 tocmai o tr\u0103dase.<\/p>\n\n\n\n<p class=\"wp-block-paragraph\">\u2014 Dup\u0103 tot ce am f\u0103cut pentru voi?<\/p>\n\n\n\n<p class=\"wp-block-paragraph\">\u2014 Faptul c\u0103 ne-ai ajutat nu-\u021bi d\u0103 dreptul s-o amenin\u021bi.<\/p>\n\n\n\n<p class=\"wp-block-paragraph\">\u2014 V-am primit aici!<\/p>\n\n\n\n<p class=\"wp-block-paragraph\">\u2014 Da. \u0218i \u00ee\u021bi suntem recunosc\u0103tori.<\/p>\n\n\n\n<p class=\"wp-block-paragraph\">Apoi Andrei a spus ceva ce eu a\u0219teptasem zece ani s\u0103 aud.<\/p>\n\n\n\n<p class=\"wp-block-paragraph\">\u2014 Dar recuno\u0219tin\u021ba nu \u00eenseamn\u0103 supunere.<\/p>\n\n\n\n<p class=\"wp-block-paragraph\">Doamna Elena s-a ridicat de la mas\u0103.<\/p>\n\n\n\n<p class=\"wp-block-paragraph\">\u2014 Atunci pleca\u021bi! Dac\u0103 sunt at\u00e2t de rea, pleca\u021bi!<\/p>\n\n\n\n<p class=\"wp-block-paragraph\">\u00cenainte, replica aceea m-ar fi speriat.<\/p>\n\n\n\n<p class=\"wp-block-paragraph\">De data aceasta nu.<\/p>\n\n\n\n<p class=\"wp-block-paragraph\">M-am uitat la Andrei.<\/p>\n\n\n\n<p class=\"wp-block-paragraph\">El s-a uitat la mine.<\/p>\n\n\n\n<p class=\"wp-block-paragraph\">\u2014 Bine, a spus.<\/p>\n\n\n\n<p class=\"wp-block-paragraph\">Mama lui s-a oprit.<\/p>\n\n\n\n<p class=\"wp-block-paragraph\">\u2014 Ce?<\/p>\n\n\n\n<p class=\"wp-block-paragraph\">\u2014 Dac\u0103 singura variant\u0103 prin care putem locui aici este ca Elena s\u0103 accepte s\u0103 fie amenin\u021bat\u0103 de fiecare dat\u0103 c\u00e2nd nu-\u021bi convine ceva, atunci ne mut\u0103m.<\/p>\n\n\n\n<p class=\"wp-block-paragraph\">\u2014 \u0218i unde v\u0103 duce\u021bi?<\/p>\n\n\n\n<p class=\"wp-block-paragraph\">\u2014 \u00cen chirie.<\/p>\n\n\n\n<p class=\"wp-block-paragraph\">\u2014 O s\u0103 arunca\u021bi bani pe geam doar ca s\u0103-i faci ei pe plac?<\/p>\n\n\n\n<p class=\"wp-block-paragraph\">Andrei a r\u0103mas calm.<\/p>\n\n\n\n<p class=\"wp-block-paragraph\">\u2014 Nu. O s\u0103 pl\u0103tesc pentru lini\u0219tea familiei mele.<\/p>\n\n\n\n<p class=\"wp-block-paragraph\">Nu ne-am f\u0103cut bagajele \u00een seara aceea.<\/p>\n\n\n\n<p class=\"wp-block-paragraph\">Nici nu aveam unde s\u0103 plec\u0103m imediat.<\/p>\n\n\n\n<p class=\"wp-block-paragraph\">Dar \u00een s\u0103pt\u0103m\u00e2na urm\u0103toare am \u00eenceput s\u0103 c\u0103ut\u0103m apartamente.<\/p>\n\n\n\n<p class=\"wp-block-paragraph\">Doamna Elena a crezut la \u00eenceput c\u0103 este doar o amenin\u021bare.<\/p>\n\n\n\n<p class=\"wp-block-paragraph\">C\u00e2nd ne-a v\u0103zut merg\u00e2nd la vizion\u0103ri, tonul ei s-a schimbat.<\/p>\n\n\n\n<p class=\"wp-block-paragraph\">\u2014 Chiar vre\u021bi s\u0103 pleca\u021bi?<\/p>\n\n\n\n<p class=\"wp-block-paragraph\">\u2014 Da, a spus Andrei.<\/p>\n\n\n\n<p class=\"wp-block-paragraph\">\u2014 \u0218i m\u0103 l\u0103sa\u021bi singur\u0103 aici?<\/p>\n\n\n\n<p class=\"wp-block-paragraph\">Acolo lucrurile au devenit mai grele.<\/p>\n\n\n\n<p class=\"wp-block-paragraph\">Pentru c\u0103, dincolo de control, de repro\u0219uri \u0219i de minciuna prin omisiune, era o femeie \u00een v\u00e2rst\u0103 care se temea s\u0103 r\u0103m\u00e2n\u0103 singur\u0103.<\/p>\n\n\n\n<p class=\"wp-block-paragraph\">Am putut s\u0103 \u00een\u021beleg frica aceea.<\/p>\n\n\n\n<p class=\"wp-block-paragraph\">Dar nu mai eram dispus\u0103 s\u0103 tr\u0103iesc \u00een ea.<\/p>\n\n\n\n<p class=\"wp-block-paragraph\">\u2014 Nu disp\u0103rem din via\u021ba dumneavoastr\u0103, i-am spus. Dar avem nevoie de casa noastr\u0103.<\/p>\n\n\n\n<p class=\"wp-block-paragraph\">\u2014 Asta este \u0219i casa voastr\u0103.<\/p>\n\n\n\n<p class=\"wp-block-paragraph\">Am privit-o.<\/p>\n\n\n\n<p class=\"wp-block-paragraph\">\u2014 Nu m-am sim\u021bit niciodat\u0103 a\u0219a aici.<\/p>\n\n\n\n<p class=\"wp-block-paragraph\">N-a r\u0103spuns.<\/p>\n\n\n\n<p class=\"wp-block-paragraph\">Am g\u0103sit un apartament cu dou\u0103 camere.<\/p>\n\n\n\n<p class=\"wp-block-paragraph\">Mai mic dec\u00e2t spa\u021biul pe care \u00eel aveam.<\/p>\n\n\n\n<p class=\"wp-block-paragraph\">La etajul trei.<\/p>\n\n\n\n<p class=\"wp-block-paragraph\">F\u0103r\u0103 curte.<\/p>\n\n\n\n<p class=\"wp-block-paragraph\">Chiria ne obliga s\u0103 fim mai aten\u021bi la bani.<\/p>\n\n\n\n<p class=\"wp-block-paragraph\">\u00cen prima sear\u0103 am m\u00e2ncat pizza din cutie pentru c\u0103 \u00eenc\u0103 nu g\u0103sisem toate farfuriile.<\/p>\n\n\n\n<p class=\"wp-block-paragraph\">Andrei st\u0103tea pe podea, rezemat de canapea.<\/p>\n\n\n\n<p class=\"wp-block-paragraph\">M-am uitat la pere\u021bii aproape goi.<\/p>\n\n\n\n<p class=\"wp-block-paragraph\">\u2014 \u00ce\u021bi pare r\u0103u? m-a \u00eentrebat.<\/p>\n\n\n\n<p class=\"wp-block-paragraph\">M-am g\u00e2ndit.<\/p>\n\n\n\n<p class=\"wp-block-paragraph\">\u2014 Pentru curte, pu\u021bin.<\/p>\n\n\n\n<p class=\"wp-block-paragraph\">A z\u00e2mbit.<\/p>\n\n\n\n<p class=\"wp-block-paragraph\">\u2014 Pentru cas\u0103?<\/p>\n\n\n\n<p class=\"wp-block-paragraph\">\u2014 Nu.<\/p>\n\n\n\n<p class=\"wp-block-paragraph\">\u2014 Pentru mama?<\/p>\n\n\n\n<p class=\"wp-block-paragraph\">\u2014 Nu am plecat de l\u00e2ng\u0103 mama ta. Am plecat de sub autoritatea ei.<\/p>\n\n\n\n<p class=\"wp-block-paragraph\">A dat \u00eencet din cap.<\/p>\n\n\n\n<p class=\"wp-block-paragraph\">\u2014 Trebuia s\u0103 fac asta mai devreme.<\/p>\n\n\n\n<p class=\"wp-block-paragraph\">\u2014 Da.<\/p>\n\n\n\n<p class=\"wp-block-paragraph\">Nu l-am cru\u021bat.<\/p>\n\n\n\n<p class=\"wp-block-paragraph\">Aveam nevoie s\u0103 \u0219tie.<\/p>\n\n\n\n<p class=\"wp-block-paragraph\">\u2014 Am crezut c\u0103 dac\u0103 nu m\u0103 bag \u00eentre voi, p\u0103strez pacea.<\/p>\n\n\n\n<p class=\"wp-block-paragraph\">\u2014 N-ai p\u0103strat pacea, Andrei. Ai l\u0103sat conflictul la mine.<\/p>\n\n\n\n<p class=\"wp-block-paragraph\">\u2014 \u0218tiu.<\/p>\n\n\n\n<p class=\"wp-block-paragraph\">\u2014 \u0218i faptul c\u0103 mama ta a min\u021bit prin omisiune nu schimb\u0103 faptul c\u0103 tu ai ales zece ani s\u0103 nu \u00eentrebi nimic.<\/p>\n\n\n\n<p class=\"wp-block-paragraph\">\u2014 \u0218tiu \u0219i asta.<\/p>\n\n\n\n<p class=\"wp-block-paragraph\">A fost \u00eenceputul unei schimb\u0103ri mult mai importante dec\u00e2t mutarea.<\/p>\n\n\n\n<p class=\"wp-block-paragraph\">Rela\u021bia cu doamna Elena n-a devenit minunat\u0103.<\/p>\n\n\n\n<p class=\"wp-block-paragraph\">O vreme a fost rece.<\/p>\n\n\n\n<p class=\"wp-block-paragraph\">Apoi a \u00eenceput s\u0103 ne sune.<\/p>\n\n\n\n<p class=\"wp-block-paragraph\">Mai \u00eent\u00e2i pe Andrei.<\/p>\n\n\n\n<p class=\"wp-block-paragraph\">Dup\u0103 c\u00e2teva luni, \u0219i pe mine.<\/p>\n\n\n\n<p class=\"wp-block-paragraph\">Prima dat\u0103 c\u00e2nd ne-a vizitat \u00een apartamentul nostru, s-a uitat la perdelele pe care le alesesem.<\/p>\n\n\n\n<p class=\"wp-block-paragraph\">Am v\u0103zut-o cum inspir\u0103.<\/p>\n\n\n\n<p class=\"wp-block-paragraph\">Aproape c\u0103 \u0219tiam ce urmeaz\u0103.<\/p>\n\n\n\n<p class=\"wp-block-paragraph\">\u2014 Eu a\u0219 fi ales unele mai\u2026<\/p>\n\n\n\n<p class=\"wp-block-paragraph\">S-a oprit.<\/p>\n\n\n\n<p class=\"wp-block-paragraph\">M-am uitat la ea.<\/p>\n\n\n\n<p class=\"wp-block-paragraph\">\u2014 Mai ce?<\/p>\n\n\n\n<p class=\"wp-block-paragraph\">A ezitat.<\/p>\n\n\n\n<p class=\"wp-block-paragraph\">\u2014 Nimic. Sunt ale voastre.<\/p>\n\n\n\n<p class=\"wp-block-paragraph\">Nu a fost o scuz\u0103.<\/p>\n\n\n\n<p class=\"wp-block-paragraph\">Dar a fost un \u00eenceput.<\/p>\n\n\n\n<p class=\"wp-block-paragraph\">Despre casa veche, Andrei a vorbit ulterior \u0219i cu unchiul Mihai.<\/p>\n\n\n\n<p class=\"wp-block-paragraph\">Fra\u021bii aveau s\u0103-\u0219i clarifice singuri situa\u021bia propriet\u0103\u021bii.<\/p>\n\n\n\n<p class=\"wp-block-paragraph\">Eu n-am mai vrut s\u0103 transform asta \u00een lupta mea.<\/p>\n\n\n\n<p class=\"wp-block-paragraph\">Nu m\u0103 interesa s\u0103 folosesc partea lui Mihai \u00eempotriva doamnei Elena.<\/p>\n\n\n\n<p class=\"wp-block-paragraph\">Nu voiam s\u0103 schimb o amenin\u021bare cu alta.<\/p>\n\n\n\n<p class=\"wp-block-paragraph\">Asta ar fi \u00eensemnat s\u0103 continu\u0103m exact acela\u0219i joc.<\/p>\n\n\n\n<p class=\"wp-block-paragraph\">Doar cu puterea mutat\u0103 dintr-o m\u00e2n\u0103 \u00een alta.<\/p>\n\n\n\n<p class=\"wp-block-paragraph\">Eu voiam s\u0103 ies din joc.<\/p>\n\n\n\n<p class=\"wp-block-paragraph\">Ast\u0103zi, c\u00e2nd mergem \u00een vizit\u0103 la doamna Elena, intru \u00een casa aceea altfel.<\/p>\n\n\n\n<p class=\"wp-block-paragraph\">Nu pentru c\u0103 \u0219tiu c\u0103 nu este singura proprietar\u0103.<\/p>\n\n\n\n<p class=\"wp-block-paragraph\">Ci pentru c\u0103 nu mai depind de proprietatea ei.<\/p>\n\n\n\n<p class=\"wp-block-paragraph\">Dac\u0103 mut\u0103 un scaun, nu m\u0103 intereseaz\u0103.<\/p>\n\n\n\n<p class=\"wp-block-paragraph\">Dac\u0103 vrea alte perdele, sunt perdelele ei.<\/p>\n\n\n\n<p class=\"wp-block-paragraph\">Dac\u0103 \u00eemi spune cum s\u0103 g\u0103tesc, \u00eei pot r\u0103spunde:<\/p>\n\n\n\n<p class=\"wp-block-paragraph\">\u2014 La dumneavoastr\u0103 facem cum dori\u021bi. La mine acas\u0103 fac cum vreau eu.<\/p>\n\n\n\n<p class=\"wp-block-paragraph\">\u0218i z\u00e2mbesc.<\/p>\n\n\n\n<p class=\"wp-block-paragraph\">Pentru c\u0103 am \u00een\u021beles ceva ce ar fi trebuit s\u0103 \u00een\u021beleg cu mult \u00eenainte s\u0103 g\u0103sesc dosarul acela \u00een pod:<\/p>\n\n\n\n<p class=\"wp-block-paragraph\">problema nu fusese niciodat\u0103 doar cine avea numele trecut pe o bucat\u0103 de h\u00e2rtie.<\/p>\n\n\n\n<p class=\"wp-block-paragraph\">Problema fusese c\u0103, timp de zece ani, l\u0103sasem frica de a pierde ni\u0219te pere\u021bi s\u0103 decid\u0103 c\u00e2t respect merit \u00een interiorul lor.<\/p>\n\n\n\n<p class=\"wp-block-paragraph\">Am plecat \u00eentr-un apartament mai mic \u0219i am \u00eenceput s\u0103 pl\u0103tesc chirie.<\/p>\n\n\n\n<p class=\"wp-block-paragraph\">Dar pentru prima dat\u0103 dup\u0103 foarte mul\u021bi ani, c\u00e2nd am \u00eenchis u\u0219a \u00een urma mea, n-am mai sim\u021bit c\u0103 sunt musafir\u0103 \u00een propria via\u021b\u0103.<\/p>\n","protected":false},"excerpt":{"rendered":"<p>Partea a 2-a \u2013 Continuarea pove\u0219tii \ud83d\udc49 \u2014 Doamn\u0103, cine v-a spus c\u0103 Elena este singura proprietar\u0103 a acestei case? M-am uitat din nou la document. \u2014 Ea. Soacra mea. De zece ani. B\u0103rbatul a apropiat foaia. \u2014 Din situa\u021bia actual\u0103 rezult\u0103 c\u0103 doamna Elena de\u021bine o cot\u0103 din imobil. Nu \u00eentregul imobil. Am sim\u021bit &#8230; <a title=\"\u201eDac\u0103 nu-\u021bi convine cum se tr\u0103ie\u0219te \u00een casa mea, \u00ee\u021bi faci bagajele \u0219i pleci\u201d, mi-a spus soacra mea dup\u0103 zece ani \u00een care hot\u0103r\u00e2se aproape totul sub acoperi\u0219ul nostru\" class=\"read-more\" href=\"https:\/\/stiri-faine.com\/?p=5861\" aria-label=\"Read more about \u201eDac\u0103 nu-\u021bi convine cum se tr\u0103ie\u0219te \u00een casa mea, \u00ee\u021bi faci bagajele \u0219i pleci\u201d, mi-a spus soacra mea dup\u0103 zece ani \u00een care hot\u0103r\u00e2se aproape totul sub acoperi\u0219ul nostru\">Read more<\/a><\/p>\n","protected":false},"author":1,"featured_media":0,"comment_status":"open","ping_status":"open","sticky":false,"template":"","format":"standard","meta":{"footnotes":""},"categories":[1],"tags":[],"class_list":["post-5861","post","type-post","status-publish","format-standard","hentry","category-uncategorized"],"_links":{"self":[{"href":"https:\/\/stiri-faine.com\/index.php?rest_route=\/wp\/v2\/posts\/5861","targetHints":{"allow":["GET"]}}],"collection":[{"href":"https:\/\/stiri-faine.com\/index.php?rest_route=\/wp\/v2\/posts"}],"about":[{"href":"https:\/\/stiri-faine.com\/index.php?rest_route=\/wp\/v2\/types\/post"}],"author":[{"embeddable":true,"href":"https:\/\/stiri-faine.com\/index.php?rest_route=\/wp\/v2\/users\/1"}],"replies":[{"embeddable":true,"href":"https:\/\/stiri-faine.com\/index.php?rest_route=%2Fwp%2Fv2%2Fcomments&post=5861"}],"version-history":[{"count":1,"href":"https:\/\/stiri-faine.com\/index.php?rest_route=\/wp\/v2\/posts\/5861\/revisions"}],"predecessor-version":[{"id":5862,"href":"https:\/\/stiri-faine.com\/index.php?rest_route=\/wp\/v2\/posts\/5861\/revisions\/5862"}],"wp:attachment":[{"href":"https:\/\/stiri-faine.com\/index.php?rest_route=%2Fwp%2Fv2%2Fmedia&parent=5861"}],"wp:term":[{"taxonomy":"category","embeddable":true,"href":"https:\/\/stiri-faine.com\/index.php?rest_route=%2Fwp%2Fv2%2Fcategories&post=5861"},{"taxonomy":"post_tag","embeddable":true,"href":"https:\/\/stiri-faine.com\/index.php?rest_route=%2Fwp%2Fv2%2Ftags&post=5861"}],"curies":[{"name":"wp","href":"https:\/\/api.w.org\/{rel}","templated":true}]}}