{"id":5853,"date":"2026-09-01T12:48:52","date_gmt":"2026-09-01T12:48:52","guid":{"rendered":"https:\/\/stiri-faine.com\/?p=5853"},"modified":"2026-09-01T12:48:52","modified_gmt":"2026-09-01T12:48:52","slug":"florin-zamfirescu-victima-unei-glume-macabre-actorul-a-reactionat-dupa-ce-s-a-anuntat-ca-a-murit","status":"publish","type":"post","link":"https:\/\/stiri-faine.com\/?p=5853","title":{"rendered":"Florin Zamfirescu, victima unei \u201eglume\u201d macabre. Actorul a reac\u021bionat dup\u0103 ce s-a anun\u021bat c\u0103 a murit"},"content":{"rendered":"\n<p class=\"wp-block-paragraph\"><strong>Florin Zamfirescu a fost victima unei informa\u021bii false care a circulat \u00een mediul online \u0219i care anun\u021ba moartea \u00eendr\u0103gitului actor. \u00cen loc s\u0103 lase zvonul s\u0103 provoace \u0219i mai mult\u0103 \u00eengrijorare \u00een r\u00e2ndul celor care \u00eel apreciaz\u0103, maestrul scenei rom\u00e2ne\u0219ti a intervenit personal \u0219i a dezmin\u021bit vestea, aleg\u00e2nd s\u0103 trateze situa\u021bia cu umor.<\/strong><\/p>\n\n\n\n<p class=\"wp-block-paragraph\">Episodul a avut loc \u00een iunie 2020, \u00eens\u0103 povestea a revenit \u00een aten\u021bia publicului dup\u0103 ce articole despre acest subiect au fost redistribuite \u00een mediul online.<\/p>\n\n\n\n<p class=\"wp-block-paragraph\">La momentul respectiv, pe Facebook a \u00eenceput s\u0103 circule informa\u021bia potrivit c\u0103reia Florin Zamfirescu ar fi murit. Vestea fals\u0103 a ajuns rapid \u0219i la apropia\u021bii actorului, iar acesta a primit inclusiv telefoane de la persoane \u00eengrijorate.<\/p>\n\n\n\n<p class=\"wp-block-paragraph\">Florin Zamfirescu a decis s\u0103 pun\u0103 cap\u0103t specula\u021biilor chiar el, printr-un mesaj public \u00een care \u0219i-a asigurat prietenii \u0219i admiratorii c\u0103 este \u00een via\u021b\u0103.<\/p>\n\n\n\n<p class=\"wp-block-paragraph\">\u201ePrieteni. V\u0103 mul\u021bumesc pentru anun\u021bul c\u0103 \u00abam murit\u00bb\u201d, a transmis ironic actorul, explic\u00e2nd apoi c\u0103, atunci c\u00e2nd va veni momentul, \u00eei va anun\u021ba el pe cei care \u00eel urm\u0103resc \u0219i \u00eendemn\u00e2nd publicul s\u0103 nu cread\u0103 orice informa\u021bie ap\u0103rut\u0103 pe internet.<\/p>\n\n\n\n<h2 class=\"wp-block-heading\">Florin Zamfirescu a r\u0103spuns cu umor comentariilor<\/h2>\n\n\n\n<p class=\"wp-block-paragraph\">Situa\u021bia bizar\u0103 a generat numeroase reac\u021bii din partea prietenilor \u0219i admiratorilor s\u0103i. Un apropiat l-a \u00eentrebat \u00een glum\u0103 ce s\u0103 fac\u0103 cu \u201ecoroana\u201d preg\u0103tit\u0103 pentru el, pentru c\u0103 florile s-ar putea ofili.<\/p>\n\n\n\n<p class=\"wp-block-paragraph\">Replica actorului a venit imediat \u0219i \u00een acela\u0219i registru: i-a sugerat prietenului s\u0103 o p\u0103streze pentru el.<\/p>\n\n\n\n<p class=\"wp-block-paragraph\">Dincolo de umorul situa\u021biei, Florin Zamfirescu a povestit ulterior c\u0103 vestea fals\u0103 i-a alarmat familia. Actorul declara pentru Antena Stars c\u0103 fusese sunat dup\u0103 apari\u021bia informa\u021biei \u0219i c\u0103 inclusiv fiica sa s-a \u00eengrijorat.<\/p>\n\n\n\n<p class=\"wp-block-paragraph\">Maestrul m\u0103rturisea atunci c\u0103 nu se sim\u021bea perfect \u0219i c\u0103 urma mai multe tratamente, \u00eens\u0103 sublinia foarte clar c\u0103 informa\u021bia privind moartea sa era fals\u0103.<\/p>\n\n\n\n<h2 class=\"wp-block-heading\">O informa\u021bie veche, readus\u0103 \u00een circula\u021bie<\/h2>\n\n\n\n<p class=\"wp-block-paragraph\">Este important de precizat c\u0103 episodul nu este unul petrecut \u00een 2026. Informa\u021bia ini\u021bial\u0103 despre falsa moarte a lui Florin Zamfirescu \u0219i reac\u021bia actorului dateaz\u0103 din <strong>iunie 2020<\/strong>.<\/p>\n\n\n\n<p class=\"wp-block-paragraph\">Cazul r\u0103m\u00e2ne un exemplu despre c\u00e2t de repede se pot r\u0103sp\u00e2ndi informa\u021biile false pe re\u021belele de socializare, mai ales atunci c\u00e2nd acestea vizeaz\u0103 persoane cunoscute. \u00cen cazul lui Florin Zamfirescu, actorul a reu\u0219it s\u0103 transforme o veste macabr\u0103 \u00eentr-un moment de umor, dar situa\u021bia a provocat \u00eengrijorare real\u0103 \u00een r\u00e2ndul familiei, prietenilor \u0219i admiratorilor s\u0103i.<\/p>\n","protected":false},"excerpt":{"rendered":"<p>Florin Zamfirescu a fost victima unei informa\u021bii false care a circulat \u00een mediul online \u0219i care anun\u021ba moartea \u00eendr\u0103gitului actor. \u00cen loc s\u0103 lase zvonul s\u0103 provoace \u0219i mai mult\u0103 \u00eengrijorare \u00een r\u00e2ndul celor care \u00eel apreciaz\u0103, maestrul scenei rom\u00e2ne\u0219ti a intervenit personal \u0219i a dezmin\u021bit vestea, aleg\u00e2nd s\u0103 trateze situa\u021bia cu umor. Episodul a &#8230; <a title=\"Florin Zamfirescu, victima unei \u201eglume\u201d macabre. Actorul a reac\u021bionat dup\u0103 ce s-a anun\u021bat c\u0103 a murit\" class=\"read-more\" href=\"https:\/\/stiri-faine.com\/?p=5853\" aria-label=\"Read more about Florin Zamfirescu, victima unei \u201eglume\u201d macabre. Actorul a reac\u021bionat dup\u0103 ce s-a anun\u021bat c\u0103 a murit\">Read more<\/a><\/p>\n","protected":false},"author":1,"featured_media":0,"comment_status":"open","ping_status":"open","sticky":false,"template":"","format":"standard","meta":{"footnotes":""},"categories":[1],"tags":[],"class_list":["post-5853","post","type-post","status-publish","format-standard","hentry","category-uncategorized"],"_links":{"self":[{"href":"https:\/\/stiri-faine.com\/index.php?rest_route=\/wp\/v2\/posts\/5853","targetHints":{"allow":["GET"]}}],"collection":[{"href":"https:\/\/stiri-faine.com\/index.php?rest_route=\/wp\/v2\/posts"}],"about":[{"href":"https:\/\/stiri-faine.com\/index.php?rest_route=\/wp\/v2\/types\/post"}],"author":[{"embeddable":true,"href":"https:\/\/stiri-faine.com\/index.php?rest_route=\/wp\/v2\/users\/1"}],"replies":[{"embeddable":true,"href":"https:\/\/stiri-faine.com\/index.php?rest_route=%2Fwp%2Fv2%2Fcomments&post=5853"}],"version-history":[{"count":1,"href":"https:\/\/stiri-faine.com\/index.php?rest_route=\/wp\/v2\/posts\/5853\/revisions"}],"predecessor-version":[{"id":5854,"href":"https:\/\/stiri-faine.com\/index.php?rest_route=\/wp\/v2\/posts\/5853\/revisions\/5854"}],"wp:attachment":[{"href":"https:\/\/stiri-faine.com\/index.php?rest_route=%2Fwp%2Fv2%2Fmedia&parent=5853"}],"wp:term":[{"taxonomy":"category","embeddable":true,"href":"https:\/\/stiri-faine.com\/index.php?rest_route=%2Fwp%2Fv2%2Fcategories&post=5853"},{"taxonomy":"post_tag","embeddable":true,"href":"https:\/\/stiri-faine.com\/index.php?rest_route=%2Fwp%2Fv2%2Ftags&post=5853"}],"curies":[{"name":"wp","href":"https:\/\/api.w.org\/{rel}","templated":true}]}}