{"id":5850,"date":"2026-09-01T07:59:10","date_gmt":"2026-09-01T07:59:10","guid":{"rendered":"https:\/\/stiri-faine.com\/?p=5850"},"modified":"2026-09-01T07:59:10","modified_gmt":"2026-09-01T07:59:10","slug":"unele-femei-se-marita-bine-si-atat-a-spus-soacra-mea-la-masa-de-paste-dupa-ani-in-care-imi-criticase-casa-mancarea-si-familia-din-care-provin-am-pus-cutitul-de-pasca-jos-si-pent","status":"publish","type":"post","link":"https:\/\/stiri-faine.com\/?p=5850","title":{"rendered":"\u201eUnele femei se m\u0103rit\u0103 bine \u0219i at\u00e2t\u201d, a spus soacra mea la masa de Pa\u0219te, dup\u0103 ani \u00een care \u00eemi criticase casa, m\u00e2ncarea \u0219i familia din care provin. Am pus cu\u021bitul de pasc\u0103 jos \u0219i, pentru prima dat\u0103, n-am mai t\u0103cut."},"content":{"rendered":"\n<p class=\"wp-block-paragraph\">Partea a 2-a \u2013 Continuarea pove\u0219tii \ud83d\udc49 \u2014 Vlad, am spus. Ce nu mi-ai spus?<\/p>\n\n\n\n<p class=\"wp-block-paragraph\">So\u021bul meu a r\u0103mas \u00een picioare l\u00e2ng\u0103 mine.<\/p>\n\n\n\n<p class=\"wp-block-paragraph\">Maria \u00eel privea f\u0103r\u0103 s\u0103 clipeasc\u0103.<\/p>\n\n\n\n<p class=\"wp-block-paragraph\">\u2014 Spune-i, a zis ea. Dac\u0103 tot ai hot\u0103r\u00e2t c\u0103 eu sunt problema, m\u0103car spune-i tot.<\/p>\n\n\n\n<p class=\"wp-block-paragraph\">\u2014 Mam\u0103, nu asta am spus.<\/p>\n\n\n\n<p class=\"wp-block-paragraph\">\u2014 Atunci ce ai spus?<\/p>\n\n\n\n<p class=\"wp-block-paragraph\">\u2014 C\u0103 n-ai dreptul s-o jigne\u0219ti.<\/p>\n\n\n\n<p class=\"wp-block-paragraph\">Maria \u0219i-a str\u00e2ns buzele.<\/p>\n\n\n\n<p class=\"wp-block-paragraph\">\u2014 Dar ea are dreptul s\u0103 \u0219tie de ce am avut rezerve de la \u00eenceput.<\/p>\n\n\n\n<p class=\"wp-block-paragraph\">Am sim\u021bit cum mi se str\u00e2nge stomacul.<\/p>\n\n\n\n<p class=\"wp-block-paragraph\">\u2014 Ce rezerve?<\/p>\n\n\n\n<p class=\"wp-block-paragraph\">Vlad s-a \u00eentors spre mine.<\/p>\n\n\n\n<p class=\"wp-block-paragraph\">\u2014 Irina\u2026<\/p>\n\n\n\n<p class=\"wp-block-paragraph\">\u2014 Nu. F\u0103r\u0103 \u201eIrina\u201d. Spune-mi.<\/p>\n\n\n\n<p class=\"wp-block-paragraph\">A tras aer \u00een piept.<\/p>\n\n\n\n<p class=\"wp-block-paragraph\">\u2014 Cu vreo dou\u0103 luni \u00eenainte de nunt\u0103, mama m-a chemat la ea.<\/p>\n\n\n\n<p class=\"wp-block-paragraph\">Maria a intervenit imediat:<\/p>\n\n\n\n<p class=\"wp-block-paragraph\">\u2014 Pentru c\u0103 eram \u00eengrijorat\u0103.<\/p>\n\n\n\n<p class=\"wp-block-paragraph\">\u2014 Las\u0103-m\u0103 s\u0103 termin, mam\u0103.<\/p>\n\n\n\n<p class=\"wp-block-paragraph\">A t\u0103cut.<\/p>\n\n\n\n<p class=\"wp-block-paragraph\">Vlad s-a uitat la mine.<\/p>\n\n\n\n<p class=\"wp-block-paragraph\">\u2014 Mi-a spus s\u0103 m\u0103 g\u00e2ndesc bine dac\u0103 suntem potrivi\u021bi unul pentru cel\u0103lalt.<\/p>\n\n\n\n<p class=\"wp-block-paragraph\">\u2014 De ce?<\/p>\n\n\n\n<p class=\"wp-block-paragraph\">Nu mi-a r\u0103spuns imediat.<\/p>\n\n\n\n<p class=\"wp-block-paragraph\">\u0218tiam deja.<\/p>\n\n\n\n<p class=\"wp-block-paragraph\">Dar voiam s\u0103-l aud.<\/p>\n\n\n\n<p class=\"wp-block-paragraph\">\u2014 Pentru c\u0103 familia ta era\u2026 diferit\u0103 de a noastr\u0103.<\/p>\n\n\n\n<p class=\"wp-block-paragraph\">Am r\u00e2s scurt.<\/p>\n\n\n\n<p class=\"wp-block-paragraph\">\u2014 Diferit\u0103?<\/p>\n\n\n\n<p class=\"wp-block-paragraph\">Maria a ridicat b\u0103rbia.<\/p>\n\n\n\n<p class=\"wp-block-paragraph\">\u2014 Nu am spus-o cu r\u0103utate.<\/p>\n\n\n\n<p class=\"wp-block-paragraph\">M-am \u00eentors spre ea.<\/p>\n\n\n\n<p class=\"wp-block-paragraph\">\u2014 Atunci cum a\u021bi spus-o?<\/p>\n\n\n\n<p class=\"wp-block-paragraph\">\u2014 I-am spus fiului meu c\u0103 o c\u0103snicie nu \u00eenseamn\u0103 doar doi oameni. \u00censeamn\u0103 educa\u021bie, familie, obiceiuri, felul \u00een care ai crescut.<\/p>\n\n\n\n<p class=\"wp-block-paragraph\">\u2014 \u0218i ce era gre\u0219it cu felul \u00een care am crescut eu?<\/p>\n\n\n\n<p class=\"wp-block-paragraph\">\u2014 N-am spus c\u0103 era gre\u0219it.<\/p>\n\n\n\n<p class=\"wp-block-paragraph\">\u2014 Tata era \u0219ofer.<\/p>\n\n\n\n<p class=\"wp-block-paragraph\">Maria a t\u0103cut.<\/p>\n\n\n\n<p class=\"wp-block-paragraph\">\u2014 Mama era v\u00e2nz\u0103toare.<\/p>\n\n\n\n<p class=\"wp-block-paragraph\">Tot nimic.<\/p>\n\n\n\n<p class=\"wp-block-paragraph\">\u2014 Asta era problema?<\/p>\n\n\n\n<p class=\"wp-block-paragraph\">\u2014 Nu meseriile lor.<\/p>\n\n\n\n<p class=\"wp-block-paragraph\">\u2014 Atunci ce?<\/p>\n\n\n\n<p class=\"wp-block-paragraph\">Maria s-a uitat spre Vlad.<\/p>\n\n\n\n<p class=\"wp-block-paragraph\">\u2014 Nu avea\u021bi acelea\u0219i standarde.<\/p>\n\n\n\n<p class=\"wp-block-paragraph\">A fost aproape mai r\u0103u dec\u00e2t dac\u0103 ar fi spus direct c\u0103 nu eram suficient de bun\u0103.<\/p>\n\n\n\n<p class=\"wp-block-paragraph\">\u2014 Ce standarde, doamn\u0103 Maria?<\/p>\n\n\n\n<p class=\"wp-block-paragraph\">\u2014 Irina, a intervenit Vlad, nu trebuie s\u0103\u2026<\/p>\n\n\n\n<p class=\"wp-block-paragraph\">\u2014 Ba trebuie.<\/p>\n\n\n\n<p class=\"wp-block-paragraph\">M-am uitat din nou la ea.<\/p>\n\n\n\n<p class=\"wp-block-paragraph\">\u2014 Ce anume v-a f\u0103cut s\u0103 crede\u021bi c\u0103 nu eram potrivit\u0103 pentru fiul dumneavoastr\u0103?<\/p>\n\n\n\n<p class=\"wp-block-paragraph\">Maria a oftat.<\/p>\n\n\n\n<p class=\"wp-block-paragraph\">\u2014 Familia noastr\u0103 a tr\u0103it \u00eentr-un anumit fel. Ai mei au \u021binut mult la educa\u021bie, la cum te prezin\u021bi, la cum \u00ee\u021bi prime\u0219ti musafirii, la\u2026<\/p>\n\n\n\n<p class=\"wp-block-paragraph\">M-am oprit.<\/p>\n\n\n\n<p class=\"wp-block-paragraph\">\u2014 La cum tai pasca?<\/p>\n\n\n\n<p class=\"wp-block-paragraph\">Maria \u0219i-a cobor\u00e2t privirea.<\/p>\n\n\n\n<p class=\"wp-block-paragraph\">\u0218i dintr-odat\u0103 am \u00een\u021beles.<\/p>\n\n\n\n<p class=\"wp-block-paragraph\">Farfuriile.<\/p>\n\n\n\n<p class=\"wp-block-paragraph\">Cozonacul.<\/p>\n\n\n\n<p class=\"wp-block-paragraph\">Tonul meu la mas\u0103.<\/p>\n\n\n\n<p class=\"wp-block-paragraph\">Rochiile.<\/p>\n\n\n\n<p class=\"wp-block-paragraph\">Casa.<\/p>\n\n\n\n<p class=\"wp-block-paragraph\">M\u00e2ncarea.<\/p>\n\n\n\n<p class=\"wp-block-paragraph\">Nu \u00eencercase niciodat\u0103 doar s\u0103 m\u0103 \u00eenve\u021be cum \u00eei pl\u0103ceau ei lucrurile.<\/p>\n\n\n\n<p class=\"wp-block-paragraph\">\u00cencercase s\u0103 m\u0103 transforme \u00een femeia pe care considera c\u0103 fiul ei ar fi trebuit s-o ia de so\u021bie.<\/p>\n\n\n\n<p class=\"wp-block-paragraph\">M-am \u00eentors c\u0103tre Vlad.<\/p>\n\n\n\n<p class=\"wp-block-paragraph\">\u2014 \u0218i tu \u0219tiai.<\/p>\n\n\n\n<p class=\"wp-block-paragraph\">\u2014 Da.<\/p>\n\n\n\n<p class=\"wp-block-paragraph\">\u2014 De la \u00eenceput.<\/p>\n\n\n\n<p class=\"wp-block-paragraph\">\u2014 Da.<\/p>\n\n\n\n<p class=\"wp-block-paragraph\">\u2014 Iar c\u00e2nd mama ta \u00eemi spunea c\u0103 \u201ese vede ce educa\u021bie am primit\u201d, tu \u0219tiai exact de unde vine.<\/p>\n\n\n\n<p class=\"wp-block-paragraph\">Vlad a \u00eenchis ochii pentru o secund\u0103.<\/p>\n\n\n\n<p class=\"wp-block-paragraph\">\u2014 Da.<\/p>\n\n\n\n<p class=\"wp-block-paragraph\">Acel \u201eda\u201d m-a durut mai mult dec\u00e2t toate replicile Mariei.<\/p>\n\n\n\n<p class=\"wp-block-paragraph\">\u2014 \u0218i tot tu \u00eemi spuneai \u201ea\u0219a e mama\u201d.<\/p>\n\n\n\n<p class=\"wp-block-paragraph\">\u2014 Am gre\u0219it.<\/p>\n\n\n\n<p class=\"wp-block-paragraph\">\u2014 Ani \u00eentregi, Vlad.<\/p>\n\n\n\n<p class=\"wp-block-paragraph\">\u2014 \u0218tiu.<\/p>\n\n\n\n<p class=\"wp-block-paragraph\">\u2014 De ce nu mi-ai spus?<\/p>\n\n\n\n<p class=\"wp-block-paragraph\">\u2014 Pentru c\u0103 \u00eenainte de nunt\u0103 am refuzat-o.<\/p>\n\n\n\n<p class=\"wp-block-paragraph\">M-am uitat la el.<\/p>\n\n\n\n<p class=\"wp-block-paragraph\">\u2014 Ce \u00eenseamn\u0103 c\u0103 ai refuzat-o?<\/p>\n\n\n\n<p class=\"wp-block-paragraph\">\u2014 I-am spus c\u0103 m\u0103 c\u0103s\u0103toresc cu tine \u0219i c\u0103 nu m\u0103 intereseaz\u0103 ce crede despre familia ta.<\/p>\n\n\n\n<p class=\"wp-block-paragraph\">Maria a intervenit:<\/p>\n\n\n\n<p class=\"wp-block-paragraph\">\u2014 Nu am spus niciodat\u0103 s\u0103 nu se c\u0103s\u0103toreasc\u0103.<\/p>\n\n\n\n<p class=\"wp-block-paragraph\">Vlad s-a \u00eentors spre ea.<\/p>\n\n\n\n<p class=\"wp-block-paragraph\">\u2014 Mi-ai spus c\u0103 o s\u0103 regret.<\/p>\n\n\n\n<p class=\"wp-block-paragraph\">Maria a t\u0103cut.<\/p>\n\n\n\n<p class=\"wp-block-paragraph\">\u2014 Mi-ai spus c\u0103, dup\u0103 c\u00e2\u021biva ani, diferen\u021bele dintre noi o s\u0103 se vad\u0103.<\/p>\n\n\n\n<p class=\"wp-block-paragraph\">\u2014 Eram mama ta. \u00cemi f\u0103ceam griji.<\/p>\n\n\n\n<p class=\"wp-block-paragraph\">\u2014 Nu. M\u0103 judecai pe mine, am spus. \u00cenainte s\u0103 intru m\u0103car \u00een familia dumneavoastr\u0103.<\/p>\n\n\n\n<p class=\"wp-block-paragraph\">Maria m-a privit.<\/p>\n\n\n\n<p class=\"wp-block-paragraph\">\u2014 Poate.<\/p>\n\n\n\n<p class=\"wp-block-paragraph\">Acel cuv\u00e2nt m-a surprins.<\/p>\n\n\n\n<p class=\"wp-block-paragraph\">Nu m\u0103 a\u0219teptam s\u0103 recunoasc\u0103 nici at\u00e2t.<\/p>\n\n\n\n<p class=\"wp-block-paragraph\">\u2014 \u0218i tu de ce ai ascuns? l-am \u00eentrebat pe Vlad.<\/p>\n\n\n\n<p class=\"wp-block-paragraph\">\u2014 Pentru c\u0103 nu voiam s\u0103 intri \u00een c\u0103snicia noastr\u0103 \u0219tiind c\u0103 mama nu te-a vrut.<\/p>\n\n\n\n<p class=\"wp-block-paragraph\">\u2014 Dar am sim\u021bit asta \u00een fiecare zi.<\/p>\n\n\n\n<p class=\"wp-block-paragraph\">A cobor\u00e2t privirea.<\/p>\n\n\n\n<p class=\"wp-block-paragraph\">\u2014 \u0218tiu.<\/p>\n\n\n\n<p class=\"wp-block-paragraph\">\u2014 Nu, Vlad. Cred c\u0103 abia acum \u00eencepi s\u0103 \u00een\u021belegi.<\/p>\n\n\n\n<p class=\"wp-block-paragraph\">M-am ridicat de la mas\u0103.<\/p>\n\n\n\n<p class=\"wp-block-paragraph\">Nu voiam s\u0103 fac spectacol \u00een fa\u021ba rudelor.<\/p>\n\n\n\n<p class=\"wp-block-paragraph\">Dar nici s\u0103 mai stau acolo.<\/p>\n\n\n\n<p class=\"wp-block-paragraph\">\u2014 Plec\u0103m.<\/p>\n\n\n\n<p class=\"wp-block-paragraph\">Vlad a luat imediat cheile.<\/p>\n\n\n\n<p class=\"wp-block-paragraph\">Maria s-a ridicat.<\/p>\n\n\n\n<p class=\"wp-block-paragraph\">\u2014 Deci asta e? Pleca\u021bi de Pa\u0219te?<\/p>\n\n\n\n<p class=\"wp-block-paragraph\">Vlad s-a uitat la ea.<\/p>\n\n\n\n<p class=\"wp-block-paragraph\">\u2014 Da.<\/p>\n\n\n\n<p class=\"wp-block-paragraph\">\u2014 Pentru c\u0103 am spus adev\u0103rul?<\/p>\n\n\n\n<p class=\"wp-block-paragraph\">\u2014 Nu, mam\u0103. Pentru c\u0103 adev\u0103rul \u0103sta explic\u0103 de ce ai tratat-o ani \u00eentregi ca pe cineva care trebuie corectat.<\/p>\n\n\n\n<p class=\"wp-block-paragraph\">\u2014 Eu am vrut s-o ajut.<\/p>\n\n\n\n<p class=\"wp-block-paragraph\">\u2014 N-a cerut s\u0103 fie reparat\u0103.<\/p>\n\n\n\n<p class=\"wp-block-paragraph\">Maria s-a f\u0103cut ro\u0219ie la fa\u021b\u0103.<\/p>\n\n\n\n<p class=\"wp-block-paragraph\">\u2014 \u0218i acum ce vrei? S\u0103-mi cer iertare pentru c\u0103 mi-am dorit ce era mai bun pentru copilul meu?<\/p>\n\n\n\n<p class=\"wp-block-paragraph\">\u2014 Vreau s\u0103 \u00een\u021belegi c\u0103 eu am ales ce era mai bun pentru mine.<\/p>\n\n\n\n<p class=\"wp-block-paragraph\">Vlad mi-a luat haina.<\/p>\n\n\n\n<p class=\"wp-block-paragraph\">\u2014 \u0218i am ales-o pe Irina.<\/p>\n\n\n\n<p class=\"wp-block-paragraph\">Am plecat.<\/p>\n\n\n\n<p class=\"wp-block-paragraph\">\u00cen ma\u0219in\u0103 am stat c\u00e2teva minute f\u0103r\u0103 s\u0103 vorbesc.<\/p>\n\n\n\n<p class=\"wp-block-paragraph\">Vlad a pornit motorul, dar nu a plecat.<\/p>\n\n\n\n<p class=\"wp-block-paragraph\">\u2014 Spune ceva, a zis.<\/p>\n\n\n\n<p class=\"wp-block-paragraph\">\u2014 Ce vrei s\u0103 spun?<\/p>\n\n\n\n<p class=\"wp-block-paragraph\">\u2014 Orice.<\/p>\n\n\n\n<p class=\"wp-block-paragraph\">M-am uitat pe geam.<\/p>\n\n\n\n<p class=\"wp-block-paragraph\">\u2014 C\u0103 m\u0103 doare mai tare ce ai f\u0103cut tu dec\u00e2t ce a f\u0103cut ea.<\/p>\n\n\n\n<p class=\"wp-block-paragraph\">A \u00eencremenit.<\/p>\n\n\n\n<p class=\"wp-block-paragraph\">\u2014 \u0218tiu.<\/p>\n\n\n\n<p class=\"wp-block-paragraph\">\u2014 Nu, nu \u0219tii.<\/p>\n\n\n\n<p class=\"wp-block-paragraph\">M-am \u00eentors spre el.<\/p>\n\n\n\n<p class=\"wp-block-paragraph\">\u2014 Mama ta nu m\u0103 pl\u0103cea. Bine. Nu sunt prima nor\u0103 pe care n-o place soacra. Dar tu \u0219tiai c\u0103 ea m\u0103 consider\u0103 inferioar\u0103. \u0218i de fiecare dat\u0103 c\u00e2nd m\u0103 lovea exact acolo, tu \u00eemi spuneai s\u0103 nu pun la suflet.<\/p>\n\n\n\n<p class=\"wp-block-paragraph\">\u2014 Pentru c\u0103 mi-era fric\u0103 s\u0103 nu se ajung\u0103 aici.<\/p>\n\n\n\n<p class=\"wp-block-paragraph\">\u2014 Unde?<\/p>\n\n\n\n<p class=\"wp-block-paragraph\">\u2014 S\u0103 trebuiasc\u0103 s\u0103 aleg.<\/p>\n\n\n\n<p class=\"wp-block-paragraph\">Am r\u0103mas cu ochii la el.<\/p>\n\n\n\n<p class=\"wp-block-paragraph\">\u2014 Asta ai \u00een\u021beles tu?<\/p>\n\n\n\n<p class=\"wp-block-paragraph\">\u2014 Nu\u2026<\/p>\n\n\n\n<p class=\"wp-block-paragraph\">\u2014 Eu nu \u021bi-am cerut s\u0103 alegi \u00eentre mama ta \u0219i mine.<\/p>\n\n\n\n<p class=\"wp-block-paragraph\">Vocea mi s-a \u00eenmuiat.<\/p>\n\n\n\n<p class=\"wp-block-paragraph\">\u2014 \u021ai-am cerut s\u0103 alegi \u00eentre a tolera o jignire \u0219i a o opri.<\/p>\n\n\n\n<p class=\"wp-block-paragraph\">Vlad n-a mai spus nimic.<\/p>\n\n\n\n<p class=\"wp-block-paragraph\">Dup\u0103 c\u00e2teva secunde a dat din cap.<\/p>\n\n\n\n<p class=\"wp-block-paragraph\">\u2014 Ai dreptate.<\/p>\n\n\n\n<p class=\"wp-block-paragraph\">Am plecat acas\u0103.<\/p>\n\n\n\n<p class=\"wp-block-paragraph\">\u00cen seara aceea nu am rezolvat totul.<\/p>\n\n\n\n<p class=\"wp-block-paragraph\">Nici n-a\u0219 fi putut.<\/p>\n\n\n\n<p class=\"wp-block-paragraph\">Dar Vlad nu a mai \u00eencercat s\u0103-mi explice c\u0103 mama lui \u201eeste din alt\u0103 genera\u021bie\u201d.<\/p>\n\n\n\n<p class=\"wp-block-paragraph\">Nu mi-a spus c\u0103 trebuie s-o \u00een\u021beleg.<\/p>\n\n\n\n<p class=\"wp-block-paragraph\">Nu mi-a cerut s\u0103 sun eu prima.<\/p>\n\n\n\n<p class=\"wp-block-paragraph\">A doua zi a mers singur la ea.<\/p>\n\n\n\n<p class=\"wp-block-paragraph\">C\u00e2nd s-a \u00eentors, l-am \u00eentrebat:<\/p>\n\n\n\n<p class=\"wp-block-paragraph\">\u2014 Ce i-ai spus?<\/p>\n\n\n\n<p class=\"wp-block-paragraph\">\u2014 C\u0103 o iubesc.<\/p>\n\n\n\n<p class=\"wp-block-paragraph\">Am a\u0219teptat.<\/p>\n\n\n\n<p class=\"wp-block-paragraph\">\u2014 \u0218i c\u0103, dac\u0103 vrea s\u0103 fac\u0103 parte din via\u021ba noastr\u0103, trebuie s\u0103 te respecte.<\/p>\n\n\n\n<p class=\"wp-block-paragraph\">\u2014 \u0218i?<\/p>\n\n\n\n<p class=\"wp-block-paragraph\">\u2014 Mi-a spus c\u0103 o pun s\u0103 aleag\u0103 fiecare cuv\u00e2nt.<\/p>\n\n\n\n<p class=\"wp-block-paragraph\">\u2014 Poate n-ar fi r\u0103u.<\/p>\n\n\n\n<p class=\"wp-block-paragraph\">A z\u00e2mbit pu\u021bin.<\/p>\n\n\n\n<p class=\"wp-block-paragraph\">\u2014 I-am spus aproape acela\u0219i lucru.<\/p>\n\n\n\n<p class=\"wp-block-paragraph\">Au urmat aproape dou\u0103 luni \u00een care n-am mers la Maria.<\/p>\n\n\n\n<p class=\"wp-block-paragraph\">Vlad o vizita.<\/p>\n\n\n\n<p class=\"wp-block-paragraph\">Nu i-am cerut s\u0103 rup\u0103 leg\u0103tura cu ea.<\/p>\n\n\n\n<p class=\"wp-block-paragraph\">Era mama lui.<\/p>\n\n\n\n<p class=\"wp-block-paragraph\">Dar am refuzat s\u0103 m\u0103 mai a\u0219ez la o mas\u0103 unde trebuia s\u0103 m\u0103 preg\u0103tesc dinainte pentru urm\u0103toarea \u00een\u021bep\u0103tur\u0103.<\/p>\n\n\n\n<p class=\"wp-block-paragraph\">La \u00eenceput Maria a fost furioas\u0103.<\/p>\n\n\n\n<p class=\"wp-block-paragraph\">Apoi ofensat\u0103.<\/p>\n\n\n\n<p class=\"wp-block-paragraph\">Dup\u0103 aceea a \u00eenceput s\u0103 \u00eentrebe de mine.<\/p>\n\n\n\n<p class=\"wp-block-paragraph\">\u2014 Mama \u00eentreab\u0103 dac\u0103 vii duminic\u0103.<\/p>\n\n\n\n<p class=\"wp-block-paragraph\">\u2014 Nu.<\/p>\n\n\n\n<p class=\"wp-block-paragraph\">\u2014 Bine.<\/p>\n\n\n\n<p class=\"wp-block-paragraph\">Asta a fost una dintre schimb\u0103rile importante.<\/p>\n\n\n\n<p class=\"wp-block-paragraph\">Vlad nu mai continua cu:<\/p>\n\n\n\n<p class=\"wp-block-paragraph\">\u201eHai, Irina.\u201d<\/p>\n\n\n\n<p class=\"wp-block-paragraph\">\u201eF\u0103-o pentru mine.\u201d<\/p>\n\n\n\n<p class=\"wp-block-paragraph\">\u201e\u0218tii cum e ea.\u201d<\/p>\n\n\n\n<p class=\"wp-block-paragraph\">Spunea doar:<\/p>\n\n\n\n<p class=\"wp-block-paragraph\">\u2014 Bine.<\/p>\n\n\n\n<p class=\"wp-block-paragraph\">\u00centr-o dup\u0103-amiaz\u0103, telefonul meu a sunat.<\/p>\n\n\n\n<p class=\"wp-block-paragraph\">Maria.<\/p>\n\n\n\n<p class=\"wp-block-paragraph\">M-am uitat la ecran mult \u00eenainte s\u0103 r\u0103spund.<\/p>\n\n\n\n<p class=\"wp-block-paragraph\">\u2014 Da?<\/p>\n\n\n\n<p class=\"wp-block-paragraph\">\u2014 Bun\u0103, Irina.<\/p>\n\n\n\n<p class=\"wp-block-paragraph\">\u2014 Bun\u0103 ziua.<\/p>\n\n\n\n<p class=\"wp-block-paragraph\">Pauz\u0103.<\/p>\n\n\n\n<p class=\"wp-block-paragraph\">\u2014 A\u0219 vrea s\u0103 vorbim.<\/p>\n\n\n\n<p class=\"wp-block-paragraph\">Ne-am \u00eent\u00e2lnit la o cafenea.<\/p>\n\n\n\n<p class=\"wp-block-paragraph\">Am preferat un loc neutru.<\/p>\n\n\n\n<p class=\"wp-block-paragraph\">Maria a venit \u00eenaintea mea.<\/p>\n\n\n\n<p class=\"wp-block-paragraph\">Pentru prima dat\u0103 de c\u00e2nd o cuno\u0219team, p\u0103rea nesigur\u0103.<\/p>\n\n\n\n<p class=\"wp-block-paragraph\">\u2014 Nu sunt foarte bun\u0103 la discu\u021biile astea, a \u00eenceput.<\/p>\n\n\n\n<p class=\"wp-block-paragraph\">Aproape c\u0103 am z\u00e2mbit.<\/p>\n\n\n\n<p class=\"wp-block-paragraph\">\u2014 Am observat.<\/p>\n\n\n\n<p class=\"wp-block-paragraph\">S-a uitat la mine.<\/p>\n\n\n\n<p class=\"wp-block-paragraph\">\u2014 Merit asta.<\/p>\n\n\n\n<p class=\"wp-block-paragraph\">Apoi \u0219i-a \u00eempreunat m\u00e2inile pe mas\u0103.<\/p>\n\n\n\n<p class=\"wp-block-paragraph\">\u2014 Am fost nedreapt\u0103 cu tine.<\/p>\n\n\n\n<p class=\"wp-block-paragraph\">Am r\u0103mas t\u0103cut\u0103.<\/p>\n\n\n\n<p class=\"wp-block-paragraph\">Nu voiam s-o ajut s\u0103-\u0219i cear\u0103 scuze.<\/p>\n\n\n\n<p class=\"wp-block-paragraph\">Trebuia s\u0103 g\u0103seasc\u0103 singur\u0103 cuvintele.<\/p>\n\n\n\n<p class=\"wp-block-paragraph\">\u2014 C\u00e2nd Vlad mi-a spus c\u0103 vrea s\u0103 se c\u0103s\u0103toreasc\u0103 cu tine, mi-am f\u0103cut o imagine \u00een cap despre cum trebuia s\u0103 fie femeia lui.<\/p>\n\n\n\n<p class=\"wp-block-paragraph\">A inspirat.<\/p>\n\n\n\n<p class=\"wp-block-paragraph\">\u2014 \u0218i tu nu sem\u0103nai cu imaginea aia.<\/p>\n\n\n\n<p class=\"wp-block-paragraph\">\u2014 Pentru c\u0103 p\u0103rin\u021bii mei nu aveau suficien\u021bi bani?<\/p>\n\n\n\n<p class=\"wp-block-paragraph\">\u2014 \u0218i asta a contat.<\/p>\n\n\n\n<p class=\"wp-block-paragraph\">A fost dureros.<\/p>\n\n\n\n<p class=\"wp-block-paragraph\">Dar m\u0103car era adev\u0103rul.<\/p>\n\n\n\n<p class=\"wp-block-paragraph\">\u2014 Mai mult dec\u00e2t ar fi trebuit, a continuat. Am confundat statutul cu valoarea unui om.<\/p>\n\n\n\n<p class=\"wp-block-paragraph\">Am privit-o.<\/p>\n\n\n\n<p class=\"wp-block-paragraph\">\u2014 \u0218i dup\u0103 ce ne-am c\u0103s\u0103torit?<\/p>\n\n\n\n<p class=\"wp-block-paragraph\">\u2014 Am continuat s\u0103 caut lucrurile care \u00eemi confirmau c\u0103 avusesem dreptate.<\/p>\n\n\n\n<p class=\"wp-block-paragraph\">Acolo a fost, pentru mine, adev\u0103rata scuz\u0103.<\/p>\n\n\n\n<p class=\"wp-block-paragraph\">Nu \u201e\u00eemi pare r\u0103u c\u0103 te-ai sim\u021bit jignit\u0103\u201d.<\/p>\n\n\n\n<p class=\"wp-block-paragraph\">Nu \u201eam vrut doar binele\u201d.<\/p>\n\n\n\n<p class=\"wp-block-paragraph\">Ci recunoa\u0219terea faptului c\u0103 m\u0103 judecase \u0219i apoi c\u0103utase ani \u00eentregi dovezi \u00eempotriva mea.<\/p>\n\n\n\n<p class=\"wp-block-paragraph\">\u2014 Tata meu a fost un om bun, am spus.<\/p>\n\n\n\n<p class=\"wp-block-paragraph\">\u2014 \u0218tiu.<\/p>\n\n\n\n<p class=\"wp-block-paragraph\">\u2014 Nu, nu \u0219ti\u021bi. Pentru c\u0103 niciodat\u0103 nu v-a interesat s\u0103-l cunoa\u0219te\u021bi suficient.<\/p>\n\n\n\n<p class=\"wp-block-paragraph\">Maria a cobor\u00e2t privirea.<\/p>\n\n\n\n<p class=\"wp-block-paragraph\">\u2014 Ai dreptate.<\/p>\n\n\n\n<p class=\"wp-block-paragraph\">\u2014 Mama mea a muncit toat\u0103 via\u021ba.<\/p>\n\n\n\n<p class=\"wp-block-paragraph\">\u2014 \u0218tiu.<\/p>\n\n\n\n<p class=\"wp-block-paragraph\">\u2014 Iar dac\u0103 eu nu fac cozonac, asta nu \u00eenseamn\u0103 c\u0103 m-a crescut prost.<\/p>\n\n\n\n<p class=\"wp-block-paragraph\">Pentru prima dat\u0103, Maria a z\u00e2mbit foarte slab.<\/p>\n\n\n\n<p class=\"wp-block-paragraph\">\u2014 Aici cred c\u0103 am fost de-a dreptul nesuferit\u0103.<\/p>\n\n\n\n<p class=\"wp-block-paragraph\">\u2014 A\u021bi fost.<\/p>\n\n\n\n<p class=\"wp-block-paragraph\">A dat din cap.<\/p>\n\n\n\n<p class=\"wp-block-paragraph\">\u2014 Nu pot s\u0103-\u021bi cer s\u0103 ui\u021bi.<\/p>\n\n\n\n<p class=\"wp-block-paragraph\">\u2014 Nici nu voi uita.<\/p>\n\n\n\n<p class=\"wp-block-paragraph\">\u2014 Dar putem \u00eencerca din nou?<\/p>\n\n\n\n<p class=\"wp-block-paragraph\">M-am g\u00e2ndit \u00eenainte s\u0103 r\u0103spund.<\/p>\n\n\n\n<p class=\"wp-block-paragraph\">\u2014 Putem \u00eencerca altfel.<\/p>\n\n\n\n<p class=\"wp-block-paragraph\">Nu am \u00eembr\u0103\u021bi\u0219at-o.<\/p>\n\n\n\n<p class=\"wp-block-paragraph\">Nu ne-am promis c\u0103 vom fi ca mam\u0103 \u0219i fiic\u0103.<\/p>\n\n\n\n<p class=\"wp-block-paragraph\">N-am vrut asta.<\/p>\n\n\n\n<p class=\"wp-block-paragraph\">Am vrut respect.<\/p>\n\n\n\n<p class=\"wp-block-paragraph\">\u0218i, \u00eencet, l-am primit.<\/p>\n\n\n\n<p class=\"wp-block-paragraph\">Maria a continuat s\u0103 fie Maria.<\/p>\n\n\n\n<p class=\"wp-block-paragraph\">Observa lucrurile.<\/p>\n\n\n\n<p class=\"wp-block-paragraph\">Uneori vedeam cum \u00eei vine s\u0103 comenteze.<\/p>\n\n\n\n<p class=\"wp-block-paragraph\">Dar \u00eenv\u0103\u021base s\u0103 se opreasc\u0103.<\/p>\n\n\n\n<p class=\"wp-block-paragraph\">Iar c\u00e2nd nu se oprea, eu nu mai t\u0103ceam.<\/p>\n\n\n\n<p class=\"wp-block-paragraph\">\u2014 Irina, eu a\u0219 fi pus pu\u021bin mai\u2026<\/p>\n\n\n\n<p class=\"wp-block-paragraph\">\u2014 Maria.<\/p>\n\n\n\n<p class=\"wp-block-paragraph\">\u2014 Bine. Tac.<\/p>\n\n\n\n<p class=\"wp-block-paragraph\">Uneori chiar r\u00e2deam.<\/p>\n\n\n\n<p class=\"wp-block-paragraph\">Cel mai mult \u00eens\u0103 s-a schimbat Vlad.<\/p>\n\n\n\n<p class=\"wp-block-paragraph\">Nu pentru c\u0103 a devenit brusc un b\u0103rbat care se ceart\u0103 cu mama lui la fiecare propozi\u021bie.<\/p>\n\n\n\n<p class=\"wp-block-paragraph\">Ci pentru c\u0103 nu m\u0103 mai l\u0103sa singur\u0103 c\u00e2nd limita era dep\u0103\u0219it\u0103.<\/p>\n\n\n\n<p class=\"wp-block-paragraph\">C\u00e2teva luni mai t\u00e2rziu, eram la noi acas\u0103.<\/p>\n\n\n\n<p class=\"wp-block-paragraph\">Maria venise la mas\u0103.<\/p>\n\n\n\n<p class=\"wp-block-paragraph\">Am pus pe mas\u0103 o tav\u0103 cu pr\u0103jituri cump\u0103rate de la cofet\u0103rie.<\/p>\n\n\n\n<p class=\"wp-block-paragraph\">S-a uitat la ele.<\/p>\n\n\n\n<p class=\"wp-block-paragraph\">Am v\u0103zut reflexul.<\/p>\n\n\n\n<p class=\"wp-block-paragraph\">\u2014 Eu la v\u00e2rsta ta\u2026<\/p>\n\n\n\n<p class=\"wp-block-paragraph\">S-a oprit.<\/p>\n\n\n\n<p class=\"wp-block-paragraph\">Vlad a ridicat o spr\u00e2ncean\u0103.<\/p>\n\n\n\n<p class=\"wp-block-paragraph\">Maria a oftat.<\/p>\n\n\n\n<p class=\"wp-block-paragraph\">\u2014 Eu la v\u00e2rsta ta m\u00e2ncam prea multe pr\u0103jituri.<\/p>\n\n\n\n<p class=\"wp-block-paragraph\">Am \u00eenceput to\u021bi trei s\u0103 r\u00e2dem.<\/p>\n\n\n\n<p class=\"wp-block-paragraph\">Poate p\u0103rea pu\u021bin.<\/p>\n\n\n\n<p class=\"wp-block-paragraph\">Pentru mine nu era.<\/p>\n\n\n\n<p class=\"wp-block-paragraph\">Ani \u00eentregi crezusem c\u0103 respectul fa\u021b\u0103 de p\u0103rin\u021bii so\u021bului \u00eenseamn\u0103 s\u0103 \u00eenghi\u021bi, s\u0103 z\u00e2mbe\u0219ti \u0219i s\u0103 nu r\u0103spunzi.<\/p>\n\n\n\n<p class=\"wp-block-paragraph\">Am \u00een\u021beles t\u00e2rziu c\u0103 acela nu era respect.<\/p>\n\n\n\n<p class=\"wp-block-paragraph\">Era team\u0103 de conflict.<\/p>\n\n\n\n<p class=\"wp-block-paragraph\">Iar Vlad confundase \u0219i el pacea cu t\u0103cerea.<\/p>\n\n\n\n<p class=\"wp-block-paragraph\">Ast\u0103zi rela\u021bia mea cu Maria este decent\u0103.<\/p>\n\n\n\n<p class=\"wp-block-paragraph\">Nu este mama pe care n-am avut-o.<\/p>\n\n\n\n<p class=\"wp-block-paragraph\">Eu am deja o mam\u0103.<\/p>\n\n\n\n<p class=\"wp-block-paragraph\">Nu este nici prietena mea cea mai bun\u0103.<\/p>\n\n\n\n<p class=\"wp-block-paragraph\">Este mama so\u021bului meu, o femeie cu defecte, prejudec\u0103\u021bi \u0219i calit\u0103\u021bi, cu care am \u00eenv\u0103\u021bat s\u0103 construiesc o rela\u021bie \u00een care niciuna nu trebuie s\u0103 o mic\u0219oreze pe cealalt\u0103 ca s\u0103-\u0219i g\u0103seasc\u0103 locul.<\/p>\n\n\n\n<p class=\"wp-block-paragraph\">Iar Vlad a \u00eenv\u0103\u021bat poate lec\u021bia cea mai important\u0103 dintre noi to\u021bi:<\/p>\n\n\n\n<p class=\"wp-block-paragraph\">s\u0103-\u021bi respec\u021bi mama nu \u00eenseamn\u0103 s\u0103-i dai dreptate c\u00e2nd \u00ee\u021bi r\u0103ne\u0219te so\u021bia.<\/p>\n\n\n\n<p class=\"wp-block-paragraph\">Uneori, cea mai matur\u0103 form\u0103 de iubire fa\u021b\u0103 de un p\u0103rinte este s\u0103 po\u021bi spune:<\/p>\n\n\n\n<p class=\"wp-block-paragraph\">\u201eTe iubesc. Dar aici ai gre\u0219it.\u201d<\/p>\n","protected":false},"excerpt":{"rendered":"<p>Partea a 2-a \u2013 Continuarea pove\u0219tii \ud83d\udc49 \u2014 Vlad, am spus. Ce nu mi-ai spus? So\u021bul meu a r\u0103mas \u00een picioare l\u00e2ng\u0103 mine. Maria \u00eel privea f\u0103r\u0103 s\u0103 clipeasc\u0103. \u2014 Spune-i, a zis ea. Dac\u0103 tot ai hot\u0103r\u00e2t c\u0103 eu sunt problema, m\u0103car spune-i tot. \u2014 Mam\u0103, nu asta am spus. \u2014 Atunci ce ai &#8230; <a title=\"\u201eUnele femei se m\u0103rit\u0103 bine \u0219i at\u00e2t\u201d, a spus soacra mea la masa de Pa\u0219te, dup\u0103 ani \u00een care \u00eemi criticase casa, m\u00e2ncarea \u0219i familia din care provin. Am pus cu\u021bitul de pasc\u0103 jos \u0219i, pentru prima dat\u0103, n-am mai t\u0103cut.\" class=\"read-more\" href=\"https:\/\/stiri-faine.com\/?p=5850\" aria-label=\"Read more about \u201eUnele femei se m\u0103rit\u0103 bine \u0219i at\u00e2t\u201d, a spus soacra mea la masa de Pa\u0219te, dup\u0103 ani \u00een care \u00eemi criticase casa, m\u00e2ncarea \u0219i familia din care provin. Am pus cu\u021bitul de pasc\u0103 jos \u0219i, pentru prima dat\u0103, n-am mai t\u0103cut.\">Read more<\/a><\/p>\n","protected":false},"author":1,"featured_media":0,"comment_status":"open","ping_status":"open","sticky":false,"template":"","format":"standard","meta":{"footnotes":""},"categories":[1],"tags":[],"class_list":["post-5850","post","type-post","status-publish","format-standard","hentry","category-uncategorized"],"_links":{"self":[{"href":"https:\/\/stiri-faine.com\/index.php?rest_route=\/wp\/v2\/posts\/5850","targetHints":{"allow":["GET"]}}],"collection":[{"href":"https:\/\/stiri-faine.com\/index.php?rest_route=\/wp\/v2\/posts"}],"about":[{"href":"https:\/\/stiri-faine.com\/index.php?rest_route=\/wp\/v2\/types\/post"}],"author":[{"embeddable":true,"href":"https:\/\/stiri-faine.com\/index.php?rest_route=\/wp\/v2\/users\/1"}],"replies":[{"embeddable":true,"href":"https:\/\/stiri-faine.com\/index.php?rest_route=%2Fwp%2Fv2%2Fcomments&post=5850"}],"version-history":[{"count":1,"href":"https:\/\/stiri-faine.com\/index.php?rest_route=\/wp\/v2\/posts\/5850\/revisions"}],"predecessor-version":[{"id":5851,"href":"https:\/\/stiri-faine.com\/index.php?rest_route=\/wp\/v2\/posts\/5850\/revisions\/5851"}],"wp:attachment":[{"href":"https:\/\/stiri-faine.com\/index.php?rest_route=%2Fwp%2Fv2%2Fmedia&parent=5850"}],"wp:term":[{"taxonomy":"category","embeddable":true,"href":"https:\/\/stiri-faine.com\/index.php?rest_route=%2Fwp%2Fv2%2Fcategories&post=5850"},{"taxonomy":"post_tag","embeddable":true,"href":"https:\/\/stiri-faine.com\/index.php?rest_route=%2Fwp%2Fv2%2Ftags&post=5850"}],"curies":[{"name":"wp","href":"https:\/\/api.w.org\/{rel}","templated":true}]}}