{"id":5832,"date":"2026-09-01T07:43:36","date_gmt":"2026-09-01T07:43:36","guid":{"rendered":"https:\/\/stiri-faine.com\/?p=5832"},"modified":"2026-09-01T07:43:37","modified_gmt":"2026-09-01T07:43:37","slug":"ultima-ora-scandal-in-politica-dominic-fritz-a","status":"publish","type":"post","link":"https:\/\/stiri-faine.com\/?p=5832","title":{"rendered":"ULTIM\u0102 OR\u0102! Scandal \u00een politic\u0103! Dominic Fritz a\u2026"},"content":{"rendered":"\n<p class=\"wp-block-paragraph\">Dominic Fritz, pre\u0219edintele USR \u0219i primarul Timi\u0219oarei, a transmis un mesaj scurt \u0219i direct la o zi dup\u0103 promulgarea noii legi ANI de c\u0103tre pre\u0219edintele Nicu\u0219or Dan. Liderul USR a anun\u021bat c\u0103 partidul s\u0103u \u00ee\u0219i men\u021bine pozi\u021bia politic\u0103 \u0219i nu va sus\u021bine un eventual guvern condus de PSD.<\/p>\n\n\n\n<p class=\"wp-block-paragraph\">Mesajul vine \u00eentr-un moment complicat pentru Fritz, \u00een condi\u021biile \u00een care noile prevederi \u00een domeniul integrit\u0103\u021bii ar putea avea efecte directe asupra mandatului s\u0103u de primar.<\/p>\n\n\n\n<p class=\"wp-block-paragraph\">Dominic Fritz: \u201eTot nu vot\u0103m un guvern PSD\u201d<br>La o zi dup\u0103 promulgarea actului normativ, Dominic Fritz a publicat pe Facebook un mesaj foarte scurt:<\/p>\n\n\n\n<p class=\"wp-block-paragraph\">\u201eBun\u0103 diminea\u021ba! Tot nu vot\u0103m un guvern PSD.\u201d<\/p>\n\n\n\n<p class=\"wp-block-paragraph\">Prin aceast\u0103 declara\u021bie, liderul USR transmite c\u0103 situa\u021bia juridic\u0103 \u00een care se afl\u0103 nu modific\u0103 pozi\u021bia partidului \u00een negocierile politice privind viitoarea formul\u0103 de guvernare.<\/p>\n\n\n\n<p class=\"wp-block-paragraph\">Fritz a criticat anterior prevederile legii ANI \u0219i a sus\u021binut c\u0103 acestea ar produce efecte asupra unei situa\u021bii juridice ap\u0103rute \u00eenainte de intrarea \u00een vigoare a noilor reguli.<\/p>\n\n\n\n<p class=\"wp-block-paragraph\">Ce prevede noua lege ANI<br>Legea promulgat\u0103 pe 28 august modific\u0103 mai multe acte normative \u00een domeniul integrit\u0103\u021bii.<\/p>\n\n\n\n<p class=\"wp-block-paragraph\">Una dintre principalele prevederi vizeaz\u0103 persoanele pentru care exist\u0103 decizii definitive privind incompatibilitatea sau conflictul de interese.<\/p>\n\n\n\n<p class=\"wp-block-paragraph\">Dac\u0103 interdic\u021bia prev\u0103zut\u0103 de lege este \u00eenc\u0103 aplicabil\u0103, func\u021bia sau mandatul persoanei vizate poate \u00eenceta \u00een termenul stabilit de actul normativ.<\/p>\n\n\n\n<p class=\"wp-block-paragraph\">\u00cen cazul lui Dominic Fritz, acesta a afirmat c\u0103, potrivit interpret\u0103rii sale, mandatul de primar ar urma s\u0103 \u00eenceteze dup\u0103 aproximativ 30 de zile.<\/p>\n\n\n\n<p class=\"wp-block-paragraph\">Fritz anun\u021b\u0103 continuarea luptei juridice<br>Primarul Timi\u0219oarei a transmis c\u0103 nu consider\u0103 situa\u021bia \u00eencheiat\u0103 \u0219i c\u0103 inten\u021bioneaz\u0103 s\u0103 continue demersurile juridice.<\/p>\n\n\n\n<p class=\"wp-block-paragraph\">Acesta a vorbit inclusiv despre posibilitatea de a se adresa Cur\u021bii Europene a Drepturilor Omului.<\/p>\n\n\n\n<p class=\"wp-block-paragraph\">\u00cen cazul \u00een care mandatul s\u0103u va \u00eenceta, administra\u021bia Timi\u0219oarei ar urma s\u0103 fie preluat\u0103 interimar conform procedurilor legale, p\u00e2n\u0103 la stabilirea unei solu\u021bii administrative sau electorale.<\/p>\n\n\n\n<p class=\"wp-block-paragraph\">Nicu\u0219or Dan a promulgat legea, dup\u0103 controverse constitu\u021bionale<br>Actul normativ a trecut printr-un parcurs legislativ \u0219i constitu\u021bional complicat.<\/p>\n\n\n\n<p class=\"wp-block-paragraph\">Pre\u0219edintele Nicu\u0219or Dan formulase anterior obiec\u021bii fa\u021b\u0103 de proiect \u0219i sesizase Curtea Constitu\u021bional\u0103. Ulterior, anumite formul\u0103ri au fost eliminate, \u00eens\u0103 prevederile referitoare la \u00eencetarea mandatelor pentru persoanele declarate definitiv incompatibile sau aflate \u00een conflict de interese au fost men\u021binute.<\/p>\n\n\n\n<p class=\"wp-block-paragraph\">Declara\u021biile de avere vor redeveni publice<br>Legea aduce \u0219i modific\u0103ri privind transparen\u021ba persoanelor care ocup\u0103 func\u021bii publice.<\/p>\n\n\n\n<p class=\"wp-block-paragraph\">\u00cencep\u00e2nd cu 1 ianuarie 2027, Agen\u021bia Na\u021bional\u0103 de Integritate ar urma s\u0103 genereze \u0219i s\u0103 publice fi\u0219e privind interesele financiare ale persoanelor vizate de legisla\u021bie.<\/p>\n\n\n\n<p class=\"wp-block-paragraph\">\u00cen acest context, Dominic Fritz transmite c\u0103 \u00ee\u0219i va continua at\u00e2t demersurile juridice, c\u00e2t \u0219i activitatea politic\u0103. Mesajul s\u0103u arat\u0103 c\u0103 USR nu inten\u021bioneaz\u0103 s\u0103 \u00ee\u0219i schimbe pozi\u021bia fa\u021b\u0103 de un eventual guvern PSD, chiar dac\u0103 liderul partidului se confrunt\u0103 cu riscul pierderii mandatului de primar.<\/p>\n","protected":false},"excerpt":{"rendered":"<p>Dominic Fritz, pre\u0219edintele USR \u0219i primarul Timi\u0219oarei, a transmis un mesaj scurt \u0219i direct la o zi dup\u0103 promulgarea noii legi ANI de c\u0103tre pre\u0219edintele Nicu\u0219or Dan. Liderul USR a anun\u021bat c\u0103 partidul s\u0103u \u00ee\u0219i men\u021bine pozi\u021bia politic\u0103 \u0219i nu va sus\u021bine un eventual guvern condus de PSD. Mesajul vine \u00eentr-un moment complicat pentru Fritz, &#8230; <a title=\"ULTIM\u0102 OR\u0102! Scandal \u00een politic\u0103! Dominic Fritz a\u2026\" class=\"read-more\" href=\"https:\/\/stiri-faine.com\/?p=5832\" aria-label=\"Read more about ULTIM\u0102 OR\u0102! Scandal \u00een politic\u0103! Dominic Fritz a\u2026\">Read more<\/a><\/p>\n","protected":false},"author":1,"featured_media":0,"comment_status":"open","ping_status":"open","sticky":false,"template":"","format":"standard","meta":{"footnotes":""},"categories":[1],"tags":[],"class_list":["post-5832","post","type-post","status-publish","format-standard","hentry","category-uncategorized"],"_links":{"self":[{"href":"https:\/\/stiri-faine.com\/index.php?rest_route=\/wp\/v2\/posts\/5832","targetHints":{"allow":["GET"]}}],"collection":[{"href":"https:\/\/stiri-faine.com\/index.php?rest_route=\/wp\/v2\/posts"}],"about":[{"href":"https:\/\/stiri-faine.com\/index.php?rest_route=\/wp\/v2\/types\/post"}],"author":[{"embeddable":true,"href":"https:\/\/stiri-faine.com\/index.php?rest_route=\/wp\/v2\/users\/1"}],"replies":[{"embeddable":true,"href":"https:\/\/stiri-faine.com\/index.php?rest_route=%2Fwp%2Fv2%2Fcomments&post=5832"}],"version-history":[{"count":1,"href":"https:\/\/stiri-faine.com\/index.php?rest_route=\/wp\/v2\/posts\/5832\/revisions"}],"predecessor-version":[{"id":5833,"href":"https:\/\/stiri-faine.com\/index.php?rest_route=\/wp\/v2\/posts\/5832\/revisions\/5833"}],"wp:attachment":[{"href":"https:\/\/stiri-faine.com\/index.php?rest_route=%2Fwp%2Fv2%2Fmedia&parent=5832"}],"wp:term":[{"taxonomy":"category","embeddable":true,"href":"https:\/\/stiri-faine.com\/index.php?rest_route=%2Fwp%2Fv2%2Fcategories&post=5832"},{"taxonomy":"post_tag","embeddable":true,"href":"https:\/\/stiri-faine.com\/index.php?rest_route=%2Fwp%2Fv2%2Ftags&post=5832"}],"curies":[{"name":"wp","href":"https:\/\/api.w.org\/{rel}","templated":true}]}}