{"id":5829,"date":"2026-09-01T07:42:48","date_gmt":"2026-09-01T07:42:48","guid":{"rendered":"https:\/\/stiri-faine.com\/?p=5829"},"modified":"2026-09-01T07:42:48","modified_gmt":"2026-09-01T07:42:48","slug":"ultima-ora-suspendarea-maiei-sandu-3","status":"publish","type":"post","link":"https:\/\/stiri-faine.com\/?p=5829","title":{"rendered":"ULTIMA OR\u0102! Suspendarea Maiei Sandu\u2026"},"content":{"rendered":"\n<p class=\"wp-block-paragraph\">Pre\u0219edinta Republicii Moldova, Maia Sandu, sus\u021bine c\u0103 ini\u021biativa unei p\u0103r\u021bi a opozi\u021biei parlamentare de a o suspenda din func\u021bie ar face parte dintr-o ac\u021biune coordonat\u0103 de Kremlin. \u0218efa statului afirm\u0103 c\u0103 presiunile politice au leg\u0103tur\u0103 cu orientarea pro-european\u0103 a Republicii Moldova \u0219i cu rezultatele electorale din ultimii ani.<\/p>\n\n\n\n<p class=\"wp-block-paragraph\">Declara\u021biile au fost f\u0103cute \u00een cadrul emisiunii \u201eJurnal Politic\u201d, pe fondul intensific\u0103rii disputelor dintre putere \u0219i opozi\u021bie.<\/p>\n\n\n\n<p class=\"wp-block-paragraph\">Maia Sandu: \u201eRusia nu a renun\u021bat la ideea de a prelua controlul\u201d<br>Maia Sandu a afirmat c\u0103 o parte dintre parlamentarii care sus\u021bin procedura de suspendare ar fi avut, \u00een trecut, pozi\u021bii sau ac\u021biuni pe care ea le consider\u0103 contrare intereselor de independen\u021b\u0103 \u0219i securitate ale Republicii Moldova.<\/p>\n\n\n\n<p class=\"wp-block-paragraph\">\u201ePentru mine este foarte clar: Federa\u021bia Rus\u0103 nu a renun\u021bat la ideea de a prelua controlul asupra puterii de la Chi\u0219in\u0103u\u201d, a declarat pre\u0219edinta.<\/p>\n\n\n\n<p class=\"wp-block-paragraph\">Aceasta sus\u021bine c\u0103 Moscova nu ar fi acceptat rezultatele alegerilor din ultimii ani \u0219i ar \u00eencerca s\u0103 compromit\u0103 parcursul actual al \u021b\u0103rii.<\/p>\n\n\n\n<p class=\"wp-block-paragraph\">Acuza\u021biile reprezint\u0103 pozi\u021bia exprimat\u0103 de Maia Sandu \u0219i nu o constatare independent\u0103 privind existen\u021ba unei coordon\u0103ri directe din partea Kremlinului.<\/p>\n\n\n\n<p class=\"wp-block-paragraph\">Integrarea european\u0103, \u00een centrul disputei<br>Pre\u0219edinta a insistat asupra progreselor f\u0103cute de Republica Moldova \u00een rela\u021bia cu Uniunea European\u0103.<\/p>\n\n\n\n<p class=\"wp-block-paragraph\">Potrivit acesteia, \u00een ultimii ani au fost realizate reforme \u0219i pa\u0219i importan\u021bi \u00een procesul de aderare, \u00eentr-un context regional \u0219i interna\u021bional dificil.<\/p>\n\n\n\n<p class=\"wp-block-paragraph\">Maia Sandu consider\u0103 c\u0103 men\u021binerea direc\u021biei europene este esen\u021bial\u0103 \u0219i avertizeaz\u0103 c\u0103 o eventual\u0103 schimbare de orientare politic\u0103 ar putea \u00eencetini sau chiar bloca acest proces.<\/p>\n\n\n\n<p class=\"wp-block-paragraph\">\u201eDac\u0103 la putere ar veni o guvernare subordonat\u0103 Moscovei, toate politicile aplicate ar fi \u00een contradic\u021bie cu parcursul european\u201d, a afirmat \u0219efa statului.<\/p>\n\n\n\n<p class=\"wp-block-paragraph\">Opozi\u021bia a ini\u021biat procedura de suspendare<br>Ini\u021biativa privind suspendarea Maiei Sandu a fost lansat\u0103 \u00een luna iulie de mai mul\u021bi parlamentari din opozi\u021bie, pe fondul unor controverse politice interne.<\/p>\n\n\n\n<p class=\"wp-block-paragraph\">Demersul a fost \u00eenaintat de deputatul Ion Chicu, reprezentant al blocului Alternativa, care a anun\u021bat inten\u021bia de a str\u00e2nge semn\u0103turile necesare pentru \u00eenregistrarea procedurii \u00een Parlament.<\/p>\n\n\n\n<p class=\"wp-block-paragraph\">Pentru ini\u021biere este nevoie de sus\u021binerea a cel pu\u021bin unei treimi dintre deputa\u021bi.<\/p>\n\n\n\n<p class=\"wp-block-paragraph\">Ce prevede Constitu\u021bia Republicii Moldova<br>Potrivit articolului 89 din Constitu\u021bie, pre\u0219edintele poate fi suspendat din func\u021bie dac\u0103 s\u0103v\u00e2r\u0219e\u0219te fapte grave prin care \u00eencalc\u0103 prevederile constitu\u021bionale.<\/p>\n\n\n\n<p class=\"wp-block-paragraph\">Pentru suspendarea propriu-zis\u0103 este necesar votul a dou\u0103 treimi dintre parlamentari.<\/p>\n\n\n\n<p class=\"wp-block-paragraph\">Dac\u0103 aceast\u0103 etap\u0103 ar fi dep\u0103\u0219it\u0103, ar urma organizarea unui referendum privind demiterea \u0219efului statului, \u00een termenul prev\u0103zut de lege.<\/p>\n\n\n\n<p class=\"wp-block-paragraph\">\u00cen acest moment, procedura r\u0103m\u00e2ne una politic\u0103 \u0219i constitu\u021bional\u0103 aflat\u0103 \u00een desf\u0103\u0219urare, iar declara\u021biile Maiei Sandu ad\u00e2ncesc disputa dintre pre\u0219edin\u021bie \u0219i opozi\u021bie \u00eentr-un moment important pentru direc\u021bia extern\u0103 \u0219i intern\u0103 a Republicii Moldova.<\/p>\n","protected":false},"excerpt":{"rendered":"<p>Pre\u0219edinta Republicii Moldova, Maia Sandu, sus\u021bine c\u0103 ini\u021biativa unei p\u0103r\u021bi a opozi\u021biei parlamentare de a o suspenda din func\u021bie ar face parte dintr-o ac\u021biune coordonat\u0103 de Kremlin. \u0218efa statului afirm\u0103 c\u0103 presiunile politice au leg\u0103tur\u0103 cu orientarea pro-european\u0103 a Republicii Moldova \u0219i cu rezultatele electorale din ultimii ani. Declara\u021biile au fost f\u0103cute \u00een cadrul emisiunii &#8230; <a title=\"ULTIMA OR\u0102! Suspendarea Maiei Sandu\u2026\" class=\"read-more\" href=\"https:\/\/stiri-faine.com\/?p=5829\" aria-label=\"Read more about ULTIMA OR\u0102! Suspendarea Maiei Sandu\u2026\">Read more<\/a><\/p>\n","protected":false},"author":1,"featured_media":0,"comment_status":"open","ping_status":"open","sticky":false,"template":"","format":"standard","meta":{"footnotes":""},"categories":[1],"tags":[],"class_list":["post-5829","post","type-post","status-publish","format-standard","hentry","category-uncategorized"],"_links":{"self":[{"href":"https:\/\/stiri-faine.com\/index.php?rest_route=\/wp\/v2\/posts\/5829","targetHints":{"allow":["GET"]}}],"collection":[{"href":"https:\/\/stiri-faine.com\/index.php?rest_route=\/wp\/v2\/posts"}],"about":[{"href":"https:\/\/stiri-faine.com\/index.php?rest_route=\/wp\/v2\/types\/post"}],"author":[{"embeddable":true,"href":"https:\/\/stiri-faine.com\/index.php?rest_route=\/wp\/v2\/users\/1"}],"replies":[{"embeddable":true,"href":"https:\/\/stiri-faine.com\/index.php?rest_route=%2Fwp%2Fv2%2Fcomments&post=5829"}],"version-history":[{"count":1,"href":"https:\/\/stiri-faine.com\/index.php?rest_route=\/wp\/v2\/posts\/5829\/revisions"}],"predecessor-version":[{"id":5830,"href":"https:\/\/stiri-faine.com\/index.php?rest_route=\/wp\/v2\/posts\/5829\/revisions\/5830"}],"wp:attachment":[{"href":"https:\/\/stiri-faine.com\/index.php?rest_route=%2Fwp%2Fv2%2Fmedia&parent=5829"}],"wp:term":[{"taxonomy":"category","embeddable":true,"href":"https:\/\/stiri-faine.com\/index.php?rest_route=%2Fwp%2Fv2%2Fcategories&post=5829"},{"taxonomy":"post_tag","embeddable":true,"href":"https:\/\/stiri-faine.com\/index.php?rest_route=%2Fwp%2Fv2%2Ftags&post=5829"}],"curies":[{"name":"wp","href":"https:\/\/api.w.org\/{rel}","templated":true}]}}