{"id":5828,"date":"2026-09-01T07:41:58","date_gmt":"2026-09-01T07:41:58","guid":{"rendered":"https:\/\/stiri-faine.com\/?p=5828"},"modified":"2026-09-01T07:41:58","modified_gmt":"2026-09-01T07:41:58","slug":"s0c-total-vladimir-putin-cere-romaniei-sa-ii-dea-4","status":"publish","type":"post","link":"https:\/\/stiri-faine.com\/?p=5828","title":{"rendered":"\u02180C TOTAL! Vladimir Putin cere Rom\u00e2niei s\u0103 \u00eei dea\u2026"},"content":{"rendered":"<p>Vladimir Putin a avut o prim\u0103 reac\u021bie public\u0103 dup\u0103 incidentul produs la Gala\u021bi, unde o dron\u0103 de tip Geran-2 s-a pr\u0103bu\u0219it \u00eentr-un bloc de locuin\u021be. Liderul de la Kremlin contest\u0103 concluziile prezentate de autorit\u0103\u021bile rom\u00e2ne \u0219i sus\u021bine c\u0103 originea aparatului nu poate fi stabilit\u0103 cu certitudine \u00eenainte de realizarea unei expertize complete.<\/p>\n<p>Pre\u0219edintele Rusiei a cerut acces la fragmentele recuperate dup\u0103 incident, astfel \u00eenc\u00e2t acestea s\u0103 poat\u0103 fi analizate \u0219i de speciali\u0219tii ru\u0219i. Moscova sus\u021bine c\u0103 este preg\u0103tit\u0103 s\u0103 participe la o anchet\u0103, \u00eens\u0103 Vladimir Putin a sugerat c\u0103 aparatul de zbor ar fi putut avea o alt\u0103 origine.<\/p>\n<p>Declara\u021biile sale vin \u00een contradic\u021bie cu informa\u021biile prezentate de autorit\u0103\u021bile rom\u00e2ne, potrivit c\u0103rora drona care a ajuns pe teritoriul Rom\u00e2niei era un aparat de tip Geran-2, de provenien\u021b\u0103 ruseasc\u0103.<\/p>\n<p>Vladimir Putin pune sub semnul \u00eentreb\u0103rii originea droneiPre\u0219edintele rus a afirmat c\u0103 stabilirea originii unei drone necesit\u0103 examinarea atent\u0103 a componentelor \u0219i fragmentelor recuperate dup\u0103 pr\u0103bu\u0219ire.<\/p>\n<p>\u00cen acest context, Vladimir Putin a solicitat ca Rusia s\u0103 primeasc\u0103 acces la resturile aparatului, astfel \u00eenc\u00e2t Moscova s\u0103 poat\u0103 efectua propria expertiz\u0103.<\/p>\n<p>Liderul de la Kremlin a amintit \u0219i de alte incidente produse \u00een Europa \u00een care au fost implicate drone \u0219i a sugerat c\u0103 aparatul ajuns \u00een Rom\u00e2nia ar fi putut avea inclusiv origine ucrainean\u0103.<\/p>\n<p>Putin consider\u0103 c\u0103 nu ar trebui trase concluzii definitive \u00eenainte de finalizarea tuturor verific\u0103rilor tehnice.<\/p>\n<p>Pozi\u021bia Moscovei difer\u0103 \u00eens\u0103 fundamental de cea exprimat\u0103 de autorit\u0103\u021bile de la Bucure\u0219ti, care au prezentat aparatul drept unul de provenien\u021b\u0103 ruseasc\u0103.<\/p>\n<p>Autorit\u0103\u021bile rom\u00e2ne au identificat drona drept un Geran-2Incidentul s-a produs pe 29 mai 2026, c\u00e2nd drona a ajuns \u00eentr-o zon\u0103 locuit\u0103 din Gala\u021bi \u0219i s-a pr\u0103bu\u0219it peste un bloc.<\/p>\n<p>Impactul a fost urmat de o explozie, iar dou\u0103 persoane au fost r\u0103nite \u0219i transportate la spital pentru \u00eengrijiri medicale.<\/p>\n<p>\u00cen urma incidentului, \u00een zon\u0103 au intervenit echipe specializate, iar fragmentele aparatului au fost recuperate pentru a putea fi analizate.<\/p>\n<p>La cercet\u0103ri au participat speciali\u0219ti din cadrul Ministerului Ap\u0103r\u0103rii Na\u021bionale, Ministerului Afacerilor Interne \u0219i Serviciului Rom\u00e2n de Informa\u021bii.<\/p>\n<p>Concluziile prezentate de autorit\u0103\u021bile rom\u00e2ne au indicat faptul c\u0103 aparatul era o dron\u0103 Geran-2, de provenien\u021b\u0103 ruseasc\u0103. De asemenea, s-a stabilit c\u0103 \u00eenc\u0103rc\u0103tura exploziv\u0103 a aparatului a detonat \u00een momentul impactului.<\/p>\n<p>Analizarea fragmentelor recuperate a devenit astfel un element esen\u021bial \u00een stabilirea circumstan\u021belor \u00een care drona a ajuns pe teritoriul Rom\u00e2niei.<\/p>\n<p>Kremlinul respinge acuza\u021biileVladimir Putin a respins acuza\u021biile formulate la adresa Moscovei \u0219i a insistat c\u0103 o concluzie definitiv\u0103 privind responsabilitatea Rusiei ar trebui formulat\u0103 numai dup\u0103 realizarea unei expertize complete.<\/p>\n<p>Liderul rus a reac\u021bionat \u0219i la criticile venite din partea oficialilor europeni dup\u0103 incidentul din Gala\u021bi.<\/p>\n<p>\u00cen opinia sa, declara\u021biile prin care Rusia este indicat\u0103 drept responsabil\u0103 sunt premature at\u00e2t timp c\u00e2t Moscova nu a avut posibilitatea de a analiza fragmentele aparatului.<\/p>\n<p>Prin solicitarea accesului la epava dronei, Kremlinul \u00eencearc\u0103 astfel s\u0103 conteste concluziile formulate de Rom\u00e2nia \u0219i s\u0103 sus\u021bin\u0103 necesitatea unei investiga\u021bii suplimentare.<\/p>\n<p>NATO a reac\u021bionat dup\u0103 incidentul din Gala\u021biIncidentul a atras rapid aten\u021bia NATO, \u00een condi\u021biile \u00een care Rom\u00e2nia este stat membru al Alian\u021bei, iar aparatul a ajuns \u00eentr-o zon\u0103 locuit\u0103.<\/p>\n<p>Reprezentan\u021bii NATO au confirmat, la r\u00e2ndul lor, originea ruseasc\u0103 a dronei \u0219i au condamnat comportamentul considerat imprudent al Moscovei.<\/p>\n<p>Alian\u021ba a reiterat totodat\u0103 faptul c\u0103 este preg\u0103tit\u0103 s\u0103 apere teritoriul statelor membre.<\/p>\n<p>Cazul de la Gala\u021bi este cu at\u00e2t mai important cu c\u00e2t, de la \u00eenceputul r\u0103zboiului din Ucraina, \u00een apropierea grani\u021belor Rom\u00e2niei au fost semnalate \u00een repetate r\u00e2nduri incidente \u00een care au fost implicate drone.<\/p>\n<p>De aceast\u0103 dat\u0103 \u00eens\u0103, aparatul a ajuns \u00eentr-o zon\u0103 reziden\u021bial\u0103, iar dou\u0103 persoane au fost r\u0103nite, ceea ce a amplificat reac\u021biile autorit\u0103\u021bilor.<\/p>\n<p>Incidentul provoac\u0103 noi tensiuni \u00eentre Bucure\u0219ti \u0219i MoscovaPozi\u021biile celor dou\u0103 p\u0103r\u021bi r\u0103m\u00e2n complet diferite. Autorit\u0103\u021bile rom\u00e2ne sus\u021bin c\u0103 probele analizate indic\u0103 faptul c\u0103 drona este un Geran-2 de provenien\u021b\u0103 ruseasc\u0103, \u00een timp ce Vladimir Putin contest\u0103 aceast\u0103 concluzie \u0219i solicit\u0103 ca Rusia s\u0103 primeasc\u0103 fragmente din aparat pentru propria investiga\u021bie.<\/p>\n<p>Reac\u021biile NATO \u0219i ale oficialilor europeni au amplificat, la r\u00e2ndul lor, presiunea diplomatic\u0103 asupra Moscovei.<\/p>\n<p>Incidentul de la Gala\u021bi deschide astfel un nou capitol tensionat \u00een rela\u021biile dintre Rom\u00e2nia \u0219i Rusia, \u00eentr-un context regional deja complicat de r\u0103zboiul din Ucraina \u0219i de incidentele repetate cu drone \u00een apropierea frontierelor NATO.<\/p>\n","protected":false},"excerpt":{"rendered":"<p>Vladimir Putin a avut o prim\u0103 reac\u021bie public\u0103 dup\u0103 incidentul produs la Gala\u021bi, unde o dron\u0103 de tip Geran-2 s-a pr\u0103bu\u0219it \u00eentr-un bloc de locuin\u021be. Liderul de la Kremlin contest\u0103 concluziile prezentate de autorit\u0103\u021bile rom\u00e2ne \u0219i sus\u021bine c\u0103 originea aparatului nu poate fi stabilit\u0103 cu certitudine \u00eenainte de realizarea unei expertize complete. Pre\u0219edintele Rusiei a &#8230; <a title=\"\u02180C TOTAL! Vladimir Putin cere Rom\u00e2niei s\u0103 \u00eei dea\u2026\" class=\"read-more\" href=\"https:\/\/stiri-faine.com\/?p=5828\" aria-label=\"Read more about \u02180C TOTAL! Vladimir Putin cere Rom\u00e2niei s\u0103 \u00eei dea\u2026\">Read more<\/a><\/p>\n","protected":false},"author":1,"featured_media":0,"comment_status":"open","ping_status":"open","sticky":false,"template":"","format":"standard","meta":{"footnotes":""},"categories":[1],"tags":[],"class_list":["post-5828","post","type-post","status-publish","format-standard","hentry","category-uncategorized"],"_links":{"self":[{"href":"https:\/\/stiri-faine.com\/index.php?rest_route=\/wp\/v2\/posts\/5828","targetHints":{"allow":["GET"]}}],"collection":[{"href":"https:\/\/stiri-faine.com\/index.php?rest_route=\/wp\/v2\/posts"}],"about":[{"href":"https:\/\/stiri-faine.com\/index.php?rest_route=\/wp\/v2\/types\/post"}],"author":[{"embeddable":true,"href":"https:\/\/stiri-faine.com\/index.php?rest_route=\/wp\/v2\/users\/1"}],"replies":[{"embeddable":true,"href":"https:\/\/stiri-faine.com\/index.php?rest_route=%2Fwp%2Fv2%2Fcomments&post=5828"}],"version-history":[{"count":0,"href":"https:\/\/stiri-faine.com\/index.php?rest_route=\/wp\/v2\/posts\/5828\/revisions"}],"wp:attachment":[{"href":"https:\/\/stiri-faine.com\/index.php?rest_route=%2Fwp%2Fv2%2Fmedia&parent=5828"}],"wp:term":[{"taxonomy":"category","embeddable":true,"href":"https:\/\/stiri-faine.com\/index.php?rest_route=%2Fwp%2Fv2%2Fcategories&post=5828"},{"taxonomy":"post_tag","embeddable":true,"href":"https:\/\/stiri-faine.com\/index.php?rest_route=%2Fwp%2Fv2%2Ftags&post=5828"}],"curies":[{"name":"wp","href":"https:\/\/api.w.org\/{rel}","templated":true}]}}