{"id":5823,"date":"2026-09-01T07:40:56","date_gmt":"2026-09-01T07:40:56","guid":{"rendered":"https:\/\/stiri-faine.com\/?p=5823"},"modified":"2026-09-01T07:40:56","modified_gmt":"2026-09-01T07:40:56","slug":"cutremur-pe-scena-politica-fostul-presedinte-klaus-iohannis-5","status":"publish","type":"post","link":"https:\/\/stiri-faine.com\/?p=5823","title":{"rendered":"CUTREMUR pe scena politic\u0103! Fostul pre\u0219edinte Klaus Iohannis\u2026"},"content":{"rendered":"\n<p class=\"wp-block-paragraph\">Disputa juridic\u0103 privind un imobil situat \u00een centrul Sibiului, revendicat de familiile Iohannis \u0219i Ba\u0219tea, intr\u0103 \u00eentr-o nou\u0103 etap\u0103. O hot\u0103r\u00e2re pronun\u021bat\u0103 de Tribunalul Sibiu vizeaz\u0103 \u0219i cealalt\u0103 jum\u0103tate a propriet\u0103\u021bii, ceea ce ar putea deschide calea pentru ca statul rom\u00e2n s\u0103 ajung\u0103 proprietarul \u00eentregii cl\u0103diri.<\/p>\n\n\n\n<p class=\"wp-block-paragraph\">Cazul are \u00een spate un istoric juridic complicat \u0219i mai multe procese, iar miza este una considerabil\u0103. Pe l\u00e2ng\u0103 valoarea imobilului, autorit\u0103\u021bile urm\u0103resc recuperarea unor sume provenite din chirii \u0219i solicit\u0103 desp\u0103gubiri pentru perioada \u00een care statul sus\u021bine c\u0103 nu a putut folosi proprietatea.<\/p>\n\n\n\n<p class=\"wp-block-paragraph\">Situa\u021bia nu este \u00eens\u0103 definitiv tran\u0219at\u0103. Hot\u0103r\u00e2rea Tribunalului Sibiu poate fi contestat\u0103, iar pe rolul instan\u021belor se mai afl\u0103 \u0219i alte dosare care au leg\u0103tur\u0103 cu aceast\u0103 proprietate \u0219i cu preten\u021biile financiare formulate de stat.<\/p>\n\n\n\n<p class=\"wp-block-paragraph\">Cum a \u00eenceput disputa pentru imobilul din Sibiu<br>Cl\u0103direa care se afl\u0103 \u00een centrul \u00eentregului caz este situat\u0103 pe strada Nicolae B\u0103lcescu din Sibiu, una dintre cele mai cunoscute \u0219i valoroase zone ale ora\u0219ului.<\/p>\n\n\n\n<p class=\"wp-block-paragraph\">Imobilul a fost revendicat de familiile Iohannis \u0219i Ba\u0219tea, \u00eens\u0103 documentele care au stat la baza dob\u00e2ndirii drepturilor asupra propriet\u0103\u021bii au ajuns s\u0103 fie contestate de stat.<\/p>\n\n\n\n<p class=\"wp-block-paragraph\">Una dintre problemele centrale ale litigiului a fost certificatul de mo\u0219tenitor invocat \u00een procedurile privind proprietatea. Statul a sus\u021binut \u00een instan\u021b\u0103 c\u0103 documentul respectiv nu putea produce efectele juridice \u00een baza c\u0103rora fusese dob\u00e2ndit imobilul.<\/p>\n\n\n\n<p class=\"wp-block-paragraph\">Au urmat mai multe procese, iar instan\u021bele au dispus, pentru partea de\u021binut\u0103 anterior de so\u021bii Iohannis, radierea dreptului de proprietate \u0219i \u00eenscrierea statului rom\u00e2n.<\/p>\n\n\n\n<p class=\"wp-block-paragraph\">Noua etap\u0103 a disputei este important\u0103 deoarece prive\u0219te \u0219i cealalt\u0103 jum\u0103tate a cl\u0103dirii. \u00cen func\u021bie de solu\u021biile definitive ale instan\u021belor, statul ar putea ajunge astfel s\u0103 de\u021bin\u0103 \u00eentregul imobil.<\/p>\n\n\n\n<p class=\"wp-block-paragraph\">Miza financiar\u0103 este una important\u0103<br>Dincolo de implica\u021biile juridice, proprietatea are \u0219i o valoare imobiliar\u0103 considerabil\u0103 datorit\u0103 pozi\u021biei sale.<\/p>\n\n\n\n<p class=\"wp-block-paragraph\">Cl\u0103direa se afl\u0103 \u00eentr-o zon\u0103 comercial\u0103 important\u0103 din centrul Sibiului, unde pre\u021burile spa\u021biilor pot ajunge, potrivit estim\u0103rilor prezentate \u00een leg\u0103tur\u0103 cu acest caz, la aproximativ 2.700\u20133.300 de euro pentru un metru p\u0103trat.<\/p>\n\n\n\n<p class=\"wp-block-paragraph\">\u00cen condi\u021biile unei suprafe\u021be utile de aproximativ 166 de metri p\u0103tra\u021bi, valoarea imobilului ar putea fi estimat\u0103 \u00eentre 450.000 \u0219i 550.000 de euro.<\/p>\n\n\n\n<p class=\"wp-block-paragraph\">Valoarea efectiv\u0103 ar putea depinde \u00eens\u0103 de mai mul\u021bi factori, printre care starea cl\u0103dirii, amplasamentul exact, destina\u021bia spa\u021biilor \u0219i situa\u021bia de pe pia\u021ba imobiliar\u0103 \u00een momentul unei eventuale valorific\u0103ri.<\/p>\n\n\n\n<p class=\"wp-block-paragraph\">Pentru stat, disputa nu se rezum\u0103 \u00eens\u0103 la proprietatea propriu-zis\u0103.<\/p>\n\n\n\n<p class=\"wp-block-paragraph\">ANAF urm\u0103re\u0219te recuperarea unor sume<br>O alt\u0103 component\u0103 important\u0103 a cazului este reprezentat\u0103 de veniturile ob\u021binute din folosirea imobilului de-a lungul timpului.<\/p>\n\n\n\n<p class=\"wp-block-paragraph\">Autorit\u0103\u021bile urm\u0103resc recuperarea unor sume provenite din chirii \u0219i solicit\u0103, de asemenea, desp\u0103gubiri pentru lipsa de folosin\u021b\u0103 a propriet\u0103\u021bii.<\/p>\n\n\n\n<p class=\"wp-block-paragraph\">Tocmai aceast\u0103 component\u0103 financiar\u0103 a generat noi ac\u021biuni \u00een instan\u021b\u0103.<\/p>\n\n\n\n<p class=\"wp-block-paragraph\">Direc\u021bia Regional\u0103 a Finan\u021belor Publice Bra\u0219ov a contestat separat o hot\u0103r\u00e2re prin care fusese respins\u0103 solicitarea privind instituirea unui sechestru asigur\u0103tor asupra unor bunuri apar\u021bin\u00e2nd familiei Iohannis.<\/p>\n\n\n\n<p class=\"wp-block-paragraph\">Dosarul urmeaz\u0103 s\u0103 fie analizat de Curtea de Apel Alba, astfel c\u0103 \u0219i aceast\u0103 parte a disputei r\u0103m\u00e2ne deschis\u0103.<\/p>\n\n\n\n<p class=\"wp-block-paragraph\">\u00cen paralel, statul a ini\u021biat o alt\u0103 ac\u021biune prin care solicit\u0103 plata desp\u0103gubirilor pe care le consider\u0103 datorate, sus\u021bin\u00e2nd c\u0103 respectivele sume nu au fost achitate voluntar.<\/p>\n\n\n\n<p class=\"wp-block-paragraph\">Ce s-ar putea \u00eent\u00e2mpla cu proprietatea<br>\u00cen cazul \u00een care hot\u0103r\u00e2rile instan\u021belor vor r\u0103m\u00e2ne definitive, iar statul va dob\u00e2ndi dreptul de proprietate asupra \u00eentregii cl\u0103diri, autorit\u0103\u021bile vor trebui s\u0103 stabileasc\u0103 ce destina\u021bie va avea aceasta.<\/p>\n\n\n\n<p class=\"wp-block-paragraph\">Una dintre posibilit\u0103\u021bi ar fi \u00eenchirierea spa\u021biului, ceea ce ar permite ob\u021binerea unor venituri constante. O alt\u0103 variant\u0103 ar putea fi valorificarea propriet\u0103\u021bii prin procedurile legale aplicabile bunurilor aflate \u00een patrimoniul statului.<\/p>\n\n\n\n<p class=\"wp-block-paragraph\">Pozi\u021bionarea imobilului \u00eentr-o zon\u0103 important\u0103 a Sibiului \u00eei confer\u0103 o valoare comercial\u0103 ridicat\u0103, astfel c\u0103 orice decizie privind utilizarea sa ar putea avea \u0219i o component\u0103 financiar\u0103 semnificativ\u0103.<\/p>\n\n\n\n<p class=\"wp-block-paragraph\">Disputa juridic\u0103 nu s-a \u00eencheiat<br>\u00cen ciuda noilor evolu\u021bii, situa\u021bia propriet\u0103\u021bii nu poate fi considerat\u0103 definitiv rezolvat\u0103.<\/p>\n\n\n\n<p class=\"wp-block-paragraph\">Hot\u0103r\u00e2rea Tribunalului Sibiu poate fi atacat\u0103, iar alte dosare referitoare la bunuri, desp\u0103gubiri \u0219i m\u0103suri asigur\u0103torii sunt \u00eenc\u0103 \u00een diferite etape judiciare.<\/p>\n\n\n\n<p class=\"wp-block-paragraph\">Prin urmare, at\u00e2t situa\u021bia definitiv\u0103 a cl\u0103dirii, c\u00e2t \u0219i valoarea sumelor care ar putea fi recuperate de stat vor depinde de hot\u0103r\u00e2rile pronun\u021bate \u00een continuare de instan\u021be.<\/p>\n\n\n\n<p class=\"wp-block-paragraph\">Cazul r\u0103m\u00e2ne unul de interes, at\u00e2t prin persoanele implicate, c\u00e2t \u0219i prin valoarea propriet\u0103\u021bii \u0219i istoricul juridic complex acumulat de-a lungul anilor.<\/p>\n","protected":false},"excerpt":{"rendered":"<p>Disputa juridic\u0103 privind un imobil situat \u00een centrul Sibiului, revendicat de familiile Iohannis \u0219i Ba\u0219tea, intr\u0103 \u00eentr-o nou\u0103 etap\u0103. O hot\u0103r\u00e2re pronun\u021bat\u0103 de Tribunalul Sibiu vizeaz\u0103 \u0219i cealalt\u0103 jum\u0103tate a propriet\u0103\u021bii, ceea ce ar putea deschide calea pentru ca statul rom\u00e2n s\u0103 ajung\u0103 proprietarul \u00eentregii cl\u0103diri. Cazul are \u00een spate un istoric juridic complicat \u0219i &#8230; <a title=\"CUTREMUR pe scena politic\u0103! Fostul pre\u0219edinte Klaus Iohannis\u2026\" class=\"read-more\" href=\"https:\/\/stiri-faine.com\/?p=5823\" aria-label=\"Read more about CUTREMUR pe scena politic\u0103! Fostul pre\u0219edinte Klaus Iohannis\u2026\">Read more<\/a><\/p>\n","protected":false},"author":1,"featured_media":0,"comment_status":"open","ping_status":"open","sticky":false,"template":"","format":"standard","meta":{"footnotes":""},"categories":[1],"tags":[],"class_list":["post-5823","post","type-post","status-publish","format-standard","hentry","category-uncategorized"],"_links":{"self":[{"href":"https:\/\/stiri-faine.com\/index.php?rest_route=\/wp\/v2\/posts\/5823","targetHints":{"allow":["GET"]}}],"collection":[{"href":"https:\/\/stiri-faine.com\/index.php?rest_route=\/wp\/v2\/posts"}],"about":[{"href":"https:\/\/stiri-faine.com\/index.php?rest_route=\/wp\/v2\/types\/post"}],"author":[{"embeddable":true,"href":"https:\/\/stiri-faine.com\/index.php?rest_route=\/wp\/v2\/users\/1"}],"replies":[{"embeddable":true,"href":"https:\/\/stiri-faine.com\/index.php?rest_route=%2Fwp%2Fv2%2Fcomments&post=5823"}],"version-history":[{"count":1,"href":"https:\/\/stiri-faine.com\/index.php?rest_route=\/wp\/v2\/posts\/5823\/revisions"}],"predecessor-version":[{"id":5824,"href":"https:\/\/stiri-faine.com\/index.php?rest_route=\/wp\/v2\/posts\/5823\/revisions\/5824"}],"wp:attachment":[{"href":"https:\/\/stiri-faine.com\/index.php?rest_route=%2Fwp%2Fv2%2Fmedia&parent=5823"}],"wp:term":[{"taxonomy":"category","embeddable":true,"href":"https:\/\/stiri-faine.com\/index.php?rest_route=%2Fwp%2Fv2%2Fcategories&post=5823"},{"taxonomy":"post_tag","embeddable":true,"href":"https:\/\/stiri-faine.com\/index.php?rest_route=%2Fwp%2Fv2%2Ftags&post=5823"}],"curies":[{"name":"wp","href":"https:\/\/api.w.org\/{rel}","templated":true}]}}