{"id":5822,"date":"2026-09-01T07:40:08","date_gmt":"2026-09-01T07:40:08","guid":{"rendered":"https:\/\/stiri-faine.com\/?p=5822"},"modified":"2026-09-01T07:40:08","modified_gmt":"2026-09-01T07:40:08","slug":"da-e-adevarat-george-simion-noul-guvern-va-fi-2","status":"publish","type":"post","link":"https:\/\/stiri-faine.com\/?p=5822","title":{"rendered":"Da, e adev\u0103rat! George Simion: noul guvern va fi\u2026"},"content":{"rendered":"<p>George Simion a anun\u021bat c\u0103 AUR nu va sus\u021bine \u00een Parlament nicio formul\u0103 de guvernare din care partidul s\u0103u nu face parte. Liderul forma\u021biunii consider\u0103 c\u0103 actuala criz\u0103 politic\u0103 ar trebui rezolvat\u0103 prin organizarea unor noi alegeri \u0219i prin formarea unui executiv care s\u0103 beneficieze de un mandat complet.<\/p>\n<p>Pre\u0219edintele AUR a criticat modul \u00een care este gestionat\u0103 situa\u021bia politic\u0103 \u0219i l-a acuzat pe Nicu\u0219or Dan c\u0103 \u00eent\u00e2rzie desemnarea unui candidat pentru func\u021bia de prim-ministru.<\/p>\n<p>Simion: Rom\u00e2nia are nevoie de un guvern stabilGeorge Simion a afirmat c\u0103 Rom\u00e2nia se afl\u0103 de 84 de zile f\u0103r\u0103 un guvern cu puteri depline \u0219i a calificat situa\u021bia drept una iresponsabil\u0103.<\/p>\n<p>\u00cen opinia sa, solu\u021bia nu este prelungirea perioadelor de interimat, ci g\u0103sirea unei formule politice care s\u0103 aib\u0103 legitimitate \u0219i sus\u021binere parlamentar\u0103.<\/p>\n<p>Liderul AUR sus\u021bine c\u0103 organizarea unor noi alegeri ar reprezenta cea mai clar\u0103 variant\u0103 pentru ie\u0219irea din blocaj.<\/p>\n<p>AUR nu va vota un executiv din care nu face parteSimion a precizat c\u0103 nu a promis sus\u021binere pentru un eventual guvern condus de Adrian Ve\u0219tea \u0219i c\u0103 parlamentarii AUR nu vor vota o formul\u0103 \u00een care partidul nu este reprezentat.<\/p>\n<p>Acesta sus\u021bine c\u0103 forma\u021biunea sa nu urm\u0103re\u0219te ob\u021binerea unor func\u021bii \u00een schimbul voturilor, ci reprezentarea aleg\u0103torilor care au sus\u021binut AUR.<\/p>\n<p>Potrivit liderului partidului, un executiv stabil ar trebui s\u0103 reflecte c\u00e2t mai clar rezultatul votului popular \u0219i s\u0103 beneficieze de o majoritate capabil\u0103 s\u0103 guverneze pe termen lung.<\/p>\n<p>Negocieri cu celelalte partide parlamentareGeorge Simion a anun\u021bat c\u0103 Petri\u0219or Peiu \u0219i Mihai Enache au fost desemna\u021bi s\u0103 poarte discu\u021bii cu reprezentan\u021bii celorlalte partide din Parlament.<\/p>\n<p>Obiectivul declarat al acestor negocieri este identificarea unei solu\u021bii pentru dep\u0103\u0219irea crizei politice \u0219i, eventual, crearea condi\u021biilor pentru organizarea unor alegeri.<\/p>\n<p>AUR insist\u0103 c\u0103 actualul blocaj nu poate continua la nesf\u00e2r\u0219it \u0219i c\u0103 Rom\u00e2nia are nevoie de un executiv cu un mandat politic clar.<\/p>\n<p>Acuza\u021bii la adresa lui Nicu\u0219or DanGeorge Simion a sus\u021binut \u0219i c\u0103 pre\u0219edintele Nicu\u0219or Dan ar \u00eenc\u0103lca Constitu\u021bia prin \u00eent\u00e2rzierea desemn\u0103rii unui candidat pentru func\u021bia de premier.<\/p>\n<p>Aceast\u0103 afirma\u021bie reprezint\u0103 \u00eens\u0103 pozi\u021bia politic\u0103 exprimat\u0103 de liderul AUR \u0219i nu o constatare oficial\u0103 a Cur\u021bii Constitu\u021bionale sau a unei instan\u021be.<\/p>\n<p>P\u00e2n\u0103 la apari\u021bia unei formule care s\u0103 ob\u021bin\u0103 suficiente voturi \u00een Parlament, negocierile dintre partide r\u0103m\u00e2n decisive pentru stabilirea viitorului guvern \u0219i pentru \u00eencheierea perioadei de interimat.<\/p>\n","protected":false},"excerpt":{"rendered":"<p>George Simion a anun\u021bat c\u0103 AUR nu va sus\u021bine \u00een Parlament nicio formul\u0103 de guvernare din care partidul s\u0103u nu face parte. Liderul forma\u021biunii consider\u0103 c\u0103 actuala criz\u0103 politic\u0103 ar trebui rezolvat\u0103 prin organizarea unor noi alegeri \u0219i prin formarea unui executiv care s\u0103 beneficieze de un mandat complet. Pre\u0219edintele AUR a criticat modul \u00een &#8230; <a title=\"Da, e adev\u0103rat! George Simion: noul guvern va fi\u2026\" class=\"read-more\" href=\"https:\/\/stiri-faine.com\/?p=5822\" aria-label=\"Read more about Da, e adev\u0103rat! George Simion: noul guvern va fi\u2026\">Read more<\/a><\/p>\n","protected":false},"author":1,"featured_media":0,"comment_status":"open","ping_status":"open","sticky":false,"template":"","format":"standard","meta":{"footnotes":""},"categories":[1],"tags":[],"class_list":["post-5822","post","type-post","status-publish","format-standard","hentry","category-uncategorized"],"_links":{"self":[{"href":"https:\/\/stiri-faine.com\/index.php?rest_route=\/wp\/v2\/posts\/5822","targetHints":{"allow":["GET"]}}],"collection":[{"href":"https:\/\/stiri-faine.com\/index.php?rest_route=\/wp\/v2\/posts"}],"about":[{"href":"https:\/\/stiri-faine.com\/index.php?rest_route=\/wp\/v2\/types\/post"}],"author":[{"embeddable":true,"href":"https:\/\/stiri-faine.com\/index.php?rest_route=\/wp\/v2\/users\/1"}],"replies":[{"embeddable":true,"href":"https:\/\/stiri-faine.com\/index.php?rest_route=%2Fwp%2Fv2%2Fcomments&post=5822"}],"version-history":[{"count":0,"href":"https:\/\/stiri-faine.com\/index.php?rest_route=\/wp\/v2\/posts\/5822\/revisions"}],"wp:attachment":[{"href":"https:\/\/stiri-faine.com\/index.php?rest_route=%2Fwp%2Fv2%2Fmedia&parent=5822"}],"wp:term":[{"taxonomy":"category","embeddable":true,"href":"https:\/\/stiri-faine.com\/index.php?rest_route=%2Fwp%2Fv2%2Fcategories&post=5822"},{"taxonomy":"post_tag","embeddable":true,"href":"https:\/\/stiri-faine.com\/index.php?rest_route=%2Fwp%2Fv2%2Ftags&post=5822"}],"curies":[{"name":"wp","href":"https:\/\/api.w.org\/{rel}","templated":true}]}}