{"id":5791,"date":"2026-08-31T06:49:00","date_gmt":"2026-08-31T06:49:00","guid":{"rendered":"https:\/\/stiri-faine.com\/?p=5791"},"modified":"2026-08-31T06:49:00","modified_gmt":"2026-08-31T06:49:00","slug":"laura-cosoi-coplesita-de-dor-la-cinci-ani-de-la-moartea-tatalui-ei-mesajul-emotionant-al-vedetei","status":"publish","type":"post","link":"https:\/\/stiri-faine.com\/?p=5791","title":{"rendered":"Laura Cosoi, cople\u0219it\u0103 de dor la cinci ani de la moartea tat\u0103lui ei. Mesajul emo\u021bionant al vedetei"},"content":{"rendered":"\n<p class=\"wp-block-paragraph\">Laura Cosoi a trecut printr-un moment extrem de emo\u021bionant la cinci ani de la moartea tat\u0103lui s\u0103u, Marius Cosoi. Actri\u021ba \u0219i prezentatoarea TV \u0219i-a amintit cu durere de p\u0103rintele ei \u0219i a transmis un mesaj \u00een memoria celui care a avut un rol important \u00een via\u021ba sa.<\/p>\n\n\n\n<p class=\"wp-block-paragraph\">Marius Cosoi s-a stins din via\u021b\u0103 pe 26 noiembrie 2020, la v\u00e2rsta de 70 de ani, dup\u0103 ce s-a infectat cu COVID-19. Cunoscut \u00een Ia\u0219i, acesta a fost profesor de sport \u0219i antrenor de handbal \u0219i baschet. Pierderea lui a reprezentat o lovitur\u0103 grea pentru Laura Cosoi, care a vorbit \u00een repetate r\u00e2nduri despre rela\u021bia apropiat\u0103 pe care a avut-o cu tat\u0103l s\u0103u.<\/p>\n\n\n\n<p class=\"wp-block-paragraph\">La cinci ani de la tragedie, dorul a r\u0103mas la fel de puternic. Laura Cosoi a mers la morm\u00e2ntul tat\u0103lui s\u0103u \u0219i a publicat pe re\u021belele sociale un mesaj emo\u021bionant.<\/p>\n\n\n\n<p class=\"wp-block-paragraph\">\u201eDor de tine, tati! Luna asta a fost tare grea. \u0218i nu numai! De cele mai multe ori nu \u00een\u021beleg cum de s-a \u00eent\u00e2mplat a\u0219a ceva. Ce om bun am pierdut\u2026 Te iubim. #5ani\u201d, a transmis vedeta.<\/p>\n\n\n\n<p class=\"wp-block-paragraph\">De-a lungul timpului, Laura Cosoi a povestit c\u0103 tat\u0103l s\u0103u i-a l\u0103sat drept mo\u0219tenire nu doar amintiri pre\u021bioase, ci \u0219i credin\u021ba \u00een Dumnezeu \u0219i obiceiul de a merge la biseric\u0103. Actri\u021ba a m\u0103rturisit \u0219i c\u0103 reg\u0103se\u0219te unele dintre calit\u0103\u021bile tat\u0103lui s\u0103u \u00een so\u021bul ei, Cosmin Curtic\u0103pean, mai ales \u00een modul \u00een care acesta se implic\u0103 \u00een cre\u0219terea copiilor.<\/p>\n\n\n\n<p class=\"wp-block-paragraph\">Durerea Laurei Cosoi este cu at\u00e2t mai mare cu c\u00e2t, dup\u0103 pierderea tat\u0103lui, vedeta \u0219i-a pierdut \u0219i mama. Ligia Cosoi s-a stins din via\u021b\u0103 \u00een decembrie 2023.<\/p>\n\n\n\n<p class=\"wp-block-paragraph\">Chiar dac\u0103 anii au trecut, Laura Cosoi continu\u0103 s\u0103 p\u0103streze vie amintirea p\u0103rin\u021bilor s\u0103i \u0219i s\u0103 vorbeasc\u0103 despre ei cu mult\u0103 dragoste. Mesajele publicate de vedet\u0103 arat\u0103 c\u0103 dispari\u021bia tat\u0103lui s\u0103u a l\u0103sat un gol profund, iar dorul continu\u0103 s\u0103 o \u00eenso\u021beasc\u0103.<\/p>\n","protected":false},"excerpt":{"rendered":"<p>Laura Cosoi a trecut printr-un moment extrem de emo\u021bionant la cinci ani de la moartea tat\u0103lui s\u0103u, Marius Cosoi. Actri\u021ba \u0219i prezentatoarea TV \u0219i-a amintit cu durere de p\u0103rintele ei \u0219i a transmis un mesaj \u00een memoria celui care a avut un rol important \u00een via\u021ba sa. Marius Cosoi s-a stins din via\u021b\u0103 pe 26 &#8230; <a title=\"Laura Cosoi, cople\u0219it\u0103 de dor la cinci ani de la moartea tat\u0103lui ei. Mesajul emo\u021bionant al vedetei\" class=\"read-more\" href=\"https:\/\/stiri-faine.com\/?p=5791\" aria-label=\"Read more about Laura Cosoi, cople\u0219it\u0103 de dor la cinci ani de la moartea tat\u0103lui ei. Mesajul emo\u021bionant al vedetei\">Read more<\/a><\/p>\n","protected":false},"author":1,"featured_media":0,"comment_status":"open","ping_status":"open","sticky":false,"template":"","format":"standard","meta":{"footnotes":""},"categories":[1],"tags":[],"class_list":["post-5791","post","type-post","status-publish","format-standard","hentry","category-uncategorized"],"_links":{"self":[{"href":"https:\/\/stiri-faine.com\/index.php?rest_route=\/wp\/v2\/posts\/5791","targetHints":{"allow":["GET"]}}],"collection":[{"href":"https:\/\/stiri-faine.com\/index.php?rest_route=\/wp\/v2\/posts"}],"about":[{"href":"https:\/\/stiri-faine.com\/index.php?rest_route=\/wp\/v2\/types\/post"}],"author":[{"embeddable":true,"href":"https:\/\/stiri-faine.com\/index.php?rest_route=\/wp\/v2\/users\/1"}],"replies":[{"embeddable":true,"href":"https:\/\/stiri-faine.com\/index.php?rest_route=%2Fwp%2Fv2%2Fcomments&post=5791"}],"version-history":[{"count":1,"href":"https:\/\/stiri-faine.com\/index.php?rest_route=\/wp\/v2\/posts\/5791\/revisions"}],"predecessor-version":[{"id":5793,"href":"https:\/\/stiri-faine.com\/index.php?rest_route=\/wp\/v2\/posts\/5791\/revisions\/5793"}],"wp:attachment":[{"href":"https:\/\/stiri-faine.com\/index.php?rest_route=%2Fwp%2Fv2%2Fmedia&parent=5791"}],"wp:term":[{"taxonomy":"category","embeddable":true,"href":"https:\/\/stiri-faine.com\/index.php?rest_route=%2Fwp%2Fv2%2Fcategories&post=5791"},{"taxonomy":"post_tag","embeddable":true,"href":"https:\/\/stiri-faine.com\/index.php?rest_route=%2Fwp%2Fv2%2Ftags&post=5791"}],"curies":[{"name":"wp","href":"https:\/\/api.w.org\/{rel}","templated":true}]}}