{"id":5788,"date":"2026-08-31T06:47:49","date_gmt":"2026-08-31T06:47:49","guid":{"rendered":"https:\/\/stiri-faine.com\/?p=5788"},"modified":"2026-08-31T06:47:50","modified_gmt":"2026-08-31T06:47:50","slug":"vezi-ce-se-intampla-85","status":"publish","type":"post","link":"https:\/\/stiri-faine.com\/?p=5788","title":{"rendered":"Vezi ce se \u00eent\u00e2mpl\u0103!"},"content":{"rendered":"\n<p class=\"wp-block-paragraph\">Gabriela Pris\u0103cariu a transmis un mesaj lini\u0219titor fanilor, dup\u0103 ce a mers la spital pentru mai multe investiga\u021bii medicale, printre care \u0219i un RMN cerebral. So\u021bia prezentatorului Dani O\u021bil a explicat c\u0103 rezultatele analizelor sunt bune \u0219i c\u0103 nu exist\u0103 motive de \u00eengrijorare.<\/p>\n\n\n\n<p class=\"wp-block-paragraph\">O perioad\u0103 cu emo\u021bii pentru familie<br>Totul a \u00eenceput dup\u0103 problemele de s\u0103n\u0103tate ale fiului lor, Tiago, \u00een v\u00e2rst\u0103 de aproape cinci ani. B\u0103ie\u021belul a petrecut c\u00e2teva zile \u00een spital, perioad\u0103 \u00een care mama i-a fost al\u0103turi permanent, f\u0103r\u0103 pauz\u0103.<\/p>\n\n\n\n<p class=\"wp-block-paragraph\">Pe parcursul intern\u0103rii, Gabriela Pris\u0103cariu a \u021binut leg\u0103tura cu urm\u0103ritorii din mediul online \u0219i a oferit actualiz\u0103ri despre starea copilului. Dup\u0103 externare, a venit \u0219i vestea a\u0219teptat\u0103: micu\u021bul a revenit acas\u0103 \u0219i se recupereaz\u0103, chiar dac\u0103 tratamentul recomandat de medici continu\u0103.<\/p>\n\n\n\n<p class=\"wp-block-paragraph\">Investiga\u021bii f\u0103cute din preven\u021bie<br>La scurt timp dup\u0103 acest episod, Gabriela Pris\u0103cariu a publicat imagini din spital \u00een care ap\u0103rea cu perfuzie, lucru care a st\u00e2rnit \u00eengrijorare \u00een r\u00e2ndul fanilor. Ulterior, aceasta a clarificat situa\u021bia, preciz\u00e2nd c\u0103 nu a fost vorba despre o urgen\u021b\u0103, ci despre analize programate.<\/p>\n\n\n\n<p class=\"wp-block-paragraph\">Printre investiga\u021bii s-a num\u0103rat \u0219i un RMN cerebral, realizat ca verificare de rutin\u0103. Potrivit explica\u021biilor oferite de vedet\u0103, decizia de a face acest control a avut rol preventiv, pentru a elimina orice suspiciune medical\u0103.<\/p>\n\n\n\n<p class=\"wp-block-paragraph\">\u201eTotul este bine\u201d, mesajul transmis fanilor<br>Dup\u0103 finalizarea analizelor, Gabriela Pris\u0103cariu a transmis un mesaj clar \u0219i lini\u0219titor: rezultatele sunt bune, iar starea ei de s\u0103n\u0103tate este una normal\u0103.<\/p>\n\n\n\n<p class=\"wp-block-paragraph\">\u00cen prezent, at\u00e2t ea, c\u00e2t \u0219i fiul ei, Tiago, se afl\u0103 acas\u0103. Copilul urmeaz\u0103 tratamentul indicat de medici, iar familia \u00eencepe s\u0103 revin\u0103 treptat la rutina obi\u0219nuit\u0103.<\/p>\n\n\n\n<p class=\"wp-block-paragraph\">Mesajul transmis de so\u021bia lui Dani O\u021bil subliniaz\u0103 importan\u021ba controalelor medicale periodice, chiar \u0219i atunci c\u00e2nd nu exist\u0103 simptome evidente. Comunicarea deschis\u0103 cu publicul a contribuit la calmarea temerilor fanilor, iar ve\u0219tile primite confirm\u0103 c\u0103 situa\u021bia medical\u0103 este sub control.<\/p>\n","protected":false},"excerpt":{"rendered":"<p>Gabriela Pris\u0103cariu a transmis un mesaj lini\u0219titor fanilor, dup\u0103 ce a mers la spital pentru mai multe investiga\u021bii medicale, printre care \u0219i un RMN cerebral. So\u021bia prezentatorului Dani O\u021bil a explicat c\u0103 rezultatele analizelor sunt bune \u0219i c\u0103 nu exist\u0103 motive de \u00eengrijorare. O perioad\u0103 cu emo\u021bii pentru familieTotul a \u00eenceput dup\u0103 problemele de s\u0103n\u0103tate &#8230; <a title=\"Vezi ce se \u00eent\u00e2mpl\u0103!\" class=\"read-more\" href=\"https:\/\/stiri-faine.com\/?p=5788\" aria-label=\"Read more about Vezi ce se \u00eent\u00e2mpl\u0103!\">Read more<\/a><\/p>\n","protected":false},"author":1,"featured_media":0,"comment_status":"open","ping_status":"open","sticky":false,"template":"","format":"standard","meta":{"footnotes":""},"categories":[1],"tags":[],"class_list":["post-5788","post","type-post","status-publish","format-standard","hentry","category-uncategorized"],"_links":{"self":[{"href":"https:\/\/stiri-faine.com\/index.php?rest_route=\/wp\/v2\/posts\/5788","targetHints":{"allow":["GET"]}}],"collection":[{"href":"https:\/\/stiri-faine.com\/index.php?rest_route=\/wp\/v2\/posts"}],"about":[{"href":"https:\/\/stiri-faine.com\/index.php?rest_route=\/wp\/v2\/types\/post"}],"author":[{"embeddable":true,"href":"https:\/\/stiri-faine.com\/index.php?rest_route=\/wp\/v2\/users\/1"}],"replies":[{"embeddable":true,"href":"https:\/\/stiri-faine.com\/index.php?rest_route=%2Fwp%2Fv2%2Fcomments&post=5788"}],"version-history":[{"count":1,"href":"https:\/\/stiri-faine.com\/index.php?rest_route=\/wp\/v2\/posts\/5788\/revisions"}],"predecessor-version":[{"id":5790,"href":"https:\/\/stiri-faine.com\/index.php?rest_route=\/wp\/v2\/posts\/5788\/revisions\/5790"}],"wp:attachment":[{"href":"https:\/\/stiri-faine.com\/index.php?rest_route=%2Fwp%2Fv2%2Fmedia&parent=5788"}],"wp:term":[{"taxonomy":"category","embeddable":true,"href":"https:\/\/stiri-faine.com\/index.php?rest_route=%2Fwp%2Fv2%2Fcategories&post=5788"},{"taxonomy":"post_tag","embeddable":true,"href":"https:\/\/stiri-faine.com\/index.php?rest_route=%2Fwp%2Fv2%2Ftags&post=5788"}],"curies":[{"name":"wp","href":"https:\/\/api.w.org\/{rel}","templated":true}]}}