{"id":5783,"date":"2026-08-31T06:41:35","date_gmt":"2026-08-31T06:41:35","guid":{"rendered":"https:\/\/stiri-faine.com\/?p=5783"},"modified":"2026-08-31T06:41:35","modified_gmt":"2026-08-31T06:41:35","slug":"replica-dura-a-oanei-toiu-pentru-ambasadorul-rusiei-la-chisinau-rusia-recunoaste-de-fapt-ca-a-pierdut-controlul-2","status":"publish","type":"post","link":"https:\/\/stiri-faine.com\/?p=5783","title":{"rendered":"Replic\u0103 dur\u0103 a Oanei \u021aoiu pentru ambasadorul Rusiei la Chi\u0219in\u0103u: \u201eRusia recunoa\u0219te, de fapt, c\u0103 a pierdut controlul\u201d"},"content":{"rendered":"<p>Ministra interimar\u0103 de Externe, Oana \u021aoiu, a reac\u021bionat s\u00e2mb\u0103t\u0103 seara la acuza\u021biile lansate de ambasadorul Rusiei la Chi\u0219in\u0103u, Oleg Ozerov, potrivit c\u0103rora Rom\u00e2nia \u0219i Uniunea European\u0103 ar \u00eencerca s\u0103 sl\u0103beasc\u0103 suveranitatea Republicii Moldova.<\/p>\n<p>\u0218efa diploma\u021biei rom\u00e2ne a respins acuza\u021biile \u0219i a sus\u021binut c\u0103 mesajele venite de la Moscova arat\u0103, de fapt, c\u0103 Rusia \u00ee\u0219i pierde influen\u021ba \u00een Republica Moldova.<\/p>\n<p>Oana \u021aoiu: \u201eRusia \u00ee\u0219i pierde din sfera de influen\u021b\u0103\u201d\u00centr-o interven\u021bie la Digi24, Oana \u021aoiu a declarat c\u0103 orientarea proeuropean\u0103 a Republicii Moldova este tot mai clar\u0103 \u0219i c\u0103 voin\u021ba cet\u0103\u021benilor este \u00eendreptat\u0103 c\u0103tre aderarea la Uniunea European\u0103.<\/p>\n<p>\u201eSunt, de fapt, declara\u021bii ale Rusiei prin care recunoa\u0219te c\u0103 \u00ee\u0219i pierde din sfera de influen\u021b\u0103, cu siguran\u021b\u0103 \u0219i-au pierdut \u0219i controlul\u201d, a afirmat ministra interimar\u0103 de Externe.<\/p>\n<p>\u021aoiu a vorbit \u0219i despre progresele f\u0103cute de Republica Moldova \u00een negocierile de aderare la Uniunea European\u0103.<\/p>\n<p>Potrivit acesteia, obiectivul este ca toate clusterele de negociere s\u0103 fie deschise p\u00e2n\u0103 la finalul anului.<\/p>\n<p>\u201eRepublica Moldova este pe un drum european\u201dOana \u021aoiu a subliniat c\u0103 direc\u021bia european\u0103 a Republicii Moldova este sus\u021binut\u0103 de o parte important\u0103 a popula\u021biei \u0219i c\u0103 procesul de aderare va necesita \u00een continuare eforturi diplomatice la nivelul statelor membre UE.<\/p>\n<p>Ea a sus\u021binut c\u0103 Moscova reac\u021bioneaz\u0103 tocmai la pierderea influen\u021bei pe care a avut-o \u00een trecut asupra unor state din regiune.<\/p>\n<p>Ministra a mai afirmat c\u0103 Rusia nu mai poate concura cu perspectiva oferit\u0103 de integrarea european\u0103 pentru state precum Republica Moldova.<\/p>\n<p>Acuza\u021bii privind propaganda rus\u0103\u0218efa MAE a acuzat Moscova \u0219i de investi\u021bii importante \u00een propagand\u0103 \u0219i campanii de influen\u021b\u0103 menite, \u00een opinia sa, s\u0103 afecteze \u00eencrederea \u00een NATO \u0219i Uniunea European\u0103.<\/p>\n<p>\u021aoiu a sus\u021binut c\u0103 Rusia folose\u0219te resurse considerabile pentru a promova mesaje critice la adresa institu\u021biilor occidentale \u0219i c\u0103 aceea\u0219i strategie ar fi aplicat\u0103 \u0219i \u00een Republica Moldova.<\/p>\n<p>Ambasadorul rus acuzase Rom\u00e2nia \u0219i UEReplica Oanei \u021aoiu vine dup\u0103 declara\u021biile ambasadorului rus Oleg Ozerov.<\/p>\n<p>Diplomatul a sus\u021binut c\u0103 Rom\u00e2nia \u0219i Uniunea European\u0103 ar \u00eencerca s\u0103 submineze suveranitatea \u0219i statalitatea Republicii Moldova \u0219i a acuzat ceea ce a numit \u201etandemul Bruxelles-Bucure\u0219ti\u201d de exercitarea unor presiuni asupra Chi\u0219in\u0103ului.<\/p>\n<p>Afirma\u021biile lui Ozerov reprezint\u0103 pozi\u021bia oficialului rus \u0219i au fost respinse de partea rom\u00e2n\u0103, care sus\u021bine c\u0103 apropierea Republicii Moldova de Uniunea European\u0103 reflect\u0103 op\u021biunea politic\u0103 \u0219i electoral\u0103 a cet\u0103\u021benilor moldoveni.<\/p>\n","protected":false},"excerpt":{"rendered":"<p>Ministra interimar\u0103 de Externe, Oana \u021aoiu, a reac\u021bionat s\u00e2mb\u0103t\u0103 seara la acuza\u021biile lansate de ambasadorul Rusiei la Chi\u0219in\u0103u, Oleg Ozerov, potrivit c\u0103rora Rom\u00e2nia \u0219i Uniunea European\u0103 ar \u00eencerca s\u0103 sl\u0103beasc\u0103 suveranitatea Republicii Moldova. \u0218efa diploma\u021biei rom\u00e2ne a respins acuza\u021biile \u0219i a sus\u021binut c\u0103 mesajele venite de la Moscova arat\u0103, de fapt, c\u0103 Rusia \u00ee\u0219i pierde &#8230; <a title=\"Replic\u0103 dur\u0103 a Oanei \u021aoiu pentru ambasadorul Rusiei la Chi\u0219in\u0103u: \u201eRusia recunoa\u0219te, de fapt, c\u0103 a pierdut controlul\u201d\" class=\"read-more\" href=\"https:\/\/stiri-faine.com\/?p=5783\" aria-label=\"Read more about Replic\u0103 dur\u0103 a Oanei \u021aoiu pentru ambasadorul Rusiei la Chi\u0219in\u0103u: \u201eRusia recunoa\u0219te, de fapt, c\u0103 a pierdut controlul\u201d\">Read more<\/a><\/p>\n","protected":false},"author":1,"featured_media":0,"comment_status":"open","ping_status":"open","sticky":false,"template":"","format":"standard","meta":{"footnotes":""},"categories":[1],"tags":[],"class_list":["post-5783","post","type-post","status-publish","format-standard","hentry","category-uncategorized"],"_links":{"self":[{"href":"https:\/\/stiri-faine.com\/index.php?rest_route=\/wp\/v2\/posts\/5783","targetHints":{"allow":["GET"]}}],"collection":[{"href":"https:\/\/stiri-faine.com\/index.php?rest_route=\/wp\/v2\/posts"}],"about":[{"href":"https:\/\/stiri-faine.com\/index.php?rest_route=\/wp\/v2\/types\/post"}],"author":[{"embeddable":true,"href":"https:\/\/stiri-faine.com\/index.php?rest_route=\/wp\/v2\/users\/1"}],"replies":[{"embeddable":true,"href":"https:\/\/stiri-faine.com\/index.php?rest_route=%2Fwp%2Fv2%2Fcomments&post=5783"}],"version-history":[{"count":0,"href":"https:\/\/stiri-faine.com\/index.php?rest_route=\/wp\/v2\/posts\/5783\/revisions"}],"wp:attachment":[{"href":"https:\/\/stiri-faine.com\/index.php?rest_route=%2Fwp%2Fv2%2Fmedia&parent=5783"}],"wp:term":[{"taxonomy":"category","embeddable":true,"href":"https:\/\/stiri-faine.com\/index.php?rest_route=%2Fwp%2Fv2%2Fcategories&post=5783"},{"taxonomy":"post_tag","embeddable":true,"href":"https:\/\/stiri-faine.com\/index.php?rest_route=%2Fwp%2Fv2%2Ftags&post=5783"}],"curies":[{"name":"wp","href":"https:\/\/api.w.org\/{rel}","templated":true}]}}