{"id":5780,"date":"2026-08-31T06:41:03","date_gmt":"2026-08-31T06:41:03","guid":{"rendered":"https:\/\/stiri-faine.com\/?p=5780"},"modified":"2026-08-31T06:41:03","modified_gmt":"2026-08-31T06:41:03","slug":"nicusor-dan-a-promulgat-legea-se-anuleaza-datoriile-vezi-mai-mult-2","status":"publish","type":"post","link":"https:\/\/stiri-faine.com\/?p=5780","title":{"rendered":"Nicu\u0219or Dan a promulgat legea! Se ANULEAZ\u0102 datoriile\u2026 Vezi mai mult"},"content":{"rendered":"<p>O nou\u0103 lege schimb\u0103 modul \u00een care sunt tratate anumite obliga\u021bii de TVA stabilite retroactiv dup\u0103 anularea codului de TVA. Actul normativ promulgat de pre\u0219edintele Nicu\u0219or Dan permite, \u00een situa\u021biile prev\u0103zute expres de lege, anularea unor sume datorate, inclusiv a dob\u00e2nzilor \u0219i penalit\u0103\u021bilor aferente.<\/p>\n<p>M\u0103sura \u00eei vizeaz\u0103 \u00een special pe contribuabilii c\u0103rora le-a fost anulat codul de TVA \u0219i care, pentru perioadele respective, nu au \u00eenscris separat taxa \u00een facturi \u0219i nu au colectat-o de la clien\u021bi.<\/p>\n<p>\u00cen plus, contribuabilii care au achitat deja obliga\u021biile fiscale care intr\u0103 sub inciden\u021ba noilor prevederi vor putea solicita restituirea sumelor.<\/p>\n<p>Pre\u0219edintele Nicu\u0219or Dan a prezentat m\u0103sura drept o corectare a unei situa\u021bii considerate inechitabile pentru anumite firme.<\/p>\n<p>Cine poate beneficia de noua lege privind TVANoua reglementare se adreseaz\u0103 contribuabililor care au r\u0103mas f\u0103r\u0103 codul de TVA \u0219i c\u0103rora administra\u021bia fiscal\u0103 le-a stabilit ulterior, retroactiv, obliga\u021bii de plat\u0103 pentru perioadele \u00een care codul fusese anulat.<\/p>\n<p>\u00cen unele astfel de situa\u021bii, peste suma principal\u0103 de TVA au fost calculate \u0219i dob\u00e2nzi sau penalit\u0103\u021bi.<\/p>\n<p>Condi\u021bia esen\u021bial\u0103 pentru aplicarea facilit\u0103\u021bii este \u00eens\u0103 ca persoana sau compania respectiv\u0103 s\u0103 nu fi facturat distinct TVA \u0219i s\u0103 nu fi \u00eencasat efectiv aceast\u0103 tax\u0103 de la beneficiari.<\/p>\n<p>\u201eAm promulgat o lege important\u0103 care corecteaz\u0103 o inechitate produs\u0103 \u00een aplicarea regimului TVA \u0219i vine \u00een sprijinul contribuabililor afecta\u021bi\u201d, a transmis Nicu\u0219or Dan.<\/p>\n<p>Potrivit \u0219efului statului, obliga\u021biile fiscale stabilite pentru perioadele anterioare au pus \u00een anumite cazuri o presiune financiar\u0103 important\u0103 asupra \u00eentreprinderilor.<\/p>\n<p>Ce datorii pot fi anulate\u00cen cazurile care \u00eendeplinesc condi\u021biile prev\u0103zute de actul normativ, pot fi anulate at\u00e2t obliga\u021biile fiscale principale, c\u00e2t \u0219i accesoriile aferente.<\/p>\n<p>Asta \u00eenseamn\u0103 c\u0103 m\u0103sura poate viza nu doar TVA-ul calculat retroactiv, ci \u0219i dob\u00e2nzile \u0219i penalit\u0103\u021bile acumulate \u00een leg\u0103tur\u0103 cu aceste sume.<\/p>\n<p>Legea se aplic\u0103 inclusiv \u00een situa\u021biile \u00een care administra\u021bia fiscal\u0103 a emis deja decizii de impunere.<\/p>\n<p>Sunt avute \u00een vedere \u0219i cazurile \u00een care deciziile au fost emise, dar nu au fost \u00eenc\u0103 transmise contribuabilului, precum \u0219i situa\u021biile \u00een care autoritatea fiscal\u0103 nu a emis \u00eenc\u0103 o asemenea decizie pentru perioadele vizate.<\/p>\n<p>\u201eLegea corecteaz\u0103 aceast\u0103 situa\u021bie prin anularea obliga\u021biilor fiscale principale \u0219i a accesoriilor aferente pentru cazurile expres prev\u0103zute de lege\u201d, a explicat pre\u0219edintele.<\/p>\n<p>Cine nu beneficiaz\u0103 de anularea TVANoua lege nu reprezint\u0103 \u00eens\u0103 o \u0219tergere general\u0103 a tuturor datoriilor de TVA.<\/p>\n<p>Contribuabilii care au \u00eenscris TVA separat \u00een facturi sau \u00een documente echivalente nu intr\u0103 \u00een categoria celor care pot beneficia de anulare pentru respectivele opera\u021biuni.<\/p>\n<p>Aceea\u0219i regul\u0103 se aplic\u0103 \u0219i dac\u0103 taxa a fost colectat\u0103 efectiv, integral sau par\u021bial, de la clien\u021bi.<\/p>\n<p>\u00cen aceste situa\u021bii, obliga\u021bia fiscal\u0103 r\u0103m\u00e2ne.<\/p>\n<p>Nicu\u0219or Dan a subliniat c\u0103 m\u0103sura nu trebuie interpretat\u0103 ca o anulare necondi\u021bionat\u0103 a TVA datorate.<\/p>\n<p>\u201eAcolo unde TVA a fost facturat\u0103 distinct sau efectiv colectat\u0103 de la clien\u021bi, obliga\u021bia fiscal\u0103 r\u0103m\u00e2ne\u201d, a precizat acesta.<\/p>\n<p>Prin urmare, diferen\u021ba important\u0103 este dac\u0103 taxa a fost sau nu transferat\u0103 \u0219i \u00eencasat\u0103 de la beneficiar.<\/p>\n<p>Anularea se va face din oficiuPentru contribuabilii care se \u00eencadreaz\u0103 \u00een condi\u021biile prev\u0103zute de lege, anularea obliga\u021biilor vizate se va face din oficiu de c\u0103tre administra\u021bia fiscal\u0103.<\/p>\n<p>Aceast\u0103 prevedere este important\u0103 pentru firmele care au primit deja decizii de impunere, dar \u0219i pentru cele aflate \u00eenc\u0103 \u00een proceduri fiscale pentru perioadele respective.<\/p>\n<p>Aplicarea concret\u0103 a m\u0103surii va depinde de procedura care urmeaz\u0103 s\u0103 fie adoptat\u0103 de ANAF.<\/p>\n<p>Potrivit informa\u021biilor comunicate, institu\u021bia trebuie s\u0103 aprobe aceast\u0103 procedur\u0103 \u00een termen de 30 de zile de la intrarea \u00een vigoare a legii.<\/p>\n<p>Contribuabilii care au pl\u0103tit deja pot cere banii \u00eenapoiUna dintre cele mai importante prevederi \u00eei prive\u0219te pe cei care au achitat deja sumele stabilite de administra\u021bia fiscal\u0103.<\/p>\n<p>Ace\u0219tia nu vor fi dezavantaja\u021bi fa\u021b\u0103 de contribuabilii ale c\u0103ror datorii nu au fost \u00eenc\u0103 pl\u0103tite.<\/p>\n<p>Dac\u0103 obliga\u021biile achitate intr\u0103 sub inciden\u021ba noii legi, contribuabilii vor putea solicita restituirea banilor.<\/p>\n<p>\u201eContribuabilii care au achitat sumele stabilite prin deciziile de impunere care intr\u0103 sub inciden\u021ba legii le vor putea solicita \u00eenapoi\u201d, a explicat Nicu\u0219or Dan.<\/p>\n<p>M\u0103sura urm\u0103re\u0219te astfel s\u0103 produc\u0103 efecte \u0219i pentru situa\u021biile fiscale deja \u00eenchise prin plat\u0103.<\/p>\n<p>Ce trebuie s\u0103 \u0219tie firmele vizateNoua lege poate avea un impact important pentru contribuabilii care s-au confruntat cu stabilirea retroactiv\u0103 a TVA dup\u0103 anularea codului de tax\u0103.<\/p>\n<p>Beneficiul nu se aplic\u0103 \u00eens\u0103 automat tuturor pl\u0103titorilor de TVA, ci doar cazurilor expres prev\u0103zute, \u00een care taxa nu a fost facturat\u0103 distinct \u0219i nu a fost colectat\u0103 de la clien\u021bi.<\/p>\n<p>Pentru contribuabilii eligibili, pot fi anulate at\u00e2t obliga\u021biile principale, c\u00e2t \u0219i dob\u00e2nzile \u0219i penalit\u0103\u021bile aferente.<\/p>\n<p>Cei care au pl\u0103tit deja aceste sume vor putea solicita restituirea lor, \u00een timp ce administra\u021bia fiscal\u0103 va aplica din oficiu anularea pentru obliga\u021biile care \u00eendeplinesc condi\u021biile legale.<\/p>\n<p>Urm\u0103torul pas important este adoptarea procedurii de aplicare de c\u0103tre ANAF, document care ar trebui s\u0103 clarifice concret modul \u00een care vor fi identificate cazurile eligibile \u0219i felul \u00een care vor fi restituite sumele deja achitate.<\/p>\n","protected":false},"excerpt":{"rendered":"<p>O nou\u0103 lege schimb\u0103 modul \u00een care sunt tratate anumite obliga\u021bii de TVA stabilite retroactiv dup\u0103 anularea codului de TVA. Actul normativ promulgat de pre\u0219edintele Nicu\u0219or Dan permite, \u00een situa\u021biile prev\u0103zute expres de lege, anularea unor sume datorate, inclusiv a dob\u00e2nzilor \u0219i penalit\u0103\u021bilor aferente. M\u0103sura \u00eei vizeaz\u0103 \u00een special pe contribuabilii c\u0103rora le-a fost anulat &#8230; <a title=\"Nicu\u0219or Dan a promulgat legea! Se ANULEAZ\u0102 datoriile\u2026 Vezi mai mult\" class=\"read-more\" href=\"https:\/\/stiri-faine.com\/?p=5780\" aria-label=\"Read more about Nicu\u0219or Dan a promulgat legea! Se ANULEAZ\u0102 datoriile\u2026 Vezi mai mult\">Read more<\/a><\/p>\n","protected":false},"author":1,"featured_media":0,"comment_status":"open","ping_status":"open","sticky":false,"template":"","format":"standard","meta":{"footnotes":""},"categories":[1],"tags":[],"class_list":["post-5780","post","type-post","status-publish","format-standard","hentry","category-uncategorized"],"_links":{"self":[{"href":"https:\/\/stiri-faine.com\/index.php?rest_route=\/wp\/v2\/posts\/5780","targetHints":{"allow":["GET"]}}],"collection":[{"href":"https:\/\/stiri-faine.com\/index.php?rest_route=\/wp\/v2\/posts"}],"about":[{"href":"https:\/\/stiri-faine.com\/index.php?rest_route=\/wp\/v2\/types\/post"}],"author":[{"embeddable":true,"href":"https:\/\/stiri-faine.com\/index.php?rest_route=\/wp\/v2\/users\/1"}],"replies":[{"embeddable":true,"href":"https:\/\/stiri-faine.com\/index.php?rest_route=%2Fwp%2Fv2%2Fcomments&post=5780"}],"version-history":[{"count":0,"href":"https:\/\/stiri-faine.com\/index.php?rest_route=\/wp\/v2\/posts\/5780\/revisions"}],"wp:attachment":[{"href":"https:\/\/stiri-faine.com\/index.php?rest_route=%2Fwp%2Fv2%2Fmedia&parent=5780"}],"wp:term":[{"taxonomy":"category","embeddable":true,"href":"https:\/\/stiri-faine.com\/index.php?rest_route=%2Fwp%2Fv2%2Fcategories&post=5780"},{"taxonomy":"post_tag","embeddable":true,"href":"https:\/\/stiri-faine.com\/index.php?rest_route=%2Fwp%2Fv2%2Ftags&post=5780"}],"curies":[{"name":"wp","href":"https:\/\/api.w.org\/{rel}","templated":true}]}}