{"id":5774,"date":"2026-08-31T06:39:40","date_gmt":"2026-08-31T06:39:40","guid":{"rendered":"https:\/\/stiri-faine.com\/?p=5774"},"modified":"2026-08-31T06:39:40","modified_gmt":"2026-08-31T06:39:40","slug":"s0c-total-vladimir-putin-cere-romaniei-sa-ii-dea-2","status":"publish","type":"post","link":"https:\/\/stiri-faine.com\/?p=5774","title":{"rendered":"\u02180C TOTAL! Vladimir Putin cere Rom\u00e2niei s\u0103 \u00eei dea\u2026"},"content":{"rendered":"<p>Vladimir Putin a avut o prim\u0103 reac\u021bie public\u0103 dup\u0103 incidentul \u00een care o dron\u0103 de tip Geran-2, identificat\u0103 de autorit\u0103\u021bile rom\u00e2ne ca fiind de provenien\u021b\u0103 ruseasc\u0103, s-a pr\u0103bu\u0219it \u00eentr-un bloc din Gala\u021bi. Liderul de la Kremlin sus\u021bine c\u0103 Moscova este dispus\u0103 s\u0103 participe la o anchet\u0103, \u00eens\u0103 cere acces la fragmentele aparatului de zbor pentru o expertiz\u0103 proprie.<\/p>\n<p>Putin a pus sub semnul \u00eentreb\u0103rii concluziile prezentate de autorit\u0103\u021bile rom\u00e2ne \u0219i a sugerat c\u0103 drona ar fi putut avea o alt\u0103 origine.<\/p>\n<p>Putin arunc\u0103 suspiciuni asupra UcraineiPre\u0219edintele rus a declarat c\u0103 originea unei drone nu poate fi stabilit\u0103 cu certitudine f\u0103r\u0103 analizarea resturilor acesteia.<\/p>\n<p>El a amintit de alte incidente din Europa \u00een care, potrivit Moscovei, ar fi fost implicate drone ucrainene \u0219i a sugerat c\u0103 o situa\u021bie similar\u0103 ar putea exista \u0219i \u00een cazul Rom\u00e2niei.<\/p>\n<p>Putin a afirmat c\u0103 Rusia este preg\u0103tit\u0103 pentru ceea ce el a numit o \u201eanchet\u0103 obiectiv\u0103\u201d, dar a insistat ca autorit\u0103\u021bile rom\u00e2ne s\u0103 transmit\u0103 informa\u021bii \u0219i fragmente ale dronei pentru verific\u0103ri.<\/p>\n<p>Kremlinul respinge acuza\u021biile venite din EuropaLiderul rus a respins \u0219i criticile pre\u0219edintei Comisiei Europene, Ursula von der Leyen, care a acuzat Rusia c\u0103 a dep\u0103\u0219it o nou\u0103 limit\u0103 prin incidentul produs pe teritoriul Rom\u00e2niei.<\/p>\n<p>Putin a sus\u021binut c\u0103 astfel de concluzii nu ar trebui formulate \u00eenaintea unei expertize complete asupra aparatului.<\/p>\n<p>Pozi\u021bia Moscovei intr\u0103 \u00eens\u0103 \u00een contradic\u021bie direct\u0103 cu informa\u021biile prezentate de autorit\u0103\u021bile rom\u00e2ne.<\/p>\n<p>MApN: drona era de tip Geran-2 \u0219i de provenien\u021b\u0103 ruseasc\u0103Ministerul Ap\u0103r\u0103rii Na\u021bionale a anun\u021bat oficial c\u0103 drona pr\u0103bu\u0219it\u0103 \u00een Gala\u021bi era de tip Geran-2 \u0219i de provenien\u021b\u0103 ruseasc\u0103.<\/p>\n<p>Incidentul s-a produs pe 29 mai 2026, iar dou\u0103 persoane au fost r\u0103nite \u0219i transportate la spital. Potrivit MApN, \u00eenc\u0103rc\u0103tura dronei a explodat \u00een momentul impactului.<\/p>\n<p>Speciali\u0219ti din Ministerul Ap\u0103r\u0103rii, Ministerul Afacerilor Interne \u0219i Serviciul Rom\u00e2n de Informa\u021bii au participat la cercet\u0103rile desf\u0103\u0219urate \u00een zona afectat\u0103.<\/p>\n<p>NATO transmite un mesaj ferm\u0218i NATO a reac\u021bionat dup\u0103 incident, acuz\u00e2nd Rusia de un comportament imprudent \u0219i reafirm\u00e2nd c\u0103 Alian\u021ba va ap\u0103ra fiecare parte a teritoriului s\u0103u.<\/p>\n<p>Un reprezentant al Comandamentului Suprem al For\u021belor Aliate din Europa a confirmat, de asemenea, c\u0103 aparatul era de origine ruseasc\u0103.<\/p>\n<p>Incidentul de la Gala\u021bi a provocat astfel un nou schimb dur de acuza\u021bii \u00eentre Moscova, Bucure\u0219ti \u0219i alia\u021bii NATO, \u00eentr-un context regional deja tensionat de r\u0103zboiul din Ucraina \u0219i de incidentele repetate cu drone \u00een apropierea frontierelor Rom\u00e2niei.<\/p>\n","protected":false},"excerpt":{"rendered":"<p>Vladimir Putin a avut o prim\u0103 reac\u021bie public\u0103 dup\u0103 incidentul \u00een care o dron\u0103 de tip Geran-2, identificat\u0103 de autorit\u0103\u021bile rom\u00e2ne ca fiind de provenien\u021b\u0103 ruseasc\u0103, s-a pr\u0103bu\u0219it \u00eentr-un bloc din Gala\u021bi. Liderul de la Kremlin sus\u021bine c\u0103 Moscova este dispus\u0103 s\u0103 participe la o anchet\u0103, \u00eens\u0103 cere acces la fragmentele aparatului de zbor pentru &#8230; <a title=\"\u02180C TOTAL! Vladimir Putin cere Rom\u00e2niei s\u0103 \u00eei dea\u2026\" class=\"read-more\" href=\"https:\/\/stiri-faine.com\/?p=5774\" aria-label=\"Read more about \u02180C TOTAL! Vladimir Putin cere Rom\u00e2niei s\u0103 \u00eei dea\u2026\">Read more<\/a><\/p>\n","protected":false},"author":1,"featured_media":0,"comment_status":"open","ping_status":"open","sticky":false,"template":"","format":"standard","meta":{"footnotes":""},"categories":[1],"tags":[],"class_list":["post-5774","post","type-post","status-publish","format-standard","hentry","category-uncategorized"],"_links":{"self":[{"href":"https:\/\/stiri-faine.com\/index.php?rest_route=\/wp\/v2\/posts\/5774","targetHints":{"allow":["GET"]}}],"collection":[{"href":"https:\/\/stiri-faine.com\/index.php?rest_route=\/wp\/v2\/posts"}],"about":[{"href":"https:\/\/stiri-faine.com\/index.php?rest_route=\/wp\/v2\/types\/post"}],"author":[{"embeddable":true,"href":"https:\/\/stiri-faine.com\/index.php?rest_route=\/wp\/v2\/users\/1"}],"replies":[{"embeddable":true,"href":"https:\/\/stiri-faine.com\/index.php?rest_route=%2Fwp%2Fv2%2Fcomments&post=5774"}],"version-history":[{"count":0,"href":"https:\/\/stiri-faine.com\/index.php?rest_route=\/wp\/v2\/posts\/5774\/revisions"}],"wp:attachment":[{"href":"https:\/\/stiri-faine.com\/index.php?rest_route=%2Fwp%2Fv2%2Fmedia&parent=5774"}],"wp:term":[{"taxonomy":"category","embeddable":true,"href":"https:\/\/stiri-faine.com\/index.php?rest_route=%2Fwp%2Fv2%2Fcategories&post=5774"},{"taxonomy":"post_tag","embeddable":true,"href":"https:\/\/stiri-faine.com\/index.php?rest_route=%2Fwp%2Fv2%2Ftags&post=5774"}],"curies":[{"name":"wp","href":"https:\/\/api.w.org\/{rel}","templated":true}]}}