{"id":5773,"date":"2026-08-31T06:40:17","date_gmt":"2026-08-31T06:40:17","guid":{"rendered":"https:\/\/stiri-faine.com\/?p=5773"},"modified":"2026-08-31T06:40:18","modified_gmt":"2026-08-31T06:40:18","slug":"organele-interne-sunt-andreea-marin-a-ajuns-de-urgenta-la-spital-fiica-ei-vezi-mai-mult","status":"publish","type":"post","link":"https:\/\/stiri-faine.com\/?p=5773","title":{"rendered":"\u201eOrganele interne sunt\u2026\u201d Andreea Marin a ajuns de urgen\u021b\u0103 la spital. Fiica ei\u2026 Vezi mai mult"},"content":{"rendered":"\n<p class=\"wp-block-paragraph\">Andreea Marin \u0219i-a \u00eengrijorat admiratorii dup\u0103 ce a publicat o fotografie f\u0103cut\u0103 pe patul de spital, la doar c\u00e2teva minute dup\u0103 ce s-a trezit din anestezie. Vedeta a dezv\u0103luit c\u0103 a fost supus\u0103 unei interven\u021bii medicale \u00een urma unor simptome care se accentuaser\u0103 \u00een ultima perioad\u0103. Din fericire, rezultatele primite ulterior de la medici au fost bune, iar suspiciunile privind existen\u021ba unor probleme la nivelul organelor interne nu s-au confirmat.<\/p>\n\n\n\n<p class=\"wp-block-paragraph\">Fosta prezentatoare de televiziune a explicat c\u0103 fotografia nu fusese f\u0103cut\u0103 ini\u021bial pentru a fi publicat\u0103. Imaginea \u00eei era destinat\u0103 fiicei sale, Violeta, care se afla departe \u0219i a\u0219tepta cu emo\u021bie ve\u0219ti despre starea mamei sale.<\/p>\n\n\n\n<p class=\"wp-block-paragraph\">Experien\u021ba a determinat-o \u00eens\u0103 pe Andreea Marin s\u0103 vorbeasc\u0103 deschis despre o alt\u0103 problem\u0103: efectele pe care stresul acumulat, lipsa somnului \u0219i perioadele dificile le pot avea asupra st\u0103rii generale.<\/p>\n\n\n\n<p class=\"wp-block-paragraph\">Andreea Marin a ajuns la spital dup\u0103 ce simptomele s-au accentuat<br>Vedeta nu a dezv\u0103luit natura exact\u0103 a interven\u021biei medicale, \u00eens\u0103 a precizat c\u0103 aceasta a necesitat anestezie.<\/p>\n\n\n\n<p class=\"wp-block-paragraph\">\u00cen ultima perioad\u0103, anumite simptome deveniser\u0103 mai intense, motiv pentru care a decis s\u0103 fac\u0103 investiga\u021biile necesare pentru a afla dac\u0103 \u00een spatele acestora se afl\u0103 o problem\u0103 fizic\u0103.<\/p>\n\n\n\n<p class=\"wp-block-paragraph\">Dup\u0103 procedur\u0103 \u0219i investiga\u021bii, medicii i-au oferit vestea pe care spera s\u0103 o primeasc\u0103.<\/p>\n\n\n\n<p class=\"wp-block-paragraph\">Suspiciunile luate ini\u021bial \u00een calcul nu s-au confirmat, iar organele interne sunt, potrivit declara\u021biilor sale, \u00een regul\u0103.<\/p>\n\n\n\n<p class=\"wp-block-paragraph\">\u201eTotu-i bine c\u00e2nd se termin\u0103 cu bine\u201d, a transmis Andreea Marin, explic\u00e2nd c\u0103 medicii i-au comunicat c\u0103 posibilele cauze fizice investigate nu au fost confirmate.<\/p>\n\n\n\n<p class=\"wp-block-paragraph\">Fotografia de pe patul de spital era pentru fiica ei<br>\u00cen imaginea publicat\u0103, Andreea Marin apare pe patul de spital, la pu\u021bin timp dup\u0103 trezirea din anestezie.<\/p>\n\n\n\n<p class=\"wp-block-paragraph\">Vedeta a explicat c\u0103 fotografia nu fusese realizat\u0103 pentru re\u021belele sociale.<\/p>\n\n\n\n<p class=\"wp-block-paragraph\">Scopul ei era s\u0103 \u00eei arate fiicei sale c\u0103 se simte bine.<\/p>\n\n\n\n<p class=\"wp-block-paragraph\">Violeta nu putea fi l\u00e2ng\u0103 mama sa \u00een acel moment, fiind deja plecat\u0103 peste ocean pentru o nou\u0103 etap\u0103 din via\u021ba ei.<\/p>\n\n\n\n<p class=\"wp-block-paragraph\">\u201eNu e cea mai reu\u0219it\u0103 poz\u0103, dar nici nu trebuie s\u0103 fie \u0219i nu era menit\u0103 s\u0103 ajung\u0103 aici\u201d, a explicat Andreea Marin.<\/p>\n\n\n\n<p class=\"wp-block-paragraph\">Vedeta a povestit c\u0103 z\u00e2mbetul din fotografie era destinat \u00een primul r\u00e2nd fiicei sale, care a\u0219tepta cu emo\u021bie s\u0103 afle cum a decurs interven\u021bia.<\/p>\n\n\n\n<p class=\"wp-block-paragraph\">Medicii i-au dat vestea pe care o a\u0219tepta<br>\u00cen urma investiga\u021biilor, Andreea Marin a aflat c\u0103 suspiciunile privind anumite probleme ale organelor interne nu s-au confirmat.<\/p>\n\n\n\n<p class=\"wp-block-paragraph\">Pentru vedet\u0103, vestea a reprezentat o important\u0103 u\u0219urare.<\/p>\n\n\n\n<p class=\"wp-block-paragraph\">Experien\u021ba a determinat-o \u00eens\u0103 s\u0103 priveasc\u0103 mai atent c\u0103tre alte cauze care i-ar putea afecta starea general\u0103.<\/p>\n\n\n\n<p class=\"wp-block-paragraph\">Andreea Marin a vorbit despre perioadele lungi de stres, grijile acumulate \u0219i nop\u021bile \u00een care nu a reu\u0219it s\u0103 se odihneasc\u0103 suficient.<\/p>\n\n\n\n<p class=\"wp-block-paragraph\">Vedeta a men\u021bionat \u0219i episoade de anxietate, atacuri de panic\u0103 \u0219i senza\u021bia acut\u0103 de lips\u0103 de aer, preciz\u00e2nd c\u0103 inten\u021bioneaz\u0103 s\u0103 vorbeasc\u0103 mai pe larg despre aceste experien\u021be \u00een viitor.<\/p>\n\n\n\n<p class=\"wp-block-paragraph\">\u201eAdeseori am luat pe umerii mei mult mai mult dec\u00e2t pot s\u0103 duc\u201d<br>Mesajul publicat dup\u0103 experien\u021ba de la spital s-a transformat \u00eentr-o m\u0103rturisire personal\u0103.<\/p>\n\n\n\n<p class=\"wp-block-paragraph\">Andreea Marin a recunoscut c\u0103, de\u0219i a acordat permanent aten\u021bie s\u0103n\u0103t\u0103\u021bii, obi\u0219nuin\u021ba de a se considera o persoan\u0103 puternic\u0103 a determinat-o uneori s\u0103 \u00ee\u0219i asume prea multe responsabilit\u0103\u021bi.<\/p>\n\n\n\n<p class=\"wp-block-paragraph\">\u201eAdeseori am luat pe umerii mei mult mai mult dec\u00e2t pot s\u0103 duc, spun\u00e2ndu-mi c\u0103 eu sunt puternic\u0103 \u0219i c\u0103\u2026 trebuie\u201d, a m\u0103rturisit vedeta.<\/p>\n\n\n\n<p class=\"wp-block-paragraph\">Aceasta spune c\u0103 a reu\u0219it s\u0103 dep\u0103\u0219easc\u0103 numeroase perioade dificile, \u00eens\u0103 acum realizeaz\u0103 c\u0103 fiecare asemenea efort poate veni cu un cost.<\/p>\n\n\n\n<p class=\"wp-block-paragraph\">Tocmai de aceea, experien\u021ba recent\u0103 a determinat-o s\u0103 vorbeasc\u0103 despre importan\u021ba limitelor personale.<\/p>\n\n\n\n<p class=\"wp-block-paragraph\">Mesajul transmis celor care o urm\u0103resc<br>Andreea Marin \u0219i-a \u00eendemnat urm\u0103ritorii s\u0103 nu ignore semnalele transmise de propriul organism \u0219i s\u0103 fie aten\u021bi la nivelul de presiune pe care \u00eel accept\u0103 \u00een via\u021ba de zi cu zi.<\/p>\n\n\n\n<p class=\"wp-block-paragraph\">\u201eAm putut, dar cu un cost pe care trebuie s\u0103 \u00eenv\u0103\u021b s\u0103 \u00eel evaluez corect, \u00eenainte de a mi-l asuma\u2026 sau nu\u201d, a transmis ea.<\/p>\n\n\n\n<p class=\"wp-block-paragraph\">Vedeta consider\u0103 c\u0103 oamenii trebuie s\u0103 \u00eenve\u021be s\u0103 evalueze c\u00e2t pot duce \u00eenainte de a ajunge \u00eentr-un punct \u00een care starea lor general\u0103 este serios afectat\u0103.<\/p>\n\n\n\n<p class=\"wp-block-paragraph\">Mesajul s\u0103u vine dup\u0103 o perioad\u0103 \u00een care simptomele resim\u021bite au determinat-o s\u0103 apeleze la medici pentru investiga\u021bii.<\/p>\n\n\n\n<p class=\"wp-block-paragraph\">Andreea Marin a primit ve\u0219ti bune dup\u0103 interven\u021bie<br>De\u0219i fotografia f\u0103cut\u0103 pe patul de spital a provocat \u00eengrijorare, informa\u021biile transmise ulterior de vedet\u0103 sunt lini\u0219titoare.<\/p>\n\n\n\n<p class=\"wp-block-paragraph\">Andreea Marin a precizat c\u0103 suspiciunile medicale investigate nu s-au confirmat \u0219i c\u0103, din punct de vedere fizic, organele sale interne sunt bine.<\/p>\n\n\n\n<p class=\"wp-block-paragraph\">Vedeta nu a dezv\u0103luit diagnostice \u0219i nici natura exact\u0103 a interven\u021biei la care a fost supus\u0103, prefer\u00e2nd s\u0103 p\u0103streze aceste detalii private.<\/p>\n\n\n\n<p class=\"wp-block-paragraph\">Experien\u021ba a f\u0103cut-o \u00eens\u0103 s\u0103 transmit\u0103 un mesaj celor care o urm\u0103resc: stresul, grijile \u0219i lipsa odihnei nu ar trebui ignorate, iar limitele personale trebuie luate \u00een serios.<\/p>\n\n\n\n<p class=\"wp-block-paragraph\">Dup\u0103 momentul petrecut \u00een spital, Andreea Marin spune c\u0103 a \u00een\u021beles \u0219i mai clar c\u00e2t de important este s\u0103 c\u00e2nt\u0103reasc\u0103 responsabilit\u0103\u021bile pe care \u0219i le asum\u0103 \u0219i costul pe care acestea \u00eel pot avea asupra propriei st\u0103ri.<\/p>\n","protected":false},"excerpt":{"rendered":"<p>Andreea Marin \u0219i-a \u00eengrijorat admiratorii dup\u0103 ce a publicat o fotografie f\u0103cut\u0103 pe patul de spital, la doar c\u00e2teva minute dup\u0103 ce s-a trezit din anestezie. Vedeta a dezv\u0103luit c\u0103 a fost supus\u0103 unei interven\u021bii medicale \u00een urma unor simptome care se accentuaser\u0103 \u00een ultima perioad\u0103. Din fericire, rezultatele primite ulterior de la medici au &#8230; <a title=\"\u201eOrganele interne sunt\u2026\u201d Andreea Marin a ajuns de urgen\u021b\u0103 la spital. Fiica ei\u2026 Vezi mai mult\" class=\"read-more\" href=\"https:\/\/stiri-faine.com\/?p=5773\" aria-label=\"Read more about \u201eOrganele interne sunt\u2026\u201d Andreea Marin a ajuns de urgen\u021b\u0103 la spital. Fiica ei\u2026 Vezi mai mult\">Read more<\/a><\/p>\n","protected":false},"author":1,"featured_media":0,"comment_status":"open","ping_status":"open","sticky":false,"template":"","format":"standard","meta":{"footnotes":""},"categories":[1],"tags":[],"class_list":["post-5773","post","type-post","status-publish","format-standard","hentry","category-uncategorized"],"_links":{"self":[{"href":"https:\/\/stiri-faine.com\/index.php?rest_route=\/wp\/v2\/posts\/5773","targetHints":{"allow":["GET"]}}],"collection":[{"href":"https:\/\/stiri-faine.com\/index.php?rest_route=\/wp\/v2\/posts"}],"about":[{"href":"https:\/\/stiri-faine.com\/index.php?rest_route=\/wp\/v2\/types\/post"}],"author":[{"embeddable":true,"href":"https:\/\/stiri-faine.com\/index.php?rest_route=\/wp\/v2\/users\/1"}],"replies":[{"embeddable":true,"href":"https:\/\/stiri-faine.com\/index.php?rest_route=%2Fwp%2Fv2%2Fcomments&post=5773"}],"version-history":[{"count":1,"href":"https:\/\/stiri-faine.com\/index.php?rest_route=\/wp\/v2\/posts\/5773\/revisions"}],"predecessor-version":[{"id":5775,"href":"https:\/\/stiri-faine.com\/index.php?rest_route=\/wp\/v2\/posts\/5773\/revisions\/5775"}],"wp:attachment":[{"href":"https:\/\/stiri-faine.com\/index.php?rest_route=%2Fwp%2Fv2%2Fmedia&parent=5773"}],"wp:term":[{"taxonomy":"category","embeddable":true,"href":"https:\/\/stiri-faine.com\/index.php?rest_route=%2Fwp%2Fv2%2Fcategories&post=5773"},{"taxonomy":"post_tag","embeddable":true,"href":"https:\/\/stiri-faine.com\/index.php?rest_route=%2Fwp%2Fv2%2Ftags&post=5773"}],"curies":[{"name":"wp","href":"https:\/\/api.w.org\/{rel}","templated":true}]}}