{"id":5767,"date":"2026-08-31T06:38:53","date_gmt":"2026-08-31T06:38:53","guid":{"rendered":"https:\/\/stiri-faine.com\/?p=5767"},"modified":"2026-08-31T06:38:54","modified_gmt":"2026-08-31T06:38:54","slug":"doamne-nu-se-poate-asa-ceva-a-mvrit-cornel-vezi-mai-mult","status":"publish","type":"post","link":"https:\/\/stiri-faine.com\/?p=5767","title":{"rendered":"Doamne, nu se poate a\u0219a ceva! A mvrit Cornel\u2026 Vezi mai mult"},"content":{"rendered":"\n<p class=\"wp-block-paragraph\">Este doliu \u00een cadrul Serviciului de Ambulan\u021b\u0103 Jude\u021bean Ia\u0219i, dup\u0103 dispari\u021bia unuia dintre membrii colectivului. C\u0103praru Cornel, ambulan\u021bier care \u0219i-a desf\u0103\u0219urat activitatea \u00een cadrul institu\u021biei, s-a stins din via\u021b\u0103, iar vestea a provocat mult\u0103 triste\u021be \u00een r\u00e2ndul fo\u0219tilor colegi \u0219i al tuturor celor care l-au cunoscut.<\/p>\n\n\n\n<p class=\"wp-block-paragraph\">Anun\u021bul a fost f\u0103cut de reprezentan\u021bii Serviciului de Ambulan\u021b\u0103 Jude\u021bean Ia\u0219i, care i-au dedicat fostului coleg un mesaj emo\u021bionant de r\u0103mas-bun.<\/p>\n\n\n\n<p class=\"wp-block-paragraph\">Cei care au lucrat al\u0103turi de C\u0103praru Cornel \u0219i-au amintit de un profesionist dedicat, care \u0219i-a \u00eendeplinit responsabilit\u0103\u021bile cu seriozitate \u0219i care, p\u00e2n\u0103 \u00een urm\u0103 cu doar c\u00e2teva luni, f\u0103cea parte din echipele implicate \u00een interven\u021biile medicale de urgen\u021b\u0103.<\/p>\n\n\n\n<p class=\"wp-block-paragraph\">Colegii lui C\u0103praru Cornel, mesaj emo\u021bionant de r\u0103mas-bun<br>Vestea dispari\u021biei sale a venit ca o lovitur\u0103 pentru colectivul Serviciului de Ambulan\u021b\u0103 Jude\u021bean Ia\u0219i. \u00cen mesajul transmis dup\u0103 aflarea ve\u0219tii, colegii au vorbit despre durerea unei desp\u0103r\u021biri venite mult prea repede.<\/p>\n\n\n\n<p class=\"wp-block-paragraph\">Pentru oamenii care lucreaz\u0103 \u00eentr-un serviciu de urgen\u021b\u0103, rela\u021bia dintre colegi este una aparte. Orele petrecute \u00eempreun\u0103, interven\u021biile dificile \u0219i situa\u021biile \u00een care fiecare secund\u0103 conteaz\u0103 creeaz\u0103 leg\u0103turi puternice \u00eentre membrii echipelor.<\/p>\n\n\n\n<p class=\"wp-block-paragraph\">C\u0103praru Cornel a f\u0103cut parte din aceast\u0103 lume \u0219i a contribuit, prin activitatea sa, la misiunile desf\u0103\u0219urate zi de zi de personalul medical \u0219i de ambulan\u021bieri.<\/p>\n\n\n\n<p class=\"wp-block-paragraph\">Colegii s\u0103i au transmis un mesaj de condolean\u021be familiei, prietenilor \u0219i tuturor celor care l-au cunoscut.<\/p>\n\n\n\n<p class=\"wp-block-paragraph\">\u201eDesp\u0103r\u021birea at\u00e2t de brusc\u0103 de un coleg care, \u00een urm\u0103 cu doar c\u00e2teva luni, era \u00een mijlocul nostru, ne \u00eentristeaz\u0103 profund \u0219i ne aminte\u0219te c\u00e2t de fragil\u0103 este via\u021ba. \u00cen aceste clipe de grea \u00eencercare, transmitem sincere condolean\u021be familiei \u00eendurerate, prietenilor \u0219i tuturor celor care l-au cunoscut \u0219i pre\u021buit.\u201d<\/p>\n\n\n\n<p class=\"wp-block-paragraph\">Mesajul arat\u0103 c\u00e2t de puternic\u0103 a fost amprenta pe care acesta a l\u0103sat-o asupra oamenilor al\u0103turi de care \u0219i-a desf\u0103\u0219urat activitatea.<\/p>\n\n\n\n<p class=\"wp-block-paragraph\">Un profesionist dedicat meseriei sale<br>\u00cen cadrul serviciilor de ambulan\u021b\u0103, fiecare membru al echipei are un rol important. Interven\u021biile presupun reac\u021bie rapid\u0103, responsabilitate \u0219i capacitatea de a lucra \u00een condi\u021bii \u00een care presiunea poate fi foarte mare.<\/p>\n\n\n\n<p class=\"wp-block-paragraph\">Ambulan\u021bierii sunt cei care, \u00eempreun\u0103 cu personalul medical, ajung la numeroase solicit\u0103ri \u0219i contribuie la transportarea \u00een siguran\u021b\u0103 a pacien\u021bilor c\u0103tre unit\u0103\u021bile medicale.<\/p>\n\n\n\n<p class=\"wp-block-paragraph\">Este o meserie \u00een care programul obi\u0219nuit este \u00eenlocuit adesea de ture dificile, interven\u021bii nocturne \u0219i situa\u021bii imprevizibile.<\/p>\n\n\n\n<p class=\"wp-block-paragraph\">Colegii lui C\u0103praru Cornel au pus accentul tocmai pe seriozitatea \u0219i responsabilitatea de care acesta a dat dovad\u0103 \u00een activitatea profesional\u0103.<\/p>\n\n\n\n<p class=\"wp-block-paragraph\">Faptul c\u0103, \u00een urm\u0103 cu numai c\u00e2teva luni, se afla \u00eenc\u0103 \u00een mijlocul colectivului face ca vestea dispari\u021biei sale s\u0103 fie cu at\u00e2t mai greu de acceptat pentru oamenii care au \u00eemp\u0103r\u021bit cu el numeroase zile de munc\u0103.<\/p>\n\n\n\n<p class=\"wp-block-paragraph\">Pierdere dureroas\u0103 pentru colectivul SAJ Ia\u0219i<br>\u00cen spatele fiec\u0103rei ambulan\u021be care pleac\u0103 spre o interven\u021bie exist\u0103 o echip\u0103 de oameni obi\u0219nui\u021bi s\u0103 ac\u021bioneze rapid \u0219i s\u0103 \u00ee\u0219i coordoneze fiecare gest.<\/p>\n\n\n\n<p class=\"wp-block-paragraph\">De-a lungul timpului, aceste experien\u021be creeaz\u0103 nu doar rela\u021bii profesionale, ci \u0219i prietenii. Tocmai de aceea, dispari\u021bia unui membru al colectivului este resim\u021bit\u0103 puternic de cei care r\u0103m\u00e2n.<\/p>\n\n\n\n<p class=\"wp-block-paragraph\">Pentru colegii s\u0103i, C\u0103praru Cornel nu va r\u0103m\u00e2ne doar numele unui fost angajat al institu\u021biei, ci omul al\u0103turi de care au fost parcurse numeroase ture \u0219i interven\u021bii.<\/p>\n\n\n\n<p class=\"wp-block-paragraph\">Mesajul public transmis de Serviciul de Ambulan\u021b\u0103 Jude\u021bean Ia\u0219i reprezint\u0103 at\u00e2t un omagiu adus activit\u0103\u021bii sale, c\u00e2t \u0219i un gest de solidaritate fa\u021b\u0103 de familia \u00eendurerat\u0103.<\/p>\n\n\n\n<p class=\"wp-block-paragraph\">G\u00e2ndurile colegilor se \u00eendreapt\u0103 c\u0103tre familie<br>\u00cen aceste momente dificile, reprezentan\u021bii institu\u021biei \u0219i-au \u00eendreptat g\u00e2ndurile c\u0103tre familia lui C\u0103praru Cornel, c\u0103tre prieteni \u0219i c\u0103tre toate persoanele care l-au cunoscut \u0219i apreciat.<\/p>\n\n\n\n<p class=\"wp-block-paragraph\">Pierderea unui coleg este cu at\u00e2t mai greu de acceptat \u00eentr-un domeniu \u00een care oamenii lucreaz\u0103 zilnic pentru salvarea \u0219i protejarea vie\u021bii.<\/p>\n\n\n\n<p class=\"wp-block-paragraph\">Dincolo de uniform\u0103 \u0219i de responsabilit\u0103\u021bile profesionale, r\u0103m\u00e2n amintirile construite \u00een anii petrecu\u021bi \u00eempreun\u0103, momentele \u00eemp\u0103rt\u0103\u0219ite \u0219i respectul c\u00e2\u0219tigat prin munc\u0103.<\/p>\n\n\n\n<p class=\"wp-block-paragraph\">Dispari\u021bia lui C\u0103praru Cornel las\u0103 \u00een urm\u0103 triste\u021be \u00een colectivul Serviciului de Ambulan\u021b\u0103 Jude\u021bean Ia\u0219i, dar \u0219i amintirea unui om despre care colegii s\u0103i vorbesc cu respect \u0219i recuno\u0219tin\u021b\u0103.<\/p>\n\n\n\n<p class=\"wp-block-paragraph\">\u00cen mesajul lor de r\u0103mas-bun, ace\u0219tia au rezumat poate cel mai bine sentimentul provocat de aceast\u0103 pierdere: via\u021ba este fragil\u0103, iar desp\u0103r\u021birea de un om care p\u00e2n\u0103 nu demult se afla printre ei este greu de acceptat.<\/p>\n","protected":false},"excerpt":{"rendered":"<p>Este doliu \u00een cadrul Serviciului de Ambulan\u021b\u0103 Jude\u021bean Ia\u0219i, dup\u0103 dispari\u021bia unuia dintre membrii colectivului. C\u0103praru Cornel, ambulan\u021bier care \u0219i-a desf\u0103\u0219urat activitatea \u00een cadrul institu\u021biei, s-a stins din via\u021b\u0103, iar vestea a provocat mult\u0103 triste\u021be \u00een r\u00e2ndul fo\u0219tilor colegi \u0219i al tuturor celor care l-au cunoscut. Anun\u021bul a fost f\u0103cut de reprezentan\u021bii Serviciului de Ambulan\u021b\u0103 &#8230; <a title=\"Doamne, nu se poate a\u0219a ceva! A mvrit Cornel\u2026 Vezi mai mult\" class=\"read-more\" href=\"https:\/\/stiri-faine.com\/?p=5767\" aria-label=\"Read more about Doamne, nu se poate a\u0219a ceva! A mvrit Cornel\u2026 Vezi mai mult\">Read more<\/a><\/p>\n","protected":false},"author":1,"featured_media":0,"comment_status":"open","ping_status":"open","sticky":false,"template":"","format":"standard","meta":{"footnotes":""},"categories":[1],"tags":[],"class_list":["post-5767","post","type-post","status-publish","format-standard","hentry","category-uncategorized"],"_links":{"self":[{"href":"https:\/\/stiri-faine.com\/index.php?rest_route=\/wp\/v2\/posts\/5767","targetHints":{"allow":["GET"]}}],"collection":[{"href":"https:\/\/stiri-faine.com\/index.php?rest_route=\/wp\/v2\/posts"}],"about":[{"href":"https:\/\/stiri-faine.com\/index.php?rest_route=\/wp\/v2\/types\/post"}],"author":[{"embeddable":true,"href":"https:\/\/stiri-faine.com\/index.php?rest_route=\/wp\/v2\/users\/1"}],"replies":[{"embeddable":true,"href":"https:\/\/stiri-faine.com\/index.php?rest_route=%2Fwp%2Fv2%2Fcomments&post=5767"}],"version-history":[{"count":1,"href":"https:\/\/stiri-faine.com\/index.php?rest_route=\/wp\/v2\/posts\/5767\/revisions"}],"predecessor-version":[{"id":5769,"href":"https:\/\/stiri-faine.com\/index.php?rest_route=\/wp\/v2\/posts\/5767\/revisions\/5769"}],"wp:attachment":[{"href":"https:\/\/stiri-faine.com\/index.php?rest_route=%2Fwp%2Fv2%2Fmedia&parent=5767"}],"wp:term":[{"taxonomy":"category","embeddable":true,"href":"https:\/\/stiri-faine.com\/index.php?rest_route=%2Fwp%2Fv2%2Fcategories&post=5767"},{"taxonomy":"post_tag","embeddable":true,"href":"https:\/\/stiri-faine.com\/index.php?rest_route=%2Fwp%2Fv2%2Ftags&post=5767"}],"curies":[{"name":"wp","href":"https:\/\/api.w.org\/{rel}","templated":true}]}}